{"id":18399,"date":"2026-01-13T07:46:02","date_gmt":"2026-01-13T06:46:02","guid":{"rendered":"https:\/\/aleeknews.com\/4l33k5\/2026\/01\/13\/el-borrador-de-la-reforma-contributiva-esta-listo-pero-hacienda-desconoce-cuando-se-enviara-a-la-legislatura\/"},"modified":"2026-01-13T07:46:02","modified_gmt":"2026-01-13T06:46:02","slug":"el-borrador-de-la-reforma-contributiva-esta-listo-pero-hacienda-desconoce-cuando-se-enviara-a-la-legislatura","status":"publish","type":"post","link":"https:\/\/aleeknews.com\/4l33k5\/2026\/01\/13\/el-borrador-de-la-reforma-contributiva-esta-listo-pero-hacienda-desconoce-cuando-se-enviara-a-la-legislatura\/","title":{"rendered":"El borrador de la reforma contributiva est\u00e1 listo, pero Hacienda desconoce cu\u00e1ndo se enviar\u00e1 a la Legislatura"},"content":{"rendered":"<div>\n<div data-testid=\"global-header-test\" data-fusion-lazy-id=\"f0f5G41E11Y61Ck\">\n<hr>\n<p><span>Bolsa de valores <b>06:45 AM<\/b><\/span><\/p>\n<\/div>\n<div>\n<div data-fusion-lazy-id=\"f0f9tfiOw0362nv\">\n<div class>\n<p><a href=\"https:\/\/thetrustproject.org\/\"><img decoding=\"async\" src=\"https:\/\/www.elnuevodia.com\/pf\/resources\/v2\/icons\/trust-icon.svg?d=219\"><\/a><\/p>\n<div>\n<p>Noticia<\/p>\n<div>\n<p>Basado en hechos que el periodista haya observado y verificado de primera mano, o en informaci\u00f3n verificada que proviene de fuentes bien informadas.<\/p>\n<\/div>\n<\/div>\n<\/div>\n<div>\n<h2>El secretario \u00c1ngel Pantoja Rodr\u00edguez expres\u00f3 que, al momento, no cuenta con informaci\u00f3n sobre si el proyecto que espera la comunidad empresarial se ver\u00e1 en una sesi\u00f3n extraordinaria<\/h2>\n<div>\n<p>13 de noviembre de 2025 &#8211; 6:30 PM<\/p>\n<\/div>\n<div>\n<p><b>Archivo<\/b><\/p>\n<p>Esta historia fue publicada hace m\u00e1s de 2 meses.<\/p>\n<\/div>\n<\/div>\n<\/div>\n<div data-fusion-lazy-id=\"f0f8wxHIPTYNet\">\n<div><picture><source media=\"(max-width: 375px)\" ><source media=\"(max-width: 767px)\" ><source media=\"(max-width: 1023px)\" ><source ><\/picture><figcaption>El secretario de Hacienda, \u00c1ngel Pantoja, reiter\u00f3 que la reforma tendr\u00e1 la prioridad de \u201creducir la carga contributiva de individuos y de negocios, corporaciones\u201d.  <span>(Suministrada)<\/span><\/figcaption><\/div>\n<div>\n<p><img decoding=\"async\" alt=\"Sharon Minelli P\u00e9rez\" src=\"https:\/\/www.elnuevodia.com\/resizer\/v2\/https%3A%2F%2Fs3.amazonaws.com%2Farc-authors%2Fgfrmedia%2F8e50d93e-0a9f-40ca-bda3-a3fc69f705fa.png?auth=ca40016ef4aff5e1315ee2650a1e5df14a4ccd8bb305ec40f5454f7dd1dccc4a&#038;quality=75&#038;smart=true&#038;width=170&#038;height=147\"><\/p>\n<\/div>\n<div>\n<p><b>Con un borrador listo y consultado con su agencia, el secretario de Hacienda, \u00c1ngel L. Pantoja Rodr\u00edguez, dijo desconocer cu\u00e1ndo la administraci\u00f3n de la gobernadora <\/b><a href=\"https:\/\/www.elnuevodia.com\/topicos\/jenniffer-gonzalez\" target=\"_self\" rel title=\"https:\/\/www.elnuevodia.com\/topicos\/jenniffer-gonzalez\"><b>Jenniffer Gonz\u00e1lez<\/b><\/a><b> tiene pensado presentar la medida ante la Legislatura. <\/b><\/p>\n<\/div>\n<\/div>\n<section>\n<header><span>Popular en la Comunidad<\/span><\/header>\n<\/section>\n<\/div>\n<\/div>\n\n    <div class=\"xs_social_share_widget xs_share_url after_content \t\tmain_content  wslu-style-1 wslu-share-box-shaped wslu-fill-colored wslu-none wslu-share-horizontal wslu-theme-font-no wslu-main_content\">\n\n\t\t\n        <ul>\n\t\t\t        <\/ul>\n    <\/div> \n","protected":false},"excerpt":{"rendered":"<p>Bolsa de valores 06:45 AM Noticia Basado en hechos que el periodista haya observado y verificado de primera mano, o en informaci\u00f3n verificada que proviene de fuentes bien informadas. El secretario \u00c1ngel Pantoja Rodr\u00edguez expres\u00f3 que, al momento, no cuenta con informaci\u00f3n sobre si el proyecto que espera la comunidad empresarial se ver\u00e1 en una<\/p>\n","protected":false},"author":2,"featured_media":18400,"comment_status":"open","ping_status":"open","sticky":false,"template":"","format":"standard","meta":{"om_disable_all_campaigns":false,"_monsterinsights_skip_tracking":false,"_monsterinsights_sitenote_active":false,"_monsterinsights_sitenote_note":"","_monsterinsights_sitenote_category":0,"footnotes":""},"categories":[5],"tags":[],"class_list":["post-18399","post","type-post","status-publish","format-standard","has-post-thumbnail","hentry","category-negocios"],"aioseo_notices":[],"_links":{"self":[{"href":"https:\/\/aleeknews.com\/4l33k5\/wp-json\/wp\/v2\/posts\/18399","targetHints":{"allow":["GET"]}}],"collection":[{"href":"https:\/\/aleeknews.com\/4l33k5\/wp-json\/wp\/v2\/posts"}],"about":[{"href":"https:\/\/aleeknews.com\/4l33k5\/wp-json\/wp\/v2\/types\/post"}],"author":[{"embeddable":true,"href":"https:\/\/aleeknews.com\/4l33k5\/wp-json\/wp\/v2\/users\/2"}],"replies":[{"embeddable":true,"href":"https:\/\/aleeknews.com\/4l33k5\/wp-json\/wp\/v2\/comments?post=18399"}],"version-history":[{"count":0,"href":"https:\/\/aleeknews.com\/4l33k5\/wp-json\/wp\/v2\/posts\/18399\/revisions"}],"wp:featuredmedia":[{"embeddable":true,"href":"https:\/\/aleeknews.com\/4l33k5\/wp-json\/wp\/v2\/media\/18400"}],"wp:attachment":[{"href":"https:\/\/aleeknews.com\/4l33k5\/wp-json\/wp\/v2\/media?parent=18399"}],"wp:term":[{"taxonomy":"category","embeddable":true,"href":"https:\/\/aleeknews.com\/4l33k5\/wp-json\/wp\/v2\/categories?post=18399"},{"taxonomy":"post_tag","embeddable":true,"href":"https:\/\/aleeknews.com\/4l33k5\/wp-json\/wp\/v2\/tags?post=18399"}],"curies":[{"name":"wp","href":"https:\/\/api.w.org\/{rel}","templated":true}]}}