{"id":18398,"date":"2026-01-13T07:46:03","date_gmt":"2026-01-13T06:46:03","guid":{"rendered":"https:\/\/aleeknews.com\/4l33k5\/2026\/01\/13\/lo-que-debes-saber-de-la-propuesta-contributiva-de-la-gobernadora-2\/"},"modified":"2026-01-13T07:46:03","modified_gmt":"2026-01-13T06:46:03","slug":"lo-que-debes-saber-de-la-propuesta-contributiva-de-la-gobernadora-2","status":"publish","type":"post","link":"https:\/\/aleeknews.com\/4l33k5\/2026\/01\/13\/lo-que-debes-saber-de-la-propuesta-contributiva-de-la-gobernadora-2\/","title":{"rendered":"Lo que debes saber de la propuesta contributiva de la gobernadora"},"content":{"rendered":"<div>\n<div data-testid=\"global-header-test\" data-fusion-lazy-id=\"f0f5G41E11Y61Ck\">\n<hr>\n<p><span>Bolsa de valores <b>06:42 AM<\/b><\/span><\/p>\n<\/div>\n<div>\n<div data-fusion-lazy-id=\"f0f9tfiOw0362nv\">\n<div class>\n<p><a href=\"https:\/\/thetrustproject.org\/\"><img decoding=\"async\" src=\"https:\/\/www.elnuevodia.com\/pf\/resources\/v2\/icons\/trust-icon.svg?d=219\"><\/a><\/p>\n<div>\n<p>Noticia<\/p>\n<div>\n<p>Basado en hechos que el periodista haya observado y verificado de primera mano, o en informaci\u00f3n verificada que proviene de fuentes bien informadas.<\/p>\n<\/div>\n<\/div>\n<\/div>\n<div>\n<h2>El contador p\u00fablico autorizado Kenneth Rivera Robles explic\u00f3 las propuestas y lo que implican para los contribuyentes si se aprueba el proyecto en la Legislatura<\/h2>\n<div>\n<p>12 de enero de 2026 &#8211; 12:45 PM<\/p>\n<\/div>\n<\/div>\n<\/div>\n<div data-fusion-lazy-id=\"f0f8wxHIPTYNet\">\n<div><picture><source media=\"(max-width: 375px)\" ><source media=\"(max-width: 767px)\" ><source media=\"(max-width: 1023px)\" ><source ><\/picture><figcaption>El proyecto radicado este lunes por la gobernadora Jenniffer Gonz\u00e1lez, contiene un aumento en la deducci\u00f3n por dependiente.  <span>(alexis.cedeno)<\/span><\/figcaption><\/div>\n<div>\n<p><img decoding=\"async\" alt=\"Maricarmen Rivera S\u00e1nchez\" src=\"https:\/\/www.elnuevodia.com\/resizer\/v2\/https%3A%2F%2Fauthor-service-images-prod-us-east-1.publishing.aws.arc.pub%2Fgfrmedia%2Fd7e09b7c-e3ac-42d9-9b55-fd4ec60fdd8e.png?auth=473195d231d90ef88f73011702b0a9dfb1fd392b4b707b9f977bd57796ae2b6e&#038;quality=75&#038;smart=true&#038;width=170&#038;height=147\"><\/p>\n<\/div>\n<div>\n<p>El proyecto de enmiendas contributivas radicado este lunes por la gobernadora Jenniffer Gonz\u00e1lez Col\u00f3n ajusta las tasas de individuos y aumenta las deducciones por dependientes. <b>De ser aprobado a tiempo en la Legislatura, las nuevas medidas entrar\u00edan en vigor para las planillas que deben estar radicadas este pr\u00f3ximo abril.<\/b><\/p>\n<\/div>\n<\/div>\n<section>\n<header><span>Popular en la Comunidad<\/span><\/header>\n<\/section>\n<\/div>\n<\/div>\n\n    <div class=\"xs_social_share_widget xs_share_url after_content \t\tmain_content  wslu-style-1 wslu-share-box-shaped wslu-fill-colored wslu-none wslu-share-horizontal wslu-theme-font-no wslu-main_content\">\n\n\t\t\n        <ul>\n\t\t\t        <\/ul>\n    <\/div> \n","protected":false},"excerpt":{"rendered":"<p>Bolsa de valores 06:42 AM Noticia Basado en hechos que el periodista haya observado y verificado de primera mano, o en informaci\u00f3n verificada que proviene de fuentes bien informadas. El contador p\u00fablico autorizado Kenneth Rivera Robles explic\u00f3 las propuestas y lo que implican para los contribuyentes si se aprueba el proyecto en la Legislatura 12<\/p>\n","protected":false},"author":2,"featured_media":0,"comment_status":"open","ping_status":"open","sticky":false,"template":"","format":"standard","meta":{"om_disable_all_campaigns":false,"_monsterinsights_skip_tracking":false,"_monsterinsights_sitenote_active":false,"_monsterinsights_sitenote_note":"","_monsterinsights_sitenote_category":0,"footnotes":""},"categories":[5],"tags":[],"class_list":["post-18398","post","type-post","status-publish","format-standard","hentry","category-negocios"],"aioseo_notices":[],"_links":{"self":[{"href":"https:\/\/aleeknews.com\/4l33k5\/wp-json\/wp\/v2\/posts\/18398","targetHints":{"allow":["GET"]}}],"collection":[{"href":"https:\/\/aleeknews.com\/4l33k5\/wp-json\/wp\/v2\/posts"}],"about":[{"href":"https:\/\/aleeknews.com\/4l33k5\/wp-json\/wp\/v2\/types\/post"}],"author":[{"embeddable":true,"href":"https:\/\/aleeknews.com\/4l33k5\/wp-json\/wp\/v2\/users\/2"}],"replies":[{"embeddable":true,"href":"https:\/\/aleeknews.com\/4l33k5\/wp-json\/wp\/v2\/comments?post=18398"}],"version-history":[{"count":0,"href":"https:\/\/aleeknews.com\/4l33k5\/wp-json\/wp\/v2\/posts\/18398\/revisions"}],"wp:attachment":[{"href":"https:\/\/aleeknews.com\/4l33k5\/wp-json\/wp\/v2\/media?parent=18398"}],"wp:term":[{"taxonomy":"category","embeddable":true,"href":"https:\/\/aleeknews.com\/4l33k5\/wp-json\/wp\/v2\/categories?post=18398"},{"taxonomy":"post_tag","embeddable":true,"href":"https:\/\/aleeknews.com\/4l33k5\/wp-json\/wp\/v2\/tags?post=18398"}],"curies":[{"name":"wp","href":"https:\/\/api.w.org\/{rel}","templated":true}]}}