{"id":18397,"date":"2026-01-13T07:46:04","date_gmt":"2026-01-13T06:46:04","guid":{"rendered":"https:\/\/aleeknews.com\/4l33k5\/2026\/01\/13\/punto-por-punto-el-proyecto-de-enmiendas-al-codigo-de-rentas-internas-2\/"},"modified":"2026-01-13T07:46:04","modified_gmt":"2026-01-13T06:46:04","slug":"punto-por-punto-el-proyecto-de-enmiendas-al-codigo-de-rentas-internas-2","status":"publish","type":"post","link":"https:\/\/aleeknews.com\/4l33k5\/2026\/01\/13\/punto-por-punto-el-proyecto-de-enmiendas-al-codigo-de-rentas-internas-2\/","title":{"rendered":"Punto por punto el proyecto de enmiendas al C\u00f3digo de Rentas Internas"},"content":{"rendered":"<div>\n<div data-testid=\"global-header-test\" data-fusion-lazy-id=\"f0f5G41E11Y61Ck\">\n<hr>\n<p><span>Bolsa de valores <b>06:36 AM<\/b><\/span><\/p>\n<\/div>\n<div>\n<div data-fusion-lazy-id=\"f0f9tfiOw0362nv\">\n<div class>\n<p><a href=\"https:\/\/thetrustproject.org\/\"><img decoding=\"async\" src=\"https:\/\/www.elnuevodia.com\/pf\/resources\/v2\/icons\/trust-icon.svg?d=219\"><\/a><\/p>\n<div>\n<p>Noticia<\/p>\n<div>\n<p>Basado en hechos que el periodista haya observado y verificado de primera mano, o en informaci\u00f3n verificada que proviene de fuentes bien informadas.<\/p>\n<\/div>\n<\/div>\n<\/div>\n<div>\n<h2>Entre los cambios propuestos en el proyecto que la gobernadora Jenniffer Gonz\u00e1lez envi\u00f3 hoy a la Legislatura est\u00e1 el aumento a la deducci\u00f3n por dependiente de $2,500 a $5,000 <\/h2>\n<div>\n<p>12 de enero de 2026 &#8211; 3:30 PM<\/p>\n<\/div>\n<\/div>\n<\/div>\n<div data-fusion-lazy-id=\"f0f8wxHIPTYNet\">\n<div><picture><source media=\"(max-width: 375px)\" ><source media=\"(max-width: 767px)\" ><source media=\"(max-width: 1023px)\" ><source ><\/picture><figcaption>Los equipos solares el\u00e9ctricos que ahora no pagan IVU, s\u00ed lo pagar\u00edan bajo la propuesta de la gobernadora. Esto lo define como \u201cequipos solares el\u00e9ctricos utilizados para producir y almacenar energ\u00eda el\u00e9ctrica, incluyendo sus accesorios y piezas, siempre que sean necesarios para que estos puedan cumplir con tal prop\u00f3sito y el arrendamiento de los mismos\u201d. <span>(Alejandro Granadillo)<\/span><\/figcaption><\/div>\n<div>\n<p><img decoding=\"async\" alt=\"Maricarmen Rivera S\u00e1nchez\" src=\"https:\/\/www.elnuevodia.com\/resizer\/v2\/https%3A%2F%2Fauthor-service-images-prod-us-east-1.publishing.aws.arc.pub%2Fgfrmedia%2Fd7e09b7c-e3ac-42d9-9b55-fd4ec60fdd8e.png?auth=473195d231d90ef88f73011702b0a9dfb1fd392b4b707b9f977bd57796ae2b6e&#038;quality=75&#038;smart=true&#038;width=170&#038;height=147\"><\/p>\n<\/div>\n<div>\n<p>La gobernadora Jenniffer Gonz\u00e1lez Col\u00f3n present\u00f3 este lunes a la Asamblea Legislativa un proyecto de enmiendas al C\u00f3digo de Rentas Internas que, entre otras cosas, ampl\u00eda la base de contribuyentes que no pagar\u00e1n contribuciones al fisco y aumenta las deducciones por contribuyentes.<\/p>\n<\/div>\n<\/div>\n<section>\n<header><span>Popular en la Comunidad<\/span><\/header>\n<\/section>\n<\/div>\n<\/div>\n\n    <div class=\"xs_social_share_widget xs_share_url after_content \t\tmain_content  wslu-style-1 wslu-share-box-shaped wslu-fill-colored wslu-none wslu-share-horizontal wslu-theme-font-no wslu-main_content\">\n\n\t\t\n        <ul>\n\t\t\t        <\/ul>\n    <\/div> \n","protected":false},"excerpt":{"rendered":"<p>Bolsa de valores 06:36 AM Noticia Basado en hechos que el periodista haya observado y verificado de primera mano, o en informaci\u00f3n verificada que proviene de fuentes bien informadas. Entre los cambios propuestos en el proyecto que la gobernadora Jenniffer Gonz\u00e1lez envi\u00f3 hoy a la Legislatura est\u00e1 el aumento a la deducci\u00f3n por dependiente de<\/p>\n","protected":false},"author":2,"featured_media":18395,"comment_status":"open","ping_status":"open","sticky":false,"template":"","format":"standard","meta":{"om_disable_all_campaigns":false,"_monsterinsights_skip_tracking":false,"_monsterinsights_sitenote_active":false,"_monsterinsights_sitenote_note":"","_monsterinsights_sitenote_category":0,"footnotes":""},"categories":[5],"tags":[],"class_list":["post-18397","post","type-post","status-publish","format-standard","has-post-thumbnail","hentry","category-negocios"],"aioseo_notices":[],"_links":{"self":[{"href":"https:\/\/aleeknews.com\/4l33k5\/wp-json\/wp\/v2\/posts\/18397","targetHints":{"allow":["GET"]}}],"collection":[{"href":"https:\/\/aleeknews.com\/4l33k5\/wp-json\/wp\/v2\/posts"}],"about":[{"href":"https:\/\/aleeknews.com\/4l33k5\/wp-json\/wp\/v2\/types\/post"}],"author":[{"embeddable":true,"href":"https:\/\/aleeknews.com\/4l33k5\/wp-json\/wp\/v2\/users\/2"}],"replies":[{"embeddable":true,"href":"https:\/\/aleeknews.com\/4l33k5\/wp-json\/wp\/v2\/comments?post=18397"}],"version-history":[{"count":0,"href":"https:\/\/aleeknews.com\/4l33k5\/wp-json\/wp\/v2\/posts\/18397\/revisions"}],"wp:featuredmedia":[{"embeddable":true,"href":"https:\/\/aleeknews.com\/4l33k5\/wp-json\/wp\/v2\/media\/18395"}],"wp:attachment":[{"href":"https:\/\/aleeknews.com\/4l33k5\/wp-json\/wp\/v2\/media?parent=18397"}],"wp:term":[{"taxonomy":"category","embeddable":true,"href":"https:\/\/aleeknews.com\/4l33k5\/wp-json\/wp\/v2\/categories?post=18397"},{"taxonomy":"post_tag","embeddable":true,"href":"https:\/\/aleeknews.com\/4l33k5\/wp-json\/wp\/v2\/tags?post=18397"}],"curies":[{"name":"wp","href":"https:\/\/api.w.org\/{rel}","templated":true}]}}