{"id":18392,"date":"2026-01-13T07:46:07","date_gmt":"2026-01-13T06:46:07","guid":{"rendered":"https:\/\/aleeknews.com\/4l33k5\/2026\/01\/13\/carros-hibridos-y-electricos-se-quedarian-sin-la-exencion-del-pago-de-arbitrios\/"},"modified":"2026-01-13T07:46:07","modified_gmt":"2026-01-13T06:46:07","slug":"carros-hibridos-y-electricos-se-quedarian-sin-la-exencion-del-pago-de-arbitrios","status":"publish","type":"post","link":"https:\/\/aleeknews.com\/4l33k5\/2026\/01\/13\/carros-hibridos-y-electricos-se-quedarian-sin-la-exencion-del-pago-de-arbitrios\/","title":{"rendered":"Carros h\u00edbridos y el\u00e9ctricos se quedar\u00edan sin la exenci\u00f3n del pago de arbitrios"},"content":{"rendered":"<div>\n<div data-testid=\"global-header-test\" data-fusion-lazy-id=\"f0f5G41E11Y61Ck\">\n<hr>\n<p><span>Bolsa de valores <b>06:33 AM<\/b><\/span><\/p>\n<\/div>\n<div>\n<div data-fusion-lazy-id=\"f0f9tfiOw0362nv\">\n<div class>\n<p><a href=\"https:\/\/thetrustproject.org\/\"><img decoding=\"async\" src=\"https:\/\/www.elnuevodia.com\/pf\/resources\/v2\/icons\/trust-icon.svg?d=219\"><\/a><\/p>\n<div>\n<p>Noticia<\/p>\n<div>\n<p>Basado en hechos que el periodista haya observado y verificado de primera mano, o en informaci\u00f3n verificada que proviene de fuentes bien informadas.<\/p>\n<\/div>\n<\/div>\n<\/div>\n<div>\n<h2>El proyecto de reforma contributiva del gobierno propone dejar sin efecto el beneficio tan pronto como en verano pr\u00f3ximo<\/h2>\n<div>\n<p>12 de enero de 2026 &#8211; 4:30 PM<\/p>\n<\/div>\n<\/div>\n<\/div>\n<div data-fusion-lazy-id=\"f0f8wxHIPTYNet\">\n<div><picture><source media=\"(max-width: 375px)\" ><source media=\"(max-width: 767px)\" ><source media=\"(max-width: 1023px)\" ><source ><\/picture><figcaption>En 2024, se vendieron 8,069 autos ecoamigables: h\u00edbridos, PHEVs y EVs. <span>(The Associated Press)<\/span><\/figcaption><\/div>\n<div>\n<p><img decoding=\"async\" alt=\"Jos\u00e9 Orlando Delgado Rivera\" src=\"https:\/\/www.elnuevodia.com\/resizer\/v2\/https%3A%2F%2Fauthor-service-images-prod-us-east-1.publishing.aws.arc.pub%2Fgfrmedia%2F2b8b5e66-e7c1-4688-835e-191edae0ddfc.png?auth=5b4a7e8f482dddd87f58128de8eceac558550d1b57d5661fab3e195e38c75053&#038;quality=75&#038;smart=true&#038;width=170&#038;height=147\"><\/p>\n<\/div>\n<div>\n<p>El <a href=\"https:\/\/www.elnuevodia.com\/topicos\/reforma-contributiva\/\" target=\"_blank\" rel=\"noreferrer\" title=\"https:\/\/www.elnuevodia.com\/topicos\/reforma-contributiva\/\">Proyecto del Senado 912<\/a>, que busca reformar el sistema contributivo en Puerto Rico, propone eliminar la exenci\u00f3n del pago de arbitrios aplicable a los carros h\u00edbridos y el\u00e9ctricos.<\/p>\n<\/div>\n<\/div>\n<section>\n<header><span>Popular en la Comunidad<\/span><\/header>\n<\/section>\n<\/div>\n<\/div>\n\n    <div class=\"xs_social_share_widget xs_share_url after_content \t\tmain_content  wslu-style-1 wslu-share-box-shaped wslu-fill-colored wslu-none wslu-share-horizontal wslu-theme-font-no wslu-main_content\">\n\n\t\t\n        <ul>\n\t\t\t        <\/ul>\n    <\/div> \n","protected":false},"excerpt":{"rendered":"<p>Bolsa de valores 06:33 AM Noticia Basado en hechos que el periodista haya observado y verificado de primera mano, o en informaci\u00f3n verificada que proviene de fuentes bien informadas. El proyecto de reforma contributiva del gobierno propone dejar sin efecto el beneficio tan pronto como en verano pr\u00f3ximo 12 de enero de 2026 &#8211; 4:30<\/p>\n","protected":false},"author":2,"featured_media":18393,"comment_status":"open","ping_status":"open","sticky":false,"template":"","format":"standard","meta":{"om_disable_all_campaigns":false,"_monsterinsights_skip_tracking":false,"_monsterinsights_sitenote_active":false,"_monsterinsights_sitenote_note":"","_monsterinsights_sitenote_category":0,"footnotes":""},"categories":[5],"tags":[],"class_list":["post-18392","post","type-post","status-publish","format-standard","has-post-thumbnail","hentry","category-negocios"],"aioseo_notices":[],"_links":{"self":[{"href":"https:\/\/aleeknews.com\/4l33k5\/wp-json\/wp\/v2\/posts\/18392","targetHints":{"allow":["GET"]}}],"collection":[{"href":"https:\/\/aleeknews.com\/4l33k5\/wp-json\/wp\/v2\/posts"}],"about":[{"href":"https:\/\/aleeknews.com\/4l33k5\/wp-json\/wp\/v2\/types\/post"}],"author":[{"embeddable":true,"href":"https:\/\/aleeknews.com\/4l33k5\/wp-json\/wp\/v2\/users\/2"}],"replies":[{"embeddable":true,"href":"https:\/\/aleeknews.com\/4l33k5\/wp-json\/wp\/v2\/comments?post=18392"}],"version-history":[{"count":0,"href":"https:\/\/aleeknews.com\/4l33k5\/wp-json\/wp\/v2\/posts\/18392\/revisions"}],"wp:featuredmedia":[{"embeddable":true,"href":"https:\/\/aleeknews.com\/4l33k5\/wp-json\/wp\/v2\/media\/18393"}],"wp:attachment":[{"href":"https:\/\/aleeknews.com\/4l33k5\/wp-json\/wp\/v2\/media?parent=18392"}],"wp:term":[{"taxonomy":"category","embeddable":true,"href":"https:\/\/aleeknews.com\/4l33k5\/wp-json\/wp\/v2\/categories?post=18392"},{"taxonomy":"post_tag","embeddable":true,"href":"https:\/\/aleeknews.com\/4l33k5\/wp-json\/wp\/v2\/tags?post=18392"}],"curies":[{"name":"wp","href":"https:\/\/api.w.org\/{rel}","templated":true}]}}