{"id":18381,"date":"2026-01-13T07:44:55","date_gmt":"2026-01-13T06:44:55","guid":{"rendered":"https:\/\/aleeknews.com\/4l33k5\/2026\/01\/13\/tras-acusacion-formal-propietarios-de-la-discoteca-jet-set-confian-en-que-la-verdad-saldra-a-la-luz-2\/"},"modified":"2026-01-13T07:44:55","modified_gmt":"2026-01-13T06:44:55","slug":"tras-acusacion-formal-propietarios-de-la-discoteca-jet-set-confian-en-que-la-verdad-saldra-a-la-luz-2","status":"publish","type":"post","link":"https:\/\/aleeknews.com\/4l33k5\/2026\/01\/13\/tras-acusacion-formal-propietarios-de-la-discoteca-jet-set-confian-en-que-la-verdad-saldra-a-la-luz-2\/","title":{"rendered":"Tras acusaci\u00f3n formal: propietarios de la discoteca Jet Set conf\u00edan en que \u201cla verdad saldr\u00e1 a la luz\u201d"},"content":{"rendered":"<div>\n<div data-fusion-lazy-id=\"f0fQYcNoHQKSGL\">\n<div class>\n<p><a href=\"https:\/\/thetrustproject.org\/\"><img decoding=\"async\" src=\"https:\/\/www.elnuevodia.com\/pf\/resources\/v2\/icons\/trust-icon.svg?d=219\"><\/a><\/p>\n<div>\n<p>Servicio de noticias<\/p>\n<div>\n<p>Producido externamente por una organizaci\u00f3n que confiamos cumple con las normas period\u00edsticas.<\/p>\n<\/div>\n<\/div>\n<\/div>\n<div>\n<h2>Los empresarios Antonio y Maribel Espaillat incurrieron en homicidio involuntario, seg\u00fan el Ministerio P\u00fablico dominicano<\/h2>\n<div>\n<p>9 de noviembre de 2025 &#8211; 1:51 PM<\/p>\n<\/div>\n<div>\n<p><b>Archivo<\/b><\/p>\n<p>Esta historia fue publicada hace m\u00e1s de 2 meses.<\/p>\n<\/div>\n<\/div>\n<\/div>\n<div data-fusion-lazy-id=\"f0fIYaQF9GLV14D\">\n<div><picture><source media=\"(max-width: 375px)\" ><source media=\"(max-width: 767px)\" ><source media=\"(max-width: 1023px)\" ><source ><\/picture><figcaption>El techo de la discoteca Jet Set colaps\u00f3 la madrugada del martes, 8 de abril de 2025, acabando con la vida de 236 personas e hiriendo a otras 100. <span>(List\u00edn Diario \/ GDA)<\/span><\/figcaption><\/div>\n<div>\n<p><span>Por <b><\/b><b>List\u00edn Diario \/ GDA<\/b><\/span><\/p>\n<p><span>Peri\u00f3dico miembro del Grupo de Diarios Am\u00e9rica<\/span><\/p>\n<\/div>\n<div>\n<p>Este viernes se dio a conocer que el <b>Ministerio P\u00fablico <\/b>deposit\u00f3 la acusaci\u00f3n formal contra los empresarios Antonio y Maribel Espaillat, propietarios de la discoteca <b>Jet Set<\/b>,<a href=\"https:\/\/www.elnuevodia.com\/noticias\/mundo\/notas\/por-que-colapso-el-techo-de-la-discoteca-jet-set-en-republica-dominicana\/\" target=\"_self\" rel title=\"https:\/\/www.elnuevodia.com\/noticias\/mundo\/notas\/por-que-colapso-el-techo-de-la-discoteca-jet-set-en-republica-dominicana\/\"> cuyo techo colaps\u00f3 la madrugada del martes, 8 de abril<\/a>, acabando con la vida de 236 personas e hiriendo a otras 100.<\/p>\n<\/div>\n<\/div>\n<section>\n<header><span>Popular en la Comunidad<\/span><\/header>\n<\/section>\n<\/div>\n\n    <div class=\"xs_social_share_widget xs_share_url after_content \t\tmain_content  wslu-style-1 wslu-share-box-shaped wslu-fill-colored wslu-none wslu-share-horizontal wslu-theme-font-no wslu-main_content\">\n\n\t\t\n        <ul>\n\t\t\t        <\/ul>\n    <\/div> \n","protected":false},"excerpt":{"rendered":"<p>Servicio de noticias Producido externamente por una organizaci\u00f3n que confiamos cumple con las normas period\u00edsticas. Los empresarios Antonio y Maribel Espaillat incurrieron en homicidio involuntario, seg\u00fan el Ministerio P\u00fablico dominicano 9 de noviembre de 2025 &#8211; 1:51 PM Archivo Esta historia fue publicada hace m\u00e1s de 2 meses. El techo de la discoteca Jet Set<\/p>\n","protected":false},"author":2,"featured_media":18373,"comment_status":"open","ping_status":"open","sticky":false,"template":"","format":"standard","meta":{"om_disable_all_campaigns":false,"_monsterinsights_skip_tracking":false,"_monsterinsights_sitenote_active":false,"_monsterinsights_sitenote_note":"","_monsterinsights_sitenote_category":0,"footnotes":""},"categories":[10],"tags":[],"class_list":["post-18381","post","type-post","status-publish","format-standard","has-post-thumbnail","hentry","category-mundo"],"aioseo_notices":[],"_links":{"self":[{"href":"https:\/\/aleeknews.com\/4l33k5\/wp-json\/wp\/v2\/posts\/18381","targetHints":{"allow":["GET"]}}],"collection":[{"href":"https:\/\/aleeknews.com\/4l33k5\/wp-json\/wp\/v2\/posts"}],"about":[{"href":"https:\/\/aleeknews.com\/4l33k5\/wp-json\/wp\/v2\/types\/post"}],"author":[{"embeddable":true,"href":"https:\/\/aleeknews.com\/4l33k5\/wp-json\/wp\/v2\/users\/2"}],"replies":[{"embeddable":true,"href":"https:\/\/aleeknews.com\/4l33k5\/wp-json\/wp\/v2\/comments?post=18381"}],"version-history":[{"count":0,"href":"https:\/\/aleeknews.com\/4l33k5\/wp-json\/wp\/v2\/posts\/18381\/revisions"}],"wp:featuredmedia":[{"embeddable":true,"href":"https:\/\/aleeknews.com\/4l33k5\/wp-json\/wp\/v2\/media\/18373"}],"wp:attachment":[{"href":"https:\/\/aleeknews.com\/4l33k5\/wp-json\/wp\/v2\/media?parent=18381"}],"wp:term":[{"taxonomy":"category","embeddable":true,"href":"https:\/\/aleeknews.com\/4l33k5\/wp-json\/wp\/v2\/categories?post=18381"},{"taxonomy":"post_tag","embeddable":true,"href":"https:\/\/aleeknews.com\/4l33k5\/wp-json\/wp\/v2\/tags?post=18381"}],"curies":[{"name":"wp","href":"https:\/\/api.w.org\/{rel}","templated":true}]}}