{"id":18370,"date":"2026-01-13T07:45:01","date_gmt":"2026-01-13T06:45:01","guid":{"rendered":"https:\/\/aleeknews.com\/4l33k5\/2026\/01\/13\/boten-la-llave-familiares-de-las-236-victimas-en-la-discoteca-jet-set-en-santo-domingo-claman-justicia\/"},"modified":"2026-01-13T07:45:01","modified_gmt":"2026-01-13T06:45:01","slug":"boten-la-llave-familiares-de-las-236-victimas-en-la-discoteca-jet-set-en-santo-domingo-claman-justicia","status":"publish","type":"post","link":"https:\/\/aleeknews.com\/4l33k5\/2026\/01\/13\/boten-la-llave-familiares-de-las-236-victimas-en-la-discoteca-jet-set-en-santo-domingo-claman-justicia\/","title":{"rendered":"\u201cBoten la llave\u201d: familiares de las 236 v\u00edctimas en la discoteca Jet Set en Santo Domingo claman justicia"},"content":{"rendered":"<div>\n<p>Santo Domingo &#8211; Familiares de las v\u00edctimas de la discoteca Jet Set, en Santo Domingo, cuyo techo se desplom\u00f3 el pasado 8 de abril causando la muerte de 236 personas y heridas a m\u00e1s de 180, clamaron este lunes justicia, <a href=\"https:\/\/www.elnuevodia.com\/noticias\/mundo\/notas\/el-juicio-por-el-colapso-de-la-discoteca-jet-set-iniciara-el-12-de-enero-en-republica-dominicana\/\" target=\"_self\" rel title=\"https:\/\/www.elnuevodia.com\/noticias\/mundo\/notas\/el-juicio-por-el-colapso-de-la-discoteca-jet-set-iniciara-el-12-de-enero-en-republica-dominicana\/\">coincidiendo con el inicio del juicio preliminar<\/a> en contra de los hermanos Antonio y Maribel Espaillat, propietarios del centro nocturno.<\/p>\n<p><b>\u201cNosotros como padres estamos sedientos de justicia y queremos que se haga justicia\u201d<\/b>, dijo a su llegada al Palacio de Justicia de la capital dominicana Wilton Tejeda, quien perdi\u00f3 a su hija, de 26 a\u00f1os y m\u00e9dica, que acudi\u00f3 a la discoteca en compa\u00f1\u00eda de otras cuatro personas que tambi\u00e9n murieron.<\/p>\n<p>Tejeda se\u00f1al\u00f3 a la prensa que este caso \u201cno es fortuito en Rep\u00fablica Dominicana\u201d porque, \u201clos propietarios ten\u00edan conocimiento de las debilidades que exist\u00edan en ese local, que antes era un cine y lo modificaron seg\u00fan su criterio, sin ninguna log\u00edstica de profesionales para convertirlo en una discoteca\u201d.<\/p>\n<div>\n<p><b>1 \/ 18 | <\/b><span> Entre l\u00e1grimas y oraciones: familiares de v\u00edctimas de Jet Set se despiden de sus seres queridos. Una familia llor\u00f3 la p\u00e9rdida de cinco seres queridos tras la tragedia en la discoteca Jet Set en Rep\u00fablica Dominicana. En la foto, el sepelio de Juan Manuel Santana, quien falleci\u00f3 en el incidente junto a su esposa y otros tres parientes. <\/p>\n<p><\/span><i> &#8211; Carlos Giusti\/Staff<\/i><\/p>\n<\/div>\n<p>Otro hombre, que dijo haber perdido a su hija y al esposo de \u00e9sta, llam\u00f3 \u201ccriminales\u201d a los due\u00f1os de la discoteca Jet Set, quienes, de acuerdo con la acusaci\u00f3n del Ministerio P\u00fablico, incurrieron en homicidio involuntario y golpes y heridas involuntarias.<\/p>\n<p>En tanto, en declaraciones a EFE, Carmen Carela, t\u00eda de una de las v\u00edctimas, exigi\u00f3 para los imputados<b> \u201ccien a\u00f1os de c\u00e1rcel, que los tranquen y boten la llave, que no se sepa m\u00e1s de ellos\u201d<\/b>.<\/p>\n<p>\u201cSon irresponsables y el pueblo pide justicia (&#8230;) ellos son unos descarados, porque son los responsables de todas esas muertes\u201d, a\u00f1adi\u00f3.<\/p>\n<div>\n<p><a href=\"https:\/\/www.elnuevodia.com\/noticias\/mundo\/notas\/tras-acusacion-formal-propietarios-de-la-discoteca-jet-set-confian-en-que-la-verdad-saldra-a-la-luz\/\" target=\"_self\" rel title=\"https:\/\/www.elnuevodia.com\/noticias\/mundo\/notas\/tras-acusacion-formal-propietarios-de-la-discoteca-jet-set-confian-en-que-la-verdad-saldra-a-la-luz\/\">Antonio y Maribel Espaillat fueron detenidos<\/a> en junio pasado pero unos d\u00edas despu\u00e9s fueron dejados en libertad condicional.<\/p>\n<\/div>\n<div>\n<p><b>1 \/ 15 | <\/b><span> Tristeza y desesperaci\u00f3n: dominicanos acuden a la morgue tras mortal derrumbe en Jet Set. Decenas de personas han acudido al Instituto Nacional de Ciencias Forenses (INACIF) en busca de sus familiares tras el tr\u00e1gico accidente en la discoteca Jet Set, en Santo Domingo.<\/span><i> &#8211; Carlos Giusti\/Staff<\/i><\/p>\n<\/div>\n<p>De acuerdo con la investigaci\u00f3n del Ministerio P\u00fablico, durante a\u00f1os Jet Set, un s\u00edmbolo del entretenimiento nocturno en Santo Domingo, \u201coper\u00f3 con una sistem\u00e1tica y grave negligencia en el mantenimiento y adecuaci\u00f3n estructural de sus instalaciones, poniendo en riesgo la vida de sus clientes y empleados\u201d.<\/p>\n<p><b>La tragedia se produjo la madrugada del 8 de abril de 2025 mientras centenares de personas disfrutaban de una presentaci\u00f3n del merenguero dominicano <\/b><a href=\"https:\/\/www.elnuevodia.com\/entretenimiento\/musica\/notas\/su-legado-musical-y-humano-vivira-para-siempre-fallece-rubby-perez-en-tragedia-en-republica-dominicana\/\" target=\"_self\" rel title=\"https:\/\/www.elnuevodia.com\/entretenimiento\/musica\/notas\/su-legado-musical-y-humano-vivira-para-siempre-fallece-rubby-perez-en-tragedia-en-republica-dominicana\/\"><b>Rubby P\u00e9rez, quien perdi\u00f3 la vida en el siniestro<\/b><\/a><b>, al igual que uno de los m\u00fasicos de su orquesta.<\/b><\/p>\n<p>En el accidente murieron, entre otros, el exlanzador de las Grandes Ligas estadounidenses de b\u00e9isbol<b> <\/b><a href=\"https:\/\/www.elnuevodia.com\/deportes\/beisbol\/notas\/muere-el-exlanzador-dominicano-de-las-grandes-ligas-octavio-dotel-tras-ser-rescatado-de-los-escombros-en-la-discoteca-jet-set\/\" target=\"_self\" rel title=\"https:\/\/www.elnuevodia.com\/deportes\/beisbol\/notas\/muere-el-exlanzador-dominicano-de-las-grandes-ligas-octavio-dotel-tras-ser-rescatado-de-los-escombros-en-la-discoteca-jet-set\/\"><b>Octavio Dotel<\/b><\/a>; el dise\u00f1ador <a href=\"https:\/\/www.elnuevodia.com\/magacin\/moda\/notas\/muere-el-disenador-martin-polanco-en-tragedia-del-jet-set\/\" target=\"_self\" rel title=\"https:\/\/www.elnuevodia.com\/magacin\/moda\/notas\/muere-el-disenador-martin-polanco-en-tragedia-del-jet-set\/\"><b>Mart\u00edn Polanco<\/b><\/a> y un hijo del expresidente del Senado y ministro dominicano de Obras P\u00fablicas Eduardo Estrella.<\/p>\n<p>Tambi\u00e9n se inform\u00f3 en su momento del fallecimiento de 18 venezolanos, tres hispano-dominicanos, dos franceses, un haitiano, una colombiana, una costarricense, un italiano y un keniano.<\/p>\n<\/div>\n\n    <div class=\"xs_social_share_widget xs_share_url after_content \t\tmain_content  wslu-style-1 wslu-share-box-shaped wslu-fill-colored wslu-none wslu-share-horizontal wslu-theme-font-no wslu-main_content\">\n\n\t\t\n        <ul>\n\t\t\t        <\/ul>\n    <\/div> \n","protected":false},"excerpt":{"rendered":"<p>Santo Domingo &#8211; Familiares de las v\u00edctimas de la discoteca Jet Set, en Santo Domingo, cuyo techo se desplom\u00f3 el pasado 8 de abril causando la muerte de 236 personas y heridas a m\u00e1s de 180, clamaron este lunes justicia, coincidiendo con el inicio del juicio preliminar en contra de los hermanos Antonio y Maribel<\/p>\n","protected":false},"author":2,"featured_media":18371,"comment_status":"open","ping_status":"open","sticky":false,"template":"","format":"standard","meta":{"om_disable_all_campaigns":false,"_monsterinsights_skip_tracking":false,"_monsterinsights_sitenote_active":false,"_monsterinsights_sitenote_note":"","_monsterinsights_sitenote_category":0,"footnotes":""},"categories":[10],"tags":[],"class_list":["post-18370","post","type-post","status-publish","format-standard","has-post-thumbnail","hentry","category-mundo"],"aioseo_notices":[],"_links":{"self":[{"href":"https:\/\/aleeknews.com\/4l33k5\/wp-json\/wp\/v2\/posts\/18370","targetHints":{"allow":["GET"]}}],"collection":[{"href":"https:\/\/aleeknews.com\/4l33k5\/wp-json\/wp\/v2\/posts"}],"about":[{"href":"https:\/\/aleeknews.com\/4l33k5\/wp-json\/wp\/v2\/types\/post"}],"author":[{"embeddable":true,"href":"https:\/\/aleeknews.com\/4l33k5\/wp-json\/wp\/v2\/users\/2"}],"replies":[{"embeddable":true,"href":"https:\/\/aleeknews.com\/4l33k5\/wp-json\/wp\/v2\/comments?post=18370"}],"version-history":[{"count":0,"href":"https:\/\/aleeknews.com\/4l33k5\/wp-json\/wp\/v2\/posts\/18370\/revisions"}],"wp:featuredmedia":[{"embeddable":true,"href":"https:\/\/aleeknews.com\/4l33k5\/wp-json\/wp\/v2\/media\/18371"}],"wp:attachment":[{"href":"https:\/\/aleeknews.com\/4l33k5\/wp-json\/wp\/v2\/media?parent=18370"}],"wp:term":[{"taxonomy":"category","embeddable":true,"href":"https:\/\/aleeknews.com\/4l33k5\/wp-json\/wp\/v2\/categories?post=18370"},{"taxonomy":"post_tag","embeddable":true,"href":"https:\/\/aleeknews.com\/4l33k5\/wp-json\/wp\/v2\/tags?post=18370"}],"curies":[{"name":"wp","href":"https:\/\/api.w.org\/{rel}","templated":true}]}}