{"id":18337,"date":"2026-01-12T07:44:30","date_gmt":"2026-01-12T06:44:30","guid":{"rendered":"https:\/\/aleeknews.com\/4l33k5\/2026\/01\/12\/la-asociacion-de-contratistas-generales-comienza-a-educar-aprendices-para-oficios-de-la-construccion\/"},"modified":"2026-01-12T07:44:30","modified_gmt":"2026-01-12T06:44:30","slug":"la-asociacion-de-contratistas-generales-comienza-a-educar-aprendices-para-oficios-de-la-construccion","status":"publish","type":"post","link":"https:\/\/aleeknews.com\/4l33k5\/2026\/01\/12\/la-asociacion-de-contratistas-generales-comienza-a-educar-aprendices-para-oficios-de-la-construccion\/","title":{"rendered":"La Asociaci\u00f3n de Contratistas Generales comienza a educar aprendices para oficios de la construcci\u00f3n\u00a0"},"content":{"rendered":"<div>\n<div data-testid=\"global-header-test\" data-fusion-lazy-id=\"f0f5G41E11Y61Ck\">\n<hr>\n<p><span>Bolsa de valores <b>06:44 AM<\/b><\/span><\/p>\n<\/div>\n<div>\n<div data-fusion-lazy-id=\"f0f9tfiOw0362nv\">\n<div class>\n<p><a href=\"https:\/\/thetrustproject.org\/\"><img decoding=\"async\" src=\"https:\/\/www.elnuevodia.com\/pf\/resources\/v2\/icons\/trust-icon.svg?d=219\"><\/a><\/p>\n<div>\n<p>Noticia<\/p>\n<div>\n<p>Basado en hechos que el periodista haya observado y verificado de primera mano, o en informaci\u00f3n verificada que proviene de fuentes bien informadas.<\/p>\n<\/div>\n<\/div>\n<\/div>\n<div>\n<h2>La primera clase del Programa de Aprendizaje Registrado cuenta con 44 aprendices que laboran en 10 empresas de la industria<\/h2>\n<div>\n<p>30 de mayo de 2025 &#8211; 12:00 PM<\/p>\n<\/div>\n<div>\n<p><b>Archivo<\/b><\/p>\n<p>Esta historia fue publicada hace m\u00e1s de 7 meses.<\/p>\n<\/div>\n<\/div>\n<\/div>\n<div data-fusion-lazy-id=\"f0f8wxHIPTYNet\">\n<div><picture><source media=\"(max-width: 375px)\" ><source media=\"(max-width: 767px)\" ><source media=\"(max-width: 1023px)\" ><source ><\/picture><figcaption>Desde la izquierda, Marlyn Mart\u00ednez, directora de desarrollo de fuerza laboral de AGC-PR; el arquitecto Umberto Donato, pasado presidente y presidente de la Fundaci\u00f3n de Desarrollo Laboral de AGC-PR; y el ingeniero Jos\u00e9 Torrens, presidente de AGCPR. <span>(Suministrada)<\/span><\/figcaption><\/div>\n<div>\n<p><img decoding=\"async\" alt=\"Redacci\u00f3n El Nuevo D\u00eda\" src=\"https:\/\/www.elnuevodia.com\/resizer\/v2\/https%3A%2F%2Fs3.amazonaws.com%2Farc-authors%2Fgfrmedia%2F145c9c5d-db09-4b86-9ff1-e79fe50922de.png?auth=2373579377c73cdf235cc102f3fb85f18894a8e29945292302694e43fc083cf4&#038;quality=75&#038;smart=true&#038;width=170&#038;height=147\"><\/p>\n<p><span>Por <b><\/b><b>Redacci\u00f3n El Nuevo D\u00eda<\/b><\/span><\/p>\n<\/div>\n<div>\n<p>El Cap\u00edtulo de Puerto Rico de la <a href=\"https:\/\/www.elnuevodia.com\/topicos\/asociacion-de-contratistas-generales\/\" target=\"_self\" rel title=\"https:\/\/www.elnuevodia.com\/topicos\/asociacion-de-contratistas-generales\/\">Asociaci\u00f3n de Contratistas Generales <\/a>(AGC-PR) anunci\u00f3 el inicio del primer grupo del Programa de Aprendizaje Registrado (RAP, en ingl\u00e9s) con la participaci\u00f3n de 44 aprendices provenientes de 10 empresas del sector de la construcci\u00f3n. <\/p>\n<\/div>\n<\/div>\n<section>\n<header><span>Popular en la Comunidad<\/span><\/header>\n<\/section>\n<\/div>\n<\/div>\n\n    <div class=\"xs_social_share_widget xs_share_url after_content \t\tmain_content  wslu-style-1 wslu-share-box-shaped wslu-fill-colored wslu-none wslu-share-horizontal wslu-theme-font-no wslu-main_content\">\n\n\t\t\n        <ul>\n\t\t\t        <\/ul>\n    <\/div> \n","protected":false},"excerpt":{"rendered":"<p>Bolsa de valores 06:44 AM Noticia Basado en hechos que el periodista haya observado y verificado de primera mano, o en informaci\u00f3n verificada que proviene de fuentes bien informadas. La primera clase del Programa de Aprendizaje Registrado cuenta con 44 aprendices que laboran en 10 empresas de la industria 30 de mayo de 2025 &#8211;<\/p>\n","protected":false},"author":2,"featured_media":18338,"comment_status":"open","ping_status":"open","sticky":false,"template":"","format":"standard","meta":{"om_disable_all_campaigns":false,"_monsterinsights_skip_tracking":false,"_monsterinsights_sitenote_active":false,"_monsterinsights_sitenote_note":"","_monsterinsights_sitenote_category":0,"footnotes":""},"categories":[5],"tags":[],"class_list":["post-18337","post","type-post","status-publish","format-standard","has-post-thumbnail","hentry","category-negocios"],"aioseo_notices":[],"_links":{"self":[{"href":"https:\/\/aleeknews.com\/4l33k5\/wp-json\/wp\/v2\/posts\/18337","targetHints":{"allow":["GET"]}}],"collection":[{"href":"https:\/\/aleeknews.com\/4l33k5\/wp-json\/wp\/v2\/posts"}],"about":[{"href":"https:\/\/aleeknews.com\/4l33k5\/wp-json\/wp\/v2\/types\/post"}],"author":[{"embeddable":true,"href":"https:\/\/aleeknews.com\/4l33k5\/wp-json\/wp\/v2\/users\/2"}],"replies":[{"embeddable":true,"href":"https:\/\/aleeknews.com\/4l33k5\/wp-json\/wp\/v2\/comments?post=18337"}],"version-history":[{"count":0,"href":"https:\/\/aleeknews.com\/4l33k5\/wp-json\/wp\/v2\/posts\/18337\/revisions"}],"wp:featuredmedia":[{"embeddable":true,"href":"https:\/\/aleeknews.com\/4l33k5\/wp-json\/wp\/v2\/media\/18338"}],"wp:attachment":[{"href":"https:\/\/aleeknews.com\/4l33k5\/wp-json\/wp\/v2\/media?parent=18337"}],"wp:term":[{"taxonomy":"category","embeddable":true,"href":"https:\/\/aleeknews.com\/4l33k5\/wp-json\/wp\/v2\/categories?post=18337"},{"taxonomy":"post_tag","embeddable":true,"href":"https:\/\/aleeknews.com\/4l33k5\/wp-json\/wp\/v2\/tags?post=18337"}],"curies":[{"name":"wp","href":"https:\/\/api.w.org\/{rel}","templated":true}]}}