{"id":18273,"date":"2026-01-11T07:43:10","date_gmt":"2026-01-11T06:43:10","guid":{"rendered":"https:\/\/aleeknews.com\/4l33k5\/2026\/01\/11\/suben-a-22-los-muertos-en-ataque-atribuido-a-estado-islamico-contra-una-iglesia-de-damasco\/"},"modified":"2026-01-11T07:43:10","modified_gmt":"2026-01-11T06:43:10","slug":"suben-a-22-los-muertos-en-ataque-atribuido-a-estado-islamico-contra-una-iglesia-de-damasco","status":"publish","type":"post","link":"https:\/\/aleeknews.com\/4l33k5\/2026\/01\/11\/suben-a-22-los-muertos-en-ataque-atribuido-a-estado-islamico-contra-una-iglesia-de-damasco\/","title":{"rendered":"Suben a 22 los muertos en ataque atribuido a Estado Isl\u00e1mico contra una iglesia de Damasco"},"content":{"rendered":"<div>\n<div data-fusion-lazy-id=\"f0fQYcNoHQKSGL\">\n<div class>\n<p><a href=\"https:\/\/thetrustproject.org\/\"><img decoding=\"async\" src=\"https:\/\/www.elnuevodia.com\/pf\/resources\/v2\/icons\/trust-icon.svg?d=219\"><\/a><\/p>\n<div>\n<p>Servicio de noticias<\/p>\n<div>\n<p>Producido externamente por una organizaci\u00f3n que confiamos cumple con las normas period\u00edsticas.<\/p>\n<\/div>\n<\/div>\n<\/div>\n<div>\n<h2>Las autoridades informaron que la detonaci\u00f3n tambi\u00e9n habr\u00eda dejado 63 heridos<\/h2>\n<div>\n<p>22 de junio de 2025 &#8211; 2:16 PM<\/p>\n<\/div>\n<div>\n<p><b>Archivo<\/b><\/p>\n<p>Esta historia fue publicada hace m\u00e1s de 6 meses.<\/p>\n<\/div>\n<\/div>\n<\/div>\n<div data-fusion-lazy-id=\"f0fIYaQF9GLV14D\">\n<div>\n<p><b>1 \/ 9 | <\/b><span> Suben a 22 los muertos en ataque atribuido a Estado Isl\u00e1mico contra una iglesia de Damasco.  Al menos 13 civiles murieron y otros 53 resultaron heridos este domingo en un &#8220;ataque suicida&#8221; perpetrado por un supuesto miembro del grupo terrorista Estado Isl\u00e1mico (EI) contra la iglesia cristiana de Mar El\u00edas de Damasco, inform\u00f3 el Ministerio de Salud de Siria.<\/span><i> &#8211; EFE\/Defensa Civil Siria<\/i><\/p>\n<\/div>\n<div>\n<p><span>Por <b><\/b><b>The Associated Press<\/b><\/span><\/p>\n<p><span>Agencia de noticias<\/span><\/p>\n<\/div>\n<div>\n<p><b>DWEIL\u2019A, Siria<\/b> &#8211; Al menos 22 civiles murieron y otros 63 resultaron heridos este domingo en un \u201cataque suicida\u201d perpetrado por un supuesto miembro del grupo terrorista <a href=\"https:\/\/www.elnuevodia.com\/topicos\/estado-islamico\/\" target=\"_blank\" rel=\"noreferrer\" title=\"https:\/\/www.elnuevodia.com\/topicos\/estado-islamico\/\"><b>Estado Isl\u00e1mico<\/b><\/a> (EI) contra la iglesia cristiana de Mar El\u00edas de <a href=\"https:\/\/www.elnuevodia.com\/topicos\/damasco\/\" target=\"_blank\" rel=\"noreferrer\" title=\"https:\/\/www.elnuevodia.com\/topicos\/damasco\/\"><b>Damasco<\/b><\/a>, inform\u00f3 el Ministerio de Salud de <a href=\"https:\/\/www.elnuevodia.com\/topicos\/siria\/\" target=\"_blank\" rel=\"noreferrer\" title=\"https:\/\/www.elnuevodia.com\/topicos\/siria\/\"><b>Siria<\/b><\/a>. <\/p>\n<\/div>\n<\/div>\n<section>\n<header><span>Popular en la Comunidad<\/span><\/header>\n<\/section>\n<\/div>\n\n    <div class=\"xs_social_share_widget xs_share_url after_content \t\tmain_content  wslu-style-1 wslu-share-box-shaped wslu-fill-colored wslu-none wslu-share-horizontal wslu-theme-font-no wslu-main_content\">\n\n\t\t\n        <ul>\n\t\t\t        <\/ul>\n    <\/div> \n","protected":false},"excerpt":{"rendered":"<p>Servicio de noticias Producido externamente por una organizaci\u00f3n que confiamos cumple con las normas period\u00edsticas. Las autoridades informaron que la detonaci\u00f3n tambi\u00e9n habr\u00eda dejado 63 heridos 22 de junio de 2025 &#8211; 2:16 PM Archivo Esta historia fue publicada hace m\u00e1s de 6 meses. 1 \/ 9 | Suben a 22 los muertos en ataque<\/p>\n","protected":false},"author":2,"featured_media":18274,"comment_status":"open","ping_status":"open","sticky":false,"template":"","format":"standard","meta":{"om_disable_all_campaigns":false,"_monsterinsights_skip_tracking":false,"_monsterinsights_sitenote_active":false,"_monsterinsights_sitenote_note":"","_monsterinsights_sitenote_category":0,"footnotes":""},"categories":[10],"tags":[],"class_list":["post-18273","post","type-post","status-publish","format-standard","has-post-thumbnail","hentry","category-mundo"],"aioseo_notices":[],"_links":{"self":[{"href":"https:\/\/aleeknews.com\/4l33k5\/wp-json\/wp\/v2\/posts\/18273","targetHints":{"allow":["GET"]}}],"collection":[{"href":"https:\/\/aleeknews.com\/4l33k5\/wp-json\/wp\/v2\/posts"}],"about":[{"href":"https:\/\/aleeknews.com\/4l33k5\/wp-json\/wp\/v2\/types\/post"}],"author":[{"embeddable":true,"href":"https:\/\/aleeknews.com\/4l33k5\/wp-json\/wp\/v2\/users\/2"}],"replies":[{"embeddable":true,"href":"https:\/\/aleeknews.com\/4l33k5\/wp-json\/wp\/v2\/comments?post=18273"}],"version-history":[{"count":0,"href":"https:\/\/aleeknews.com\/4l33k5\/wp-json\/wp\/v2\/posts\/18273\/revisions"}],"wp:featuredmedia":[{"embeddable":true,"href":"https:\/\/aleeknews.com\/4l33k5\/wp-json\/wp\/v2\/media\/18274"}],"wp:attachment":[{"href":"https:\/\/aleeknews.com\/4l33k5\/wp-json\/wp\/v2\/media?parent=18273"}],"wp:term":[{"taxonomy":"category","embeddable":true,"href":"https:\/\/aleeknews.com\/4l33k5\/wp-json\/wp\/v2\/categories?post=18273"},{"taxonomy":"post_tag","embeddable":true,"href":"https:\/\/aleeknews.com\/4l33k5\/wp-json\/wp\/v2\/tags?post=18273"}],"curies":[{"name":"wp","href":"https:\/\/api.w.org\/{rel}","templated":true}]}}