{"id":18262,"date":"2026-01-11T07:43:17","date_gmt":"2026-01-11T06:43:17","guid":{"rendered":"https:\/\/aleeknews.com\/4l33k5\/2026\/01\/11\/mas-de-50-manifestantes-muertos-en-protestas-de-iran\/"},"modified":"2026-01-11T07:43:17","modified_gmt":"2026-01-11T06:43:17","slug":"mas-de-50-manifestantes-muertos-en-protestas-de-iran","status":"publish","type":"post","link":"https:\/\/aleeknews.com\/4l33k5\/2026\/01\/11\/mas-de-50-manifestantes-muertos-en-protestas-de-iran\/","title":{"rendered":"M\u00e1s de 50 manifestantes muertos en protestas de Ir\u00e1n"},"content":{"rendered":"<div>\n<div data-fusion-lazy-id=\"f0fQYcNoHQKSGL\">\n<div class>\n<p><a href=\"https:\/\/thetrustproject.org\/\"><img decoding=\"async\" src=\"https:\/\/www.elnuevodia.com\/pf\/resources\/v2\/icons\/trust-icon.svg?d=219\"><\/a><\/p>\n<div>\n<p>Servicio de noticias<\/p>\n<div>\n<p>Producido externamente por una organizaci\u00f3n que confiamos cumple con las normas period\u00edsticas.<\/p>\n<\/div>\n<\/div>\n<\/div>\n<div>\n<h2>La informaci\u00f3n fue divulgada por Iran Human Rights<\/h2>\n<div>\n<p>9 de enero de 2026 &#8211; 2:30 PM<\/p>\n<\/div>\n<\/div>\n<\/div>\n<div data-fusion-lazy-id=\"f0fIYaQF9GLV14D\">\n<div><picture><source media=\"(max-width: 375px)\" ><source media=\"(max-width: 767px)\" ><source media=\"(max-width: 1023px)\" ><source ><\/picture><figcaption>Entre los fallecidos habr\u00eda nueve ni\u00f1os de menos de 18 a\u00f1os. <\/figcaption><\/div>\n<div>\n<p><span>Por <b><\/b><b>AFP<\/b><\/span><\/p>\n<p><span>Agencia de noticias<\/span><\/p>\n<\/div>\n<div>\n<p>M\u00e1s de 50 manifestantes murieron en las casi dos semanas de protestas estalladas en Ir\u00e1n por el alto coste de vida y que derivaron en un movimiento de contestaci\u00f3n m\u00e1s amplio, afirm\u00f3 el viernes un grupo de derechos humanos.<\/p>\n<p>\u201cAl menos 51 manifestantes, entre ellos nueve ni\u00f1os de menos de 18 a\u00f1os, murieron y cientos resultaron heridos en los primeros 13 d\u00edas de una nueva ola de protestas nacionales en Ir\u00e1n\u201d, dijo la ONG Iran Human Rights, con sede en Noruega.<\/p>\n<p>En la v\u00edspera, esta organizaci\u00f3n dio un balance de 45 muertos.<\/p>\n<\/div>\n<\/div>\n<section>\n<header><span>Popular en la Comunidad<\/span><\/header>\n<\/section>\n<\/div>\n\n    <div class=\"xs_social_share_widget xs_share_url after_content \t\tmain_content  wslu-style-1 wslu-share-box-shaped wslu-fill-colored wslu-none wslu-share-horizontal wslu-theme-font-no wslu-main_content\">\n\n\t\t\n        <ul>\n\t\t\t        <\/ul>\n    <\/div> \n","protected":false},"excerpt":{"rendered":"<p>Servicio de noticias Producido externamente por una organizaci\u00f3n que confiamos cumple con las normas period\u00edsticas. La informaci\u00f3n fue divulgada por Iran Human Rights 9 de enero de 2026 &#8211; 2:30 PM Entre los fallecidos habr\u00eda nueve ni\u00f1os de menos de 18 a\u00f1os. Por AFP Agencia de noticias M\u00e1s de 50 manifestantes murieron en las casi<\/p>\n","protected":false},"author":2,"featured_media":18263,"comment_status":"open","ping_status":"open","sticky":false,"template":"","format":"standard","meta":{"om_disable_all_campaigns":false,"_monsterinsights_skip_tracking":false,"_monsterinsights_sitenote_active":false,"_monsterinsights_sitenote_note":"","_monsterinsights_sitenote_category":0,"footnotes":""},"categories":[10],"tags":[],"class_list":["post-18262","post","type-post","status-publish","format-standard","has-post-thumbnail","hentry","category-mundo"],"aioseo_notices":[],"_links":{"self":[{"href":"https:\/\/aleeknews.com\/4l33k5\/wp-json\/wp\/v2\/posts\/18262","targetHints":{"allow":["GET"]}}],"collection":[{"href":"https:\/\/aleeknews.com\/4l33k5\/wp-json\/wp\/v2\/posts"}],"about":[{"href":"https:\/\/aleeknews.com\/4l33k5\/wp-json\/wp\/v2\/types\/post"}],"author":[{"embeddable":true,"href":"https:\/\/aleeknews.com\/4l33k5\/wp-json\/wp\/v2\/users\/2"}],"replies":[{"embeddable":true,"href":"https:\/\/aleeknews.com\/4l33k5\/wp-json\/wp\/v2\/comments?post=18262"}],"version-history":[{"count":0,"href":"https:\/\/aleeknews.com\/4l33k5\/wp-json\/wp\/v2\/posts\/18262\/revisions"}],"wp:featuredmedia":[{"embeddable":true,"href":"https:\/\/aleeknews.com\/4l33k5\/wp-json\/wp\/v2\/media\/18263"}],"wp:attachment":[{"href":"https:\/\/aleeknews.com\/4l33k5\/wp-json\/wp\/v2\/media?parent=18262"}],"wp:term":[{"taxonomy":"category","embeddable":true,"href":"https:\/\/aleeknews.com\/4l33k5\/wp-json\/wp\/v2\/categories?post=18262"},{"taxonomy":"post_tag","embeddable":true,"href":"https:\/\/aleeknews.com\/4l33k5\/wp-json\/wp\/v2\/tags?post=18262"}],"curies":[{"name":"wp","href":"https:\/\/api.w.org\/{rel}","templated":true}]}}