{"id":18242,"date":"2026-01-10T07:43:59","date_gmt":"2026-01-10T06:43:59","guid":{"rendered":"https:\/\/aleeknews.com\/4l33k5\/2026\/01\/10\/bosch-recortara-5500-empleos-ante-problemas-de-la-industria-automotriz-2\/"},"modified":"2026-01-10T07:43:59","modified_gmt":"2026-01-10T06:43:59","slug":"bosch-recortara-5500-empleos-ante-problemas-de-la-industria-automotriz-2","status":"publish","type":"post","link":"https:\/\/aleeknews.com\/4l33k5\/2026\/01\/10\/bosch-recortara-5500-empleos-ante-problemas-de-la-industria-automotriz-2\/","title":{"rendered":"Bosch recortar\u00e1 5,500 empleos ante problemas de la industria automotriz"},"content":{"rendered":"<div>\n<div data-testid=\"global-header-test\" data-fusion-lazy-id=\"f0f5G41E11Y61Ck\">\n<hr>\n<p><span>Bolsa de valores <b>06:44 AM<\/b><\/span><\/p>\n<\/div>\n<div>\n<div data-fusion-lazy-id=\"f0f9tfiOw0362nv\">\n<div class>\n<p><a href=\"https:\/\/thetrustproject.org\/\"><img decoding=\"async\" src=\"https:\/\/www.elnuevodia.com\/pf\/resources\/v2\/icons\/trust-icon.svg?d=219\"><\/a><\/p>\n<div>\n<p>Servicio de noticias<\/p>\n<div>\n<p>Producido externamente por una organizaci\u00f3n que confiamos cumple con las normas period\u00edsticas.<\/p>\n<\/div>\n<\/div>\n<\/div>\n<div>\n<h2>La noticia llega dos d\u00edas despu\u00e9s de que Ford Motor Co. anunciara planes para eliminar 4,000 empleos en Europa <\/h2>\n<div>\n<p>22 de noviembre de 2024 &#8211; 4:04 PM<\/p>\n<\/div>\n<div>\n<p><b>Archivo<\/b><\/p>\n<p>Esta historia fue publicada hace m\u00e1s de 1 a\u00f1o.<\/p>\n<\/div>\n<\/div>\n<\/div>\n<div data-fusion-lazy-id=\"f0f8wxHIPTYNet\">\n<div><picture><source media=\"(max-width: 375px)\" ><source media=\"(max-width: 767px)\" ><source media=\"(max-width: 1023px)\" ><source ><\/picture><figcaption>La planta de Bosch en Hildesheim, Alemania. La empresa de tecnolog\u00eda y servicios anunci\u00f3 el viernes que planea reducir la plantilla de su divisi\u00f3n automotriz en hasta 5,500 empleos en los pr\u00f3ximos a\u00f1os. <span>(Alicia Windzio)<\/span><\/figcaption><\/div>\n<div>\n<p><span>Por <b><\/b><b>The Associated Press<\/b><\/span><\/p>\n<p><span>Agencia de noticias<\/span><\/p>\n<\/div>\n<div>\n<p><b>Frankfurt, Alemania \u2014<\/b> <b>La empresa alemana de tecnolog\u00eda y servicios Bosch anunci\u00f3 el viernes que planea reducir la plantilla de su divisi\u00f3n automotriz en hasta 5,500 empleos en los pr\u00f3ximos a\u00f1os<\/b>, en otra se\u00f1al de los desaf\u00edos que enfrenta la industria automotriz en <a href=\"https:\/\/www.elnuevodia.com\/topicos\/alemania\/\" target=\"_blank\"><b>Alemania <\/b><\/a>y el mundo.<\/p>\n<\/div>\n<\/div>\n<section>\n<header><span>Popular en la Comunidad<\/span><\/header>\n<\/section>\n<\/div>\n<\/div>\n\n    <div class=\"xs_social_share_widget xs_share_url after_content \t\tmain_content  wslu-style-1 wslu-share-box-shaped wslu-fill-colored wslu-none wslu-share-horizontal wslu-theme-font-no wslu-main_content\">\n\n\t\t\n        <ul>\n\t\t\t        <\/ul>\n    <\/div> \n","protected":false},"excerpt":{"rendered":"<p>Bolsa de valores 06:44 AM Servicio de noticias Producido externamente por una organizaci\u00f3n que confiamos cumple con las normas period\u00edsticas. La noticia llega dos d\u00edas despu\u00e9s de que Ford Motor Co. anunciara planes para eliminar 4,000 empleos en Europa 22 de noviembre de 2024 &#8211; 4:04 PM Archivo Esta historia fue publicada hace m\u00e1s de<\/p>\n","protected":false},"author":2,"featured_media":18236,"comment_status":"open","ping_status":"open","sticky":false,"template":"","format":"standard","meta":{"om_disable_all_campaigns":false,"_monsterinsights_skip_tracking":false,"_monsterinsights_sitenote_active":false,"_monsterinsights_sitenote_note":"","_monsterinsights_sitenote_category":0,"footnotes":""},"categories":[5],"tags":[],"class_list":["post-18242","post","type-post","status-publish","format-standard","has-post-thumbnail","hentry","category-negocios"],"aioseo_notices":[],"_links":{"self":[{"href":"https:\/\/aleeknews.com\/4l33k5\/wp-json\/wp\/v2\/posts\/18242","targetHints":{"allow":["GET"]}}],"collection":[{"href":"https:\/\/aleeknews.com\/4l33k5\/wp-json\/wp\/v2\/posts"}],"about":[{"href":"https:\/\/aleeknews.com\/4l33k5\/wp-json\/wp\/v2\/types\/post"}],"author":[{"embeddable":true,"href":"https:\/\/aleeknews.com\/4l33k5\/wp-json\/wp\/v2\/users\/2"}],"replies":[{"embeddable":true,"href":"https:\/\/aleeknews.com\/4l33k5\/wp-json\/wp\/v2\/comments?post=18242"}],"version-history":[{"count":0,"href":"https:\/\/aleeknews.com\/4l33k5\/wp-json\/wp\/v2\/posts\/18242\/revisions"}],"wp:featuredmedia":[{"embeddable":true,"href":"https:\/\/aleeknews.com\/4l33k5\/wp-json\/wp\/v2\/media\/18236"}],"wp:attachment":[{"href":"https:\/\/aleeknews.com\/4l33k5\/wp-json\/wp\/v2\/media?parent=18242"}],"wp:term":[{"taxonomy":"category","embeddable":true,"href":"https:\/\/aleeknews.com\/4l33k5\/wp-json\/wp\/v2\/categories?post=18242"},{"taxonomy":"post_tag","embeddable":true,"href":"https:\/\/aleeknews.com\/4l33k5\/wp-json\/wp\/v2\/tags?post=18242"}],"curies":[{"name":"wp","href":"https:\/\/api.w.org\/{rel}","templated":true}]}}