{"id":18225,"date":"2026-01-10T07:43:29","date_gmt":"2026-01-10T06:43:29","guid":{"rendered":"https:\/\/aleeknews.com\/4l33k5\/2026\/01\/10\/bengalas-sobre-botellas-de-champan-habrian-provocado-incendio-mortal-en-bar-suizo\/"},"modified":"2026-01-10T07:43:29","modified_gmt":"2026-01-10T06:43:29","slug":"bengalas-sobre-botellas-de-champan-habrian-provocado-incendio-mortal-en-bar-suizo","status":"publish","type":"post","link":"https:\/\/aleeknews.com\/4l33k5\/2026\/01\/10\/bengalas-sobre-botellas-de-champan-habrian-provocado-incendio-mortal-en-bar-suizo\/","title":{"rendered":"Bengalas sobre botellas de champ\u00e1n habr\u00edan provocado incendio mortal en bar suizo"},"content":{"rendered":"<div>\n<p>Las autoridades <a href=\"https:\/\/www.elnuevodia.com\/topicos\/suiza\/\" target=\"_blank\" rel=\"noreferrer\" title=\"https:\/\/www.elnuevodia.com\/topicos\/suiza\/\"><b>suizas<\/b><\/a> informaron el viernes que creen que bengalas chispeantes colocadas sobre botellas de champ\u00e1n provocaron el incendio fatal en un centro de esqu\u00ed, al acercarse demasiado al techo de un bar abarrotado.<\/p>\n<p>Las autoridades planeaban investigar si el material insonorizante del techo cumpl\u00eda con la normativa y si el uso de las velas, que emiten una corriente de chispas ascendentes, estaba permitido en el bar.<\/p>\n<p><b>Cuarenta personas murieron y otras 119 resultaron heridas en el incendio que arras\u00f3 el concurrido bar Le Constellation<\/b>, en el centro de esqu\u00ed de Crans-Montana, mientras los asistentes celebraban la v\u00edspera de <a href=\"https:\/\/www.elnuevodia.com\/topicos\/ano-nuevo\/\" target=\"_blank\" rel=\"noreferrer\" title=\"https:\/\/www.elnuevodia.com\/topicos\/ano-nuevo\/\"><b>A\u00f1o Nuevo<\/b><\/a>, indicaron las autoridades.<\/p>\n<p>Las autoridades indicaron que tambi\u00e9n revisar\u00e1n otras medidas de seguridad en las instalaciones, como extintores y v\u00edas de escape. El fiscal general de la regi\u00f3n del Valais advirti\u00f3 sobre posibles procesos judiciales si se determina alguna responsabilidad penal.<\/p>\n<p>Arthur Brodard, de 16 a\u00f1os y originario de la ciudad suiza de Lausana, se encontraba entre los desaparecidos. Su madre, Laetitia, se encontraba en Crans-Montana el viernes, desesperada por encontrarlo. Ofrec\u00eda una peque\u00f1a esperanza de que pudiera ser uno de los seis heridos a\u00fan sin identificar.<\/p>\n<p>\u201cEstoy buscando por todas partes. El cuerpo de mi hijo est\u00e1 en alguna parte\u201d, declar\u00f3 a la prensa. \u201cQuiero saber d\u00f3nde est\u00e1 mi hijo y estar a su lado, dondequiera que est\u00e9, ya sea en la unidad de cuidados intensivos o en la morgue\u201d.<\/p>\n<p><b>Entre los heridos hab\u00eda 71 personas de Suiza, 14 de <\/b><a href=\"https:\/\/www.elnuevodia.com\/topicos\/francia\/\" target=\"_blank\" rel=\"noreferrer\" title=\"https:\/\/www.elnuevodia.com\/topicos\/francia\/\"><b>Francia<\/b><\/a><b> y 11 de <\/b><a href=\"https:\/\/www.elnuevodia.com\/topicos\/italia\/\" target=\"_blank\" rel=\"noreferrer\" title=\"https:\/\/www.elnuevodia.com\/topicos\/italia\/\"><b>Italia<\/b><\/a><b>, adem\u00e1s de ciudadanos de Serbia, Bosnia-Herzegovina, Luxemburgo, <\/b><a href=\"https:\/\/www.elnuevodia.com\/topicos\/belgica\/\" target=\"_blank\" rel=\"noreferrer\" title=\"https:\/\/www.elnuevodia.com\/topicos\/belgica\/\"><b>B\u00e9lgica<\/b><\/a><b>, <\/b><a href=\"https:\/\/www.elnuevodia.com\/topicos\/portugal\/\" target=\"_blank\" rel=\"noreferrer\" title=\"https:\/\/www.elnuevodia.com\/topicos\/portugal\/\"><b>Portugal<\/b><\/a><b> y Polonia, seg\u00fan Fr\u00e9d\u00e9ric Gisler, comandante de polic\u00eda de la regi\u00f3n del Valais. <\/b>Se desconoce la nacionalidad de 14 personas. Una noche de celebraci\u00f3n se torna tr\u00e1gica.<\/p>\n<p><b>Axel Clavier<\/b>, un joven de 16 a\u00f1os de Par\u00eds, dijo que sinti\u00f3 que se estaba asfixiando dentro del bar alpino suizo, donde minutos antes celebraba la llegada del nuevo a\u00f1o con amigos y decenas de personas m\u00e1s.<\/p>\n<p>El adolescente logr\u00f3 escapar del infierno \u2014que se desat\u00f3 temprano el jueves\u2014 forzando una ventana con una mesa. Sin embargo, cerca de 40 personas murieron, incluida una de sus amistades, en lo que se considera una de las peores tragedias en la historia de Suiza.<\/p>\n<div>\n<p><b>1 \/ 11 | <\/b><span> Tr\u00e1gica despedida de a\u00f1o: decenas de personas mueren en un incendio en bar de Suiza. Decenas de personas podr\u00edan haber muerto y alrededor de 100 m\u00e1s resultaron heridas, la mayor\u00eda de gravedad, tras un incendio en un bar de una localidad tur\u00edstica de los Alpes suizos durante la celebraci\u00f3n de A\u00f1o Nuevo.<\/span><i> &#8211; The Associated Press<\/i><\/p>\n<\/div>\n<p><b>Muchos de los heridos tienen entre la adolescencia y los veintitantos a\u00f1os<\/b>, inform\u00f3 la Polic\u00eda.<\/p>\n<p>Clavier dijo a The Associated Press que dos o tres de sus amigos permanec\u00edan desaparecidos horas despu\u00e9s del desastre.<\/p>\n<p>La noche del jueves, dolientes dejaron velas y flores en un memorial improvisado cerca del bar. Cientos de personas m\u00e1s oraron por las v\u00edctimas en la cercana iglesia de Montana-Station.<\/p>\n<p>El <a href=\"https:\/\/www.elnuevodia.com\/topicos\/papa-leon-xiv\/\" target=\"_blank\" rel=\"noreferrer\" title=\"https:\/\/www.elnuevodia.com\/topicos\/papa-leon-xiv\/\"><b>papa Le\u00f3n<\/b><\/a> envi\u00f3 el viernes un telegrama al obispo de Sion para expresar sus condolencias y orar para que <b>\u201cel Se\u00f1or reciba a los fallecidos en su morada de paz y luz, y sostenga el \u00e1nimo de quienes sufren en su coraz\u00f3n o en su cuerpo\u201d<\/b>.<\/p>\n<p>En Instagram, una cuenta se llen\u00f3 de fotos de personas cuyo paradero a\u00fan se desconoce, con amigos y familiares pidiendo informaci\u00f3n sobre los desaparecidos.<\/p>\n<p><h4><b>La causa del incendio sigue bajo investigaci\u00f3n<\/b><\/h4>\n<\/p>\n<p>\u201cTenemos numerosos relatos de acciones heroicas, se podr\u00eda decir, de una solidaridad muy fuerte en el momento\u201d, dijo el viernes Mathias Reynard, jefe del gobierno regional de Valais, a la radio RTS. Elogi\u00f3 la labor de los equipos de emergencia al d\u00eda siguiente del incendio, pero a\u00f1adi\u00f3 que<b> \u201cen los primeros minutos fueron los ciudadanos \u2014en gran parte j\u00f3venes\u2014 quienes salvaron vidas con su valent\u00eda\u201d.<\/b><\/p>\n<div>\n<p><b>1 \/ 28 | <\/b><span> Cuando la noche se volvi\u00f3 tragedia: los peores incendios en bares y clubes del mundo. Diciembre de 2025: Un incendio arras\u00f3 con un popular club nocturno en el pueblo de Arpora, en el estado de Goa, India, matando a 25 personas, entre trabajadores de cocina y turistas.<\/span><i> &#8211; The Associated Press<\/i><\/p>\n<\/div>\n<p><h4><b>Una noche de celebraci\u00f3n se torna en tragedia<\/b><\/h4>\n<\/p>\n<p>Clavier se\u00f1al\u00f3 que no vio c\u00f3mo comenz\u00f3 el fuego, pero s\u00ed observ\u00f3 a camareras llegar con botellas de champ\u00e1n con bengalas encendidas.<\/p>\n<p>Dos mujeres dijeron al medio franc\u00e9s BFMTV que estaban dentro del local cuando vieron a un cantinero levantar a una compa\u00f1era sobre sus hombros mientras ella sosten\u00eda una vela encendida en una botella.<b> Las llamas se propagaron y provocaron el colapso del techo de madera<\/b>, relataron.<\/p>\n<p>Una de las mujeres describi\u00f3 una avalancha humana mientras las personas intentaban escapar desesperadamente desde un club nocturno en el s\u00f3tano, subiendo por una escalera y atravesando una puerta estrecha.<\/p>\n<p><b>Otro testigo cont\u00f3 a BFMTV que vio a personas rompiendo ventanas para huir del incendio, algunas con heridas graves, y a padres desesperados llegando en autos para saber si sus hijos estaban atrapados dentro.<\/b><\/p>\n<p>Gianni Campolo, un suizo de 19 a\u00f1os que estaba de vacaciones en Crans-Montana, acudi\u00f3 al bar para ayudar a los rescatistas tras recibir una llamada de un amigo que logr\u00f3 escapar. Describi\u00f3 una escena de personas atrapadas en el suelo, con lesiones severas y quemaduras.<\/p>\n<p><b>\u201cHe visto el horror y no s\u00e9 qu\u00e9 podr\u00eda ser peor que esto\u201d<\/b>, dijo Campolo a TF1.<\/p>\n<p>La gravedad de las quemaduras ha dificultado enormemente la identificaci\u00f3n de los cuerpos, lo que ha generado un nuevo dolor para las familias, que ahora deben entregar muestras de ADN a las autoridades. En algunos casos, billeteras y documentos de identificaci\u00f3n quedaron reducidos a cenizas.<\/p>\n<p><b>Emanuele Galeppini<\/b>, un prometedor golfista italiano de 17 a\u00f1os que compet\u00eda a nivel internacional, figura oficialmente entre los italianos desaparecidos. Su t\u00edo, Sebastiano Galeppini, dijo a la agencia ANSA que la familia espera los resultados de las pruebas de ADN, aunque la Federaci\u00f3n Italiana de Golf anunci\u00f3 en su sitio web que el joven hab\u00eda fallecido.<\/p>\n<p>El ministro de Exteriores de Italia, Antonio Tajani, indic\u00f3 que 13 ciudadanos italianos resultaron heridos y que seis permanec\u00edan desaparecidos hasta el mediod\u00eda del viernes. El nombre de Galeppini figuraba en la lista de desaparecidos.<\/p>\n<p><h4><b>Centro tur\u00edstico en el coraz\u00f3n de los Alpes<\/b><\/h4>\n<\/p>\n<p>En una regi\u00f3n concurrida por turistas que practican esqu\u00ed, las autoridades han pedido a la poblaci\u00f3n local extremar la precauci\u00f3n en los pr\u00f3ximos d\u00edas para evitar accidentes que puedan seguir sobrecargando los recursos m\u00e9dicos de la zona.<\/p>\n<p>Con pistas de esqu\u00ed de alta monta\u00f1a que alcanzan unos 3,000 metros de altitud, entre picos nevados y bosques de pinos en el coraz\u00f3n de la regi\u00f3n de Valais, Crans-Montana es una de las sedes m\u00e1s destacadas del circuito de la Copa del Mundo. El complejo albergar\u00e1 a los mejores esquiadores y esquiadoras de descenso \u2014incluida Lindsey Vonn\u2014 en sus \u00faltimas competencias antes de los Juegos Ol\u00edmpicos de Mil\u00e1n-Cortina en febrero. Adem\u00e1s, el club de golf Crans-sur-Sierre celebra cada agosto el European Masters en un campo de gran belleza esc\u00e9nica.<\/p>\n<\/div>\n\n    <div class=\"xs_social_share_widget xs_share_url after_content \t\tmain_content  wslu-style-1 wslu-share-box-shaped wslu-fill-colored wslu-none wslu-share-horizontal wslu-theme-font-no wslu-main_content\">\n\n\t\t\n        <ul>\n\t\t\t        <\/ul>\n    <\/div> \n","protected":false},"excerpt":{"rendered":"<p>Las autoridades suizas informaron el viernes que creen que bengalas chispeantes colocadas sobre botellas de champ\u00e1n provocaron el incendio fatal en un centro de esqu\u00ed, al acercarse demasiado al techo de un bar abarrotado. Las autoridades planeaban investigar si el material insonorizante del techo cumpl\u00eda con la normativa y si el uso de las velas<\/p>\n","protected":false},"author":2,"featured_media":18226,"comment_status":"open","ping_status":"open","sticky":false,"template":"","format":"standard","meta":{"om_disable_all_campaigns":false,"_monsterinsights_skip_tracking":false,"_monsterinsights_sitenote_active":false,"_monsterinsights_sitenote_note":"","_monsterinsights_sitenote_category":0,"footnotes":""},"categories":[10],"tags":[],"class_list":["post-18225","post","type-post","status-publish","format-standard","has-post-thumbnail","hentry","category-mundo"],"aioseo_notices":[],"_links":{"self":[{"href":"https:\/\/aleeknews.com\/4l33k5\/wp-json\/wp\/v2\/posts\/18225","targetHints":{"allow":["GET"]}}],"collection":[{"href":"https:\/\/aleeknews.com\/4l33k5\/wp-json\/wp\/v2\/posts"}],"about":[{"href":"https:\/\/aleeknews.com\/4l33k5\/wp-json\/wp\/v2\/types\/post"}],"author":[{"embeddable":true,"href":"https:\/\/aleeknews.com\/4l33k5\/wp-json\/wp\/v2\/users\/2"}],"replies":[{"embeddable":true,"href":"https:\/\/aleeknews.com\/4l33k5\/wp-json\/wp\/v2\/comments?post=18225"}],"version-history":[{"count":0,"href":"https:\/\/aleeknews.com\/4l33k5\/wp-json\/wp\/v2\/posts\/18225\/revisions"}],"wp:featuredmedia":[{"embeddable":true,"href":"https:\/\/aleeknews.com\/4l33k5\/wp-json\/wp\/v2\/media\/18226"}],"wp:attachment":[{"href":"https:\/\/aleeknews.com\/4l33k5\/wp-json\/wp\/v2\/media?parent=18225"}],"wp:term":[{"taxonomy":"category","embeddable":true,"href":"https:\/\/aleeknews.com\/4l33k5\/wp-json\/wp\/v2\/categories?post=18225"},{"taxonomy":"post_tag","embeddable":true,"href":"https:\/\/aleeknews.com\/4l33k5\/wp-json\/wp\/v2\/tags?post=18225"}],"curies":[{"name":"wp","href":"https:\/\/api.w.org\/{rel}","templated":true}]}}