{"id":18223,"date":"2026-01-10T07:43:30","date_gmt":"2026-01-10T06:43:30","guid":{"rendered":"https:\/\/aleeknews.com\/4l33k5\/2026\/01\/10\/se-abre-investigacion-contra-presuntos-responsables-de-mortal-incendio-en-bar-suizo\/"},"modified":"2026-01-10T07:43:30","modified_gmt":"2026-01-10T06:43:30","slug":"se-abre-investigacion-contra-presuntos-responsables-de-mortal-incendio-en-bar-suizo","status":"publish","type":"post","link":"https:\/\/aleeknews.com\/4l33k5\/2026\/01\/10\/se-abre-investigacion-contra-presuntos-responsables-de-mortal-incendio-en-bar-suizo\/","title":{"rendered":"Se abre investigaci\u00f3n contra presuntos responsables de mortal incendio en bar suizo"},"content":{"rendered":"<div>\n<p><b>Crans-Montana, Suiza-<\/b> Las autoridades suizas han abierto una <b>investigaci\u00f3n criminal contra los gerentes del bar donde un incendio en una fiesta de <\/b><a href=\"https:\/\/www.elnuevodia.com\/topicos\/ano-nuevo\/\" target=\"_blank\" rel=\"noreferrer\" title=\"https:\/\/www.elnuevodia.com\/topicos\/ano-nuevo\/\"><b>A\u00f1o Nuevo<\/b><\/a><b> dej\u00f3 40 personas muertas<\/b>, dijeron las autoridades el s\u00e1bado.<\/p>\n<p><b>Ambos son sospechosos de homicidio involuntario, lesiones corporales involuntarias y provocar un incendio involuntariamente<\/b>, declar\u00f3 a la prensa la fiscal jefe de la regi\u00f3n del Valais, Beatrice Pilloud. Dijo que la investigaci\u00f3n se abri\u00f3 el viernes por la noche y que ayudar\u00eda a \u201cexplorar todas las pistas\u201d. El anuncio de la investigaci\u00f3n no nombra a los directivos.<\/p>\n<p>M\u00e1s de 100 personas resultaron heridas en el incendio que se declar\u00f3 sobre la 1:30 de la madrugada del jueves en el bar <b>Le Constellation<\/b> de la localidad alpina de Crans-Montana. Seg\u00fan la polic\u00eda, muchas de las v\u00edctimas ten\u00edan entre 20 y 30 a\u00f1os.<\/p>\n<p>El proceso de identificaci\u00f3n de los muertos y heridos continu\u00f3 el s\u00e1bado, provocando una angustiosa espera a los familiares.<\/p>\n<p>Los investigadores declararon el viernes que creen que las velas de las botellas de champ\u00e1n provocaron el incendio al acercarse demasiado al techo del concurrido bar.<\/p>\n<div>\n<p><b>1 \/ 11 | <\/b><span> Tr\u00e1gica despedida de a\u00f1o: decenas de personas mueren en un incendio en bar de Suiza. Decenas de personas podr\u00edan haber muerto y alrededor de 100 m\u00e1s resultaron heridas, la mayor\u00eda de gravedad, tras un incendio en un bar de una localidad tur\u00edstica de los Alpes suizos durante la celebraci\u00f3n de A\u00f1o Nuevo.<\/span><i> &#8211; The Associated Press<\/i><\/p>\n<\/div>\n<p><h4><b>\u201cEl mundo necesita una respuesta\u201d<\/b><\/h4>\n<\/p>\n<p>Las autoridades ten\u00edan previsto comprobar si el material insonorizante del techo cumpl\u00eda la normativa y si estaba permitido el uso de velas en el bar. Las autoridades dijeron que tambi\u00e9n examinar\u00edan otras medidas de seguridad del local, como los extintores y las v\u00edas de evacuaci\u00f3n.<\/p>\n<p>El m\u00e1ximo responsable de seguridad de la regi\u00f3n del Valais, St\u00e9phane Ganzer, declar\u00f3 el s\u00e1bado a la radio p\u00fablica SRF que <b>\u201cun accidente tan grande con un incendio en Suiza significa que algo no funcion\u00f3: quiz\u00e1 el material, quiz\u00e1 la organizaci\u00f3n sobre el terreno\u201d<\/b>. Y a\u00f1adi\u00f3: \u201cAlgo no funcion\u00f3 y alguien cometi\u00f3 un error, estoy seguro de ello\u201d.<\/p>\n<p>Nicolas F\u00e9raud, que dirige el municipio de Crans-Montana, declar\u00f3 a la radio RTS que estaba \u201cconvencido\u201d de que los controles en el bar no hab\u00edan sido laxos, inform\u00f3 la emisora.<\/p>\n<p>A la pregunta de si la tragedia podr\u00eda haberse evitado, el Ministro suizo de Justicia, Beat Jans, respondi\u00f3 que las autoridades a\u00fan no pod\u00edan responder y que \u201csabemos que el mundo necesita una respuesta sobre esta cuesti\u00f3n\u201d.<\/p>\n<div>\n<figure><picture><source media=\"(max-width: 375px)\" ><source media=\"(max-width: 767px)\" ><source media=\"(max-width: 1023px)\" ><source ><img src=\"https:\/\/www.elnuevodia.com\/resizer\/v2\/J4YXUVCV7JAEXKUZS6LLTG7UUU.jpg?auth=73959541b05bea8c5f1599f8fd3e090db8a2b7f4110bd6af073a5fe550e62168&#038;quality=75&#038;width=829&#038;smart=true\" alt=\"Personas depositan flores en el bar Le Constellation, cerrado al p\u00fablico, en Crans-Montana, Alpes suizos, Suiza, el s\u00e1bado 3 de enero de 2026, donde un devastador incendio dej\u00f3 muertos y heridos durante las celebraciones de A\u00f1o Nuevo. (Foto AP\/Antonio Calanni)\" loading=\"lazy\" fetchpriority=\"low\" decoding=\"async\"><\/picture><figcaption>Personas depositan flores en el bar Le Constellation, cerrado al p\u00fablico, en Crans-Montana, Alpes suizos, Suiza, el s\u00e1bado 3 de enero de 2026, donde un devastador incendio dej\u00f3 muertos y heridos durante las celebraciones de A\u00f1o Nuevo. (Foto AP\/Antonio Calanni) (Antonio Calanni)<\/figcaption><\/figure>\n<\/div>\n<p><h4><b>Dificultad para identificar a los muertos y heridos<\/b><\/h4>\n<\/p>\n<p>La gravedad de las quemaduras ha dificultado la identificaci\u00f3n de los muertos y heridos, lo que ha obligado a las familias a proporcionar a las autoridades muestras de <a href=\"https:\/\/www.elnuevodia.com\/topicos\/dna\/\" target=\"_blank\" rel=\"noreferrer\" title=\"https:\/\/www.elnuevodia.com\/topicos\/dna\/\"><b>ADN<\/b><\/a>. En algunos casos, las carteras y los documentos de identidad se convirtieron en cenizas.<\/p>\n<p>El s\u00e1bado, la polic\u00eda regional inform\u00f3 de que los cad\u00e1veres de cuatro v\u00edctimas -un chico y una chica, ambos de 16 a\u00f1os, un hombre de 18 y una mujer de 21, todos ellos suizos- hab\u00edan sido identificados y entregados a sus familias.<\/p>\n<p>Varios heridos a\u00fan no han sido identificados.<\/p>\n<p>Laetitia Brodard, cuyo hijo de 16 a\u00f1os, Arthur, acudi\u00f3 a Le Constellation para celebrar el A\u00f1o Nuevo, albergaba la esperanza de que pudiera ser uno de ellos.<\/p>\n<p>\u201cEstoy buscando por todas partes. El cuerpo de mi hijo est\u00e1 en alguna parte\u201d, declar\u00f3 Brodard a la prensa el viernes por la noche. \u201cQuiero saber d\u00f3nde est\u00e1 mi hijo y estar a su lado. Sea donde sea, en la unidad de cuidados intensivos o en el dep\u00f3sito de cad\u00e1veres\u201d.<\/p>\n<p>El s\u00e1bado, declar\u00f3 a la cadena francesa BFM TV que \u201cnosotros, los padres, empezamos a estar cansados&#8230; y la ira empieza a aumentar\u201d.<\/p>\n<p>\u201cEs una espera que destruye la estabilidad de las personas\u201d, afirma Elvira Venturella, psic\u00f3loga italiana que trabaja con las familias. \u201cY cuanto m\u00e1s tiempo pasa, m\u00e1s dif\u00edcil resulta aceptar la incertidumbre, el no tener informaci\u00f3n\u201d.<\/p>\n<p><b>Las autoridades suizas informaron el viernes de que 119 personas hab\u00edan resultado heridas y 113 hab\u00edan sido formalmente identificadas.<\/b><\/p>\n<div>\n<figure><picture><source media=\"(max-width: 375px)\" ><source media=\"(max-width: 767px)\" ><source media=\"(max-width: 1023px)\" ><source ><img src=\"https:\/\/www.elnuevodia.com\/resizer\/v2\/FEHTTRK2YNDXFKGTBL4F7SDTHE.jpg?auth=343585b21a1b145e51dc6255cc0b7a6430dd305a4223326cc0a6448a851e8cb1&#038;quality=75&#038;width=829&#038;smart=true\" alt=\"Un hombre corre a primera hora de la ma\u00f1ana en Crans-Montana, Alpes suizos, Suiza, el s\u00e1bado 3 de enero de 2026, donde un devastador incendio en el bar Le Constellation dej\u00f3 muertos y heridos durante las celebraciones de A\u00f1o Nuevo. (Foto AP\/Baz Ratner)\" loading=\"lazy\" fetchpriority=\"low\" decoding=\"async\"><\/picture><figcaption>Un hombre corre a primera hora de la ma\u00f1ana en Crans-Montana, Alpes suizos, Suiza, el s\u00e1bado 3 de enero de 2026, donde un devastador incendio en el bar Le Constellation dej\u00f3 muertos y heridos durante las celebraciones de A\u00f1o Nuevo. (Foto AP\/Baz Ratner) (Baz Ratner)<\/figcaption><\/figure>\n<\/div>\n<p>El s\u00e1bado, el embajador de Italia en Suiza, Gian Lorenzo Cornado, declar\u00f3 a la prensa que las autoridades locales le acababan de informar de que el n\u00famero de heridos ascend\u00eda a 121, de los cuales cinco a\u00fan no hab\u00edan sido identificados. Dijo que 14 italianos estaban siendo atendidos en hospitales.<\/p>\n<p>Cornado reconoci\u00f3 \u201cmucho estr\u00e9s\u201d, pero dijo que era correcto que las autoridades compartieran informaci\u00f3n s\u00f3lo cuando fuera \u201cprecisa y 100% segura\u201d.<\/p>\n<p>Ganzer, que visit\u00f3 el lugar junto con Jans, calific\u00f3 la espera de las familias de \u201cinsoportable\u201d y dijo que la m\u00e1xima prioridad de las autoridades era proporcionarles las \u201crespuestas leg\u00edtimas que est\u00e1n esperando.\u201d<\/p>\n<p><b>Seg\u00fan la polic\u00eda suiza, entre los heridos hay m\u00e1s de 70 ciudadanos suizos y m\u00e1s de 10 de Francia e Italia, adem\u00e1s de ciudadanos de Serbia, Bosnia, Luxemburgo, B\u00e9lgica, Portugal y Polonia.<\/b><\/p>\n<p>Los dolientes y los simpatizantes que llevaban flores fluyeron hacia los monumentos conmemorativos improvisados fuera de Le Constellation, algunos consol\u00e1ndose unos a otros con abrazos mientras derramaban l\u00e1grimas. \u201cTodos sois nuestros hijos\u201d, dec\u00eda una nota manuscrita.<\/p>\n<\/div>\n\n    <div class=\"xs_social_share_widget xs_share_url after_content \t\tmain_content  wslu-style-1 wslu-share-box-shaped wslu-fill-colored wslu-none wslu-share-horizontal wslu-theme-font-no wslu-main_content\">\n\n\t\t\n        <ul>\n\t\t\t        <\/ul>\n    <\/div> \n","protected":false},"excerpt":{"rendered":"<p>Crans-Montana, Suiza- Las autoridades suizas han abierto una investigaci\u00f3n criminal contra los gerentes del bar donde un incendio en una fiesta de A\u00f1o Nuevo dej\u00f3 40 personas muertas, dijeron las autoridades el s\u00e1bado. Ambos son sospechosos de homicidio involuntario, lesiones corporales involuntarias y provocar un incendio involuntariamente, declar\u00f3 a la prensa la fiscal jefe de<\/p>\n","protected":false},"author":2,"featured_media":18224,"comment_status":"open","ping_status":"open","sticky":false,"template":"","format":"standard","meta":{"om_disable_all_campaigns":false,"_monsterinsights_skip_tracking":false,"_monsterinsights_sitenote_active":false,"_monsterinsights_sitenote_note":"","_monsterinsights_sitenote_category":0,"footnotes":""},"categories":[10],"tags":[],"class_list":["post-18223","post","type-post","status-publish","format-standard","has-post-thumbnail","hentry","category-mundo"],"aioseo_notices":[],"_links":{"self":[{"href":"https:\/\/aleeknews.com\/4l33k5\/wp-json\/wp\/v2\/posts\/18223","targetHints":{"allow":["GET"]}}],"collection":[{"href":"https:\/\/aleeknews.com\/4l33k5\/wp-json\/wp\/v2\/posts"}],"about":[{"href":"https:\/\/aleeknews.com\/4l33k5\/wp-json\/wp\/v2\/types\/post"}],"author":[{"embeddable":true,"href":"https:\/\/aleeknews.com\/4l33k5\/wp-json\/wp\/v2\/users\/2"}],"replies":[{"embeddable":true,"href":"https:\/\/aleeknews.com\/4l33k5\/wp-json\/wp\/v2\/comments?post=18223"}],"version-history":[{"count":0,"href":"https:\/\/aleeknews.com\/4l33k5\/wp-json\/wp\/v2\/posts\/18223\/revisions"}],"wp:featuredmedia":[{"embeddable":true,"href":"https:\/\/aleeknews.com\/4l33k5\/wp-json\/wp\/v2\/media\/18224"}],"wp:attachment":[{"href":"https:\/\/aleeknews.com\/4l33k5\/wp-json\/wp\/v2\/media?parent=18223"}],"wp:term":[{"taxonomy":"category","embeddable":true,"href":"https:\/\/aleeknews.com\/4l33k5\/wp-json\/wp\/v2\/categories?post=18223"},{"taxonomy":"post_tag","embeddable":true,"href":"https:\/\/aleeknews.com\/4l33k5\/wp-json\/wp\/v2\/tags?post=18223"}],"curies":[{"name":"wp","href":"https:\/\/api.w.org\/{rel}","templated":true}]}}