{"id":18220,"date":"2026-01-10T07:43:32","date_gmt":"2026-01-10T06:43:32","guid":{"rendered":"https:\/\/aleeknews.com\/4l33k5\/2026\/01\/10\/cientos-de-personas-marchan-en-silencio-para-recordar-a-las-40-victimas-fatales-del-incendio-de-un-bar-en-suiza\/"},"modified":"2026-01-10T07:43:32","modified_gmt":"2026-01-10T06:43:32","slug":"cientos-de-personas-marchan-en-silencio-para-recordar-a-las-40-victimas-fatales-del-incendio-de-un-bar-en-suiza","status":"publish","type":"post","link":"https:\/\/aleeknews.com\/4l33k5\/2026\/01\/10\/cientos-de-personas-marchan-en-silencio-para-recordar-a-las-40-victimas-fatales-del-incendio-de-un-bar-en-suiza\/","title":{"rendered":"Cientos de personas marchan en silencio para recordar a las 40 v\u00edctimas fatales del incendio de un bar en Suiza"},"content":{"rendered":"<div>\n<p><b>Crans-Montana<\/b> &#8211; Cientos de personas marcharon en silencio el domingo para honrar a las v\u00edctimas del incendio de Nochevieja en un bar de la estaci\u00f3n alpina suiza de Crans-Montana, que dej\u00f3 40 muertos y muchos heridos graves.<\/p>\n<p>Sombr\u00edos dolientes, muchos con los ojos enrojecidos, salieron en silencio de la capilla al son del \u00f3rgano tras la misa de una hora en la Chapelle Saint-Christophe de Crans-Montana. Algunos intercambiaron abrazos, otros aplaudieron, antes de unirse a la marcha silenciosa colina arriba hacia el bar Le Constellation.<\/p>\n<p>Cientos de personas, algunas con ramos de flores en las manos, caminaban en una densa procesi\u00f3n serpenteante a la luz del sol entre tiendas cerradas. En lo alto de la monta\u00f1a que domina la ciudad, las m\u00e1quinas de nieve lanzan al aire penachos de copos blancos.<\/p>\n<p>En lo alto de la calle, frente a Le Constellation, que sigue estando en gran parte protegido de la vista por pantallas blancas, la multitud permanec\u00eda en silencio casi total, algunos llorando. Luego rompieron a aplaudir -con las manos en guantes y manoplas contra el fr\u00edo- mientras una corriente de dolientes y simpatizantes depositaba ramos de flores en un monumento improvisado lleno de flores, peluches y otros homenajes.<\/p>\n<p><h4><b>\u201cFueron all\u00ed de fiesta\u201d<\/b><\/h4>\n<\/p>\n<p>\u201cA trav\u00e9s de este tr\u00e1gico suceso, creo que todos debemos recordar que todos somos hermanos y hermanas en humanidad\u201d, afirm\u00f3 V\u00e9ronique Barras, residente local que conoce a familias en duelo. \u201cEs importante apoyarnos unos a otros, abrazarnos y avanzar hacia la luz\u201d.<\/p>\n<div>\n<p><b>1 \/ 11 | <\/b><span> Tr\u00e1gica despedida de a\u00f1o: decenas de personas mueren en un incendio en bar de Suiza. Decenas de personas podr\u00edan haber muerto y alrededor de 100 m\u00e1s resultaron heridas, la mayor\u00eda de gravedad, tras un incendio en un bar de una localidad tur\u00edstica de los Alpes suizos durante la celebraci\u00f3n de A\u00f1o Nuevo.<\/span><i> &#8211; The Associated Press<\/i><\/p>\n<\/div>\n<p>Cathy Premer dijo que su hija estaba celebrando su 17 cumplea\u00f1os el 31 de diciembre cuando llam\u00f3 de madrugada para decir que estaba atrapada porque Le Constellation estaba acordonado. \u201cPara los j\u00f3venes -pero incluso para los adultos- es dif\u00edcil entender cosas que parecen inexplicables\u201d, dijo. \u201cFueron all\u00ed de fiesta, es un destino para el 31 de diciembre, es muy festivo, hab\u00eda gente de muchas nacionalidades&#8230; y todo se convirti\u00f3 en una tragedia\u201d.<\/p>\n<p>Entre la multitud, Paola Ponti Greppi, una italiana de 80 a\u00f1os que tiene una casa en Crans-Montana, pidi\u00f3 controles de seguridad en los bares. \u201cNecesitamos m\u00e1s seguridad en estos lugares, porque no es el \u00fanico sitio as\u00ed. \u00bfPor qu\u00e9 el ayuntamiento no hizo los controles adecuados? Para m\u00ed es terrible\u201d.<\/p>\n<p><h4><b>Una misa por las v\u00edctimas<\/b><\/h4>\n<\/p>\n<p>Durante la misa, el reverendo Gilles Cavin habl\u00f3 de la \u201cterrible incertidumbre\u201d de las familias que no saben si sus seres queridos est\u00e1n entre los muertos o siguen vivos entre los heridos. <b>\u201cNo hay palabras suficientemente fuertes para expresar la consternaci\u00f3n, la angustia y la rabia de aquellos que hoy ven afectadas sus vidas. Y, sin embargo, estamos aqu\u00ed, reunidos porque el silencio por s\u00ed solo no es suficiente\u201d, afirm\u00f3.<\/b><\/p>\n<p>En los abarrotados bancos, una afligida mujer escuchaba atentamente, con las manos entrelazadas y a veces apretando las cuentas de un rosario, mientras los oradores pronunciaban lecturas en alem\u00e1n, franc\u00e9s e italiano.<\/p>\n<p>Cuarenta personas murieron y 119 resultaron heridas en el incendio que se declar\u00f3 sobre la 1.30 de la madrugada del jueves en el bar Le Constellation. Seg\u00fan la polic\u00eda, muchas de las v\u00edctimas ten\u00edan entre 20 y 30 a\u00f1os.<\/p>\n<p><b>El domingo por la ma\u00f1ana, las autoridades suizas hab\u00edan identificado a 24 de las 40 v\u00edctimas mortales.<\/b> Se trata de 18 ciudadanos suizos de entre 14 y 31 a\u00f1os, dos italianos de 16 a\u00f1os, un ciudadano con doble nacionalidad italiana y de los Emiratos \u00c1rabes Unidos tambi\u00e9n de 16 a\u00f1os, un rumano de 18 a\u00f1os, un franc\u00e9s de 39 a\u00f1os y un ciudadano turco de 18 a\u00f1os.<\/p>\n<p><h4><b>Una madre en duelo<\/b><\/h4>\n<\/p>\n<p>Una de las v\u00edctimas era Arthur Brodard, de 16 a\u00f1os, cuya madre le buscaba desesperadamente.<\/p>\n<p>\u201cNuestro Arthur se ha ido ahora de fiesta al para\u00edso\u201d, dijo una visiblemente conmocionada Laetitia Brodard en una historia de Facebook publicada el s\u00e1bado por la noche, hablando a c\u00e1mara. \u201cPodemos empezar nuestro duelo, sabiendo que est\u00e1 en paz y en la luz\u201d.<\/p>\n<p>La fren\u00e9tica b\u00fasqueda de Brodard por su hijo reflejaba la desesperaci\u00f3n de las familias de los j\u00f3venes desaparecidos durante el incendio, que no sab\u00edan si sus seres queridos estaban muertos o en el hospital.<\/p>\n<p><b>Las autoridades suizas se\u00f1alaron que el proceso de identificaci\u00f3n de las v\u00edctimas era especialmente dif\u00edcil debido al avanzado grado de las quemaduras, lo que requer\u00eda el uso de muestras de ADN. Brodard tambi\u00e9n hab\u00eda dado su muestra de ADN para ayudar en el proceso de identificaci\u00f3n.<\/b><\/p>\n<p>En su publicaci\u00f3n de Facebook, dio las gracias a quienes \u201ctestimoniaron su compasi\u00f3n, su amor\u201d y a quienes compartieron informaci\u00f3n mientras ella buscaba ansiosamente y esperaba noticias de su hijo. Otros padres y hermanos siguen esperando angustiados.<\/p>\n<p><h4><b>Los gerentes de un bar se enfrentan a una investigaci\u00f3n penal<\/b><\/h4>\n<\/p>\n<p>Las autoridades suizas han abierto una investigaci\u00f3n penal contra los responsables del bar.<\/p>\n<p><b>Los dos son sospechosos de homicidio involuntario, lesiones corporales involuntarias y provocaci\u00f3n involuntaria de un incendio, declar\u00f3 el s\u00e1bado a la prensa la fiscal jefe de la regi\u00f3n del Valais, Beatrice Pilloud. El anuncio de la investigaci\u00f3n no nombraba a los directivos.<\/b><\/p>\n<p>Los investigadores declararon el viernes que creen que las velas de las botellas de champ\u00e1n provocaron el incendio al acercarse demasiado al techo del concurrido bar.<\/p>\n<p>Las autoridades ten\u00edan previsto comprobar si el material insonorizante del techo cumpl\u00eda la normativa y si estaba permitido el uso de velas en el bar. Las autoridades dijeron que tambi\u00e9n examinar\u00edan otras medidas de seguridad del local, como los extintores y las v\u00edas de evacuaci\u00f3n.<\/p>\n<p>El presidente suizo, Guy Parmelin, anunci\u00f3 un d\u00eda de luto nacional por las v\u00edctimas el 9 de enero.<\/p>\n<p>La Ministra de Sanidad francesa, St\u00e9phanie Rist, declar\u00f3 que 17 pacientes han recibido atenci\u00f3n en <a href=\"https:\/\/www.elnuevodia.com\/topicos\/francia\/\" target=\"_self\" rel title=\"https:\/\/www.elnuevodia.com\/topicos\/francia\/\">Francia<\/a>, de un total de 35 trasladados desde <a href=\"https:\/\/www.elnuevodia.com\/topicos\/suiza\/\" target=\"_self\" rel title=\"https:\/\/www.elnuevodia.com\/topicos\/suiza\/\">Suiza<\/a> a cinco pa\u00edses europeos. Estaba previsto trasladar a otros pacientes a Alemania, Italia y B\u00e9lgica.<\/p>\n<p>___<\/p>\n<p><i>Esta historia fue traducida del ingl\u00e9s al espa\u00f1ol con una herramienta de inteligencia artificial y fue revisada por un editor antes de su publicaci\u00f3n.<\/i><\/p>\n<\/div>\n\n    <div class=\"xs_social_share_widget xs_share_url after_content \t\tmain_content  wslu-style-1 wslu-share-box-shaped wslu-fill-colored wslu-none wslu-share-horizontal wslu-theme-font-no wslu-main_content\">\n\n\t\t\n        <ul>\n\t\t\t        <\/ul>\n    <\/div> \n","protected":false},"excerpt":{"rendered":"<p>Crans-Montana &#8211; Cientos de personas marcharon en silencio el domingo para honrar a las v\u00edctimas del incendio de Nochevieja en un bar de la estaci\u00f3n alpina suiza de Crans-Montana, que dej\u00f3 40 muertos y muchos heridos graves. Sombr\u00edos dolientes, muchos con los ojos enrojecidos, salieron en silencio de la capilla al son del \u00f3rgano tras<\/p>\n","protected":false},"author":2,"featured_media":18221,"comment_status":"open","ping_status":"open","sticky":false,"template":"","format":"standard","meta":{"om_disable_all_campaigns":false,"_monsterinsights_skip_tracking":false,"_monsterinsights_sitenote_active":false,"_monsterinsights_sitenote_note":"","_monsterinsights_sitenote_category":0,"footnotes":""},"categories":[10],"tags":[],"class_list":["post-18220","post","type-post","status-publish","format-standard","has-post-thumbnail","hentry","category-mundo"],"aioseo_notices":[],"_links":{"self":[{"href":"https:\/\/aleeknews.com\/4l33k5\/wp-json\/wp\/v2\/posts\/18220","targetHints":{"allow":["GET"]}}],"collection":[{"href":"https:\/\/aleeknews.com\/4l33k5\/wp-json\/wp\/v2\/posts"}],"about":[{"href":"https:\/\/aleeknews.com\/4l33k5\/wp-json\/wp\/v2\/types\/post"}],"author":[{"embeddable":true,"href":"https:\/\/aleeknews.com\/4l33k5\/wp-json\/wp\/v2\/users\/2"}],"replies":[{"embeddable":true,"href":"https:\/\/aleeknews.com\/4l33k5\/wp-json\/wp\/v2\/comments?post=18220"}],"version-history":[{"count":0,"href":"https:\/\/aleeknews.com\/4l33k5\/wp-json\/wp\/v2\/posts\/18220\/revisions"}],"wp:featuredmedia":[{"embeddable":true,"href":"https:\/\/aleeknews.com\/4l33k5\/wp-json\/wp\/v2\/media\/18221"}],"wp:attachment":[{"href":"https:\/\/aleeknews.com\/4l33k5\/wp-json\/wp\/v2\/media?parent=18220"}],"wp:term":[{"taxonomy":"category","embeddable":true,"href":"https:\/\/aleeknews.com\/4l33k5\/wp-json\/wp\/v2\/categories?post=18220"},{"taxonomy":"post_tag","embeddable":true,"href":"https:\/\/aleeknews.com\/4l33k5\/wp-json\/wp\/v2\/tags?post=18220"}],"curies":[{"name":"wp","href":"https:\/\/api.w.org\/{rel}","templated":true}]}}