{"id":18218,"date":"2026-01-10T07:43:33","date_gmt":"2026-01-10T06:43:33","guid":{"rendered":"https:\/\/aleeknews.com\/4l33k5\/2026\/01\/10\/identifican-a-las-cuarenta-victimas-del-incendio-de-bar-en-suiza\/"},"modified":"2026-01-10T07:43:33","modified_gmt":"2026-01-10T06:43:33","slug":"identifican-a-las-cuarenta-victimas-del-incendio-de-bar-en-suiza","status":"publish","type":"post","link":"https:\/\/aleeknews.com\/4l33k5\/2026\/01\/10\/identifican-a-las-cuarenta-victimas-del-incendio-de-bar-en-suiza\/","title":{"rendered":"Identifican a las cuarenta v\u00edctimas del incendio de bar en Suiza"},"content":{"rendered":"<div>\n<p>Las cuarenta personas fallecidas en el incendio de un bar durante una fiesta de A\u00f1o Viejo en la localidad <a href=\"https:\/\/www.elnuevodia.com\/noticias\/mundo\/notas\/cientos-de-personas-marchan-en-silencio-para-recordar-a-las-40-victimas-fatales-del-incendio-de-un-bar-en-suiza\/\" target=\"_blank\" rel=\"noreferrer\" title=\"https:\/\/www.elnuevodia.com\/noticias\/mundo\/notas\/cientos-de-personas-marchan-en-silencio-para-recordar-a-las-40-victimas-fatales-del-incendio-de-un-bar-en-suiza\/\"><b>suiza<\/b><\/a> de <b>Crans Montana<\/b> han sido identificadas formalmente, anunci\u00f3 este domingo la <b>Polic\u00eda del cant\u00f3n de Valais<\/b>. <\/p>\n<p>Las 16 \u00faltimas v\u00edctimas que quedaba por identificar lo fueron a lo largo de esta tarde,<b> la m\u00e1s joven de ellas un chico de quince a\u00f1os (con triple nacional, francesa, israel\u00ed y brit\u00e1nica) y la mayor de todas, una francesa de 33 a\u00f1os. <\/b><\/p>\n<p>De las cuarenta v\u00edctimas mortales, 22 son suizas, mientras que el segundo grupo nacional m\u00e1s afectado es el franc\u00e9s, con 7 v\u00edctimas (incluida la persona con triple nacionalidad), mientras que <a href=\"https:\/\/www.elnuevodia.com\/topicos\/italia\/\" target=\"_blank\" rel=\"noreferrer\" title=\"https:\/\/www.elnuevodia.com\/topicos\/italia\/\"><b>Italia<\/b><\/a> lamenta seis muertos. <\/p>\n<p><b>Adem\u00e1s, hay dos fallecidos de Rumania, un portugu\u00e9s, un belga y un turco.<\/b> <\/p>\n<p>De las v\u00edctimas, dos ten\u00edan catorce a\u00f1os, seis ten\u00edan 15 a\u00f1os, nueve ten\u00edan 16 a\u00f1os y tres ten\u00edan 17 a\u00f1os, lo que hace que este rango de edad haya sido el m\u00e1s afectado. <\/p>\n<p>Otros seis fallecidos ten\u00edan 18 a\u00f1os y catorce v\u00edctimas ten\u00edan edades comprendidas entre los 20 y 39 a\u00f1os, seg\u00fan las informaciones proporcionadas por las autoridades.El Ministerio P\u00fablico de Valais ha abierto una investigaci\u00f3n penal contra la pareja de franceses que gestionaban el bar incendiado, pero no ha dictado medidas de prisi\u00f3n preventiva contra ellos porque no ve indicios que le lleven a sospechar que los acusados pretendan huir. <\/p>\n<p>A continuaci\u00f3n, la investigaci\u00f3n se centrar\u00e1 en el an\u00e1lisis del expediente que la comuna de Crans Montana ten\u00eda del establecimiento, la conformidad de las obras realizadas por los gestores, los materiales utilizados, las v\u00edas de evacuaci\u00f3n y el cumplimiento de las normas en materia de incendios. <\/p>\n<div>\n<p><b>1 \/ 11 | <\/b><span> Tr\u00e1gica despedida de a\u00f1o: decenas de personas mueren en un incendio en bar de Suiza. Decenas de personas podr\u00edan haber muerto y alrededor de 100 m\u00e1s resultaron heridas, la mayor\u00eda de gravedad, tras un incendio en un bar de una localidad tur\u00edstica de los Alpes suizos durante la celebraci\u00f3n de A\u00f1o Nuevo.<\/span><i> &#8211; The Associated Press<\/i><\/p>\n<\/div>\n<\/div>\n\n    <div class=\"xs_social_share_widget xs_share_url after_content \t\tmain_content  wslu-style-1 wslu-share-box-shaped wslu-fill-colored wslu-none wslu-share-horizontal wslu-theme-font-no wslu-main_content\">\n\n\t\t\n        <ul>\n\t\t\t        <\/ul>\n    <\/div> \n","protected":false},"excerpt":{"rendered":"<p>Las cuarenta personas fallecidas en el incendio de un bar durante una fiesta de A\u00f1o Viejo en la localidad suiza de Crans Montana han sido identificadas formalmente, anunci\u00f3 este domingo la Polic\u00eda del cant\u00f3n de Valais. Las 16 \u00faltimas v\u00edctimas que quedaba por identificar lo fueron a lo largo de esta tarde, la m\u00e1s joven<\/p>\n","protected":false},"author":2,"featured_media":18219,"comment_status":"open","ping_status":"open","sticky":false,"template":"","format":"standard","meta":{"om_disable_all_campaigns":false,"_monsterinsights_skip_tracking":false,"_monsterinsights_sitenote_active":false,"_monsterinsights_sitenote_note":"","_monsterinsights_sitenote_category":0,"footnotes":""},"categories":[10],"tags":[],"class_list":["post-18218","post","type-post","status-publish","format-standard","has-post-thumbnail","hentry","category-mundo"],"aioseo_notices":[],"_links":{"self":[{"href":"https:\/\/aleeknews.com\/4l33k5\/wp-json\/wp\/v2\/posts\/18218","targetHints":{"allow":["GET"]}}],"collection":[{"href":"https:\/\/aleeknews.com\/4l33k5\/wp-json\/wp\/v2\/posts"}],"about":[{"href":"https:\/\/aleeknews.com\/4l33k5\/wp-json\/wp\/v2\/types\/post"}],"author":[{"embeddable":true,"href":"https:\/\/aleeknews.com\/4l33k5\/wp-json\/wp\/v2\/users\/2"}],"replies":[{"embeddable":true,"href":"https:\/\/aleeknews.com\/4l33k5\/wp-json\/wp\/v2\/comments?post=18218"}],"version-history":[{"count":0,"href":"https:\/\/aleeknews.com\/4l33k5\/wp-json\/wp\/v2\/posts\/18218\/revisions"}],"wp:featuredmedia":[{"embeddable":true,"href":"https:\/\/aleeknews.com\/4l33k5\/wp-json\/wp\/v2\/media\/18219"}],"wp:attachment":[{"href":"https:\/\/aleeknews.com\/4l33k5\/wp-json\/wp\/v2\/media?parent=18218"}],"wp:term":[{"taxonomy":"category","embeddable":true,"href":"https:\/\/aleeknews.com\/4l33k5\/wp-json\/wp\/v2\/categories?post=18218"},{"taxonomy":"post_tag","embeddable":true,"href":"https:\/\/aleeknews.com\/4l33k5\/wp-json\/wp\/v2\/tags?post=18218"}],"curies":[{"name":"wp","href":"https:\/\/api.w.org\/{rel}","templated":true}]}}