{"id":18217,"date":"2026-01-10T07:43:34","date_gmt":"2026-01-10T06:43:34","guid":{"rendered":"https:\/\/aleeknews.com\/4l33k5\/2026\/01\/10\/dictan-prision-preventiva-contra-dueno-del-bar-suizo-que-se-incendio-durante-celebracion-de-ano-nuevo-2\/"},"modified":"2026-01-10T07:43:34","modified_gmt":"2026-01-10T06:43:34","slug":"dictan-prision-preventiva-contra-dueno-del-bar-suizo-que-se-incendio-durante-celebracion-de-ano-nuevo-2","status":"publish","type":"post","link":"https:\/\/aleeknews.com\/4l33k5\/2026\/01\/10\/dictan-prision-preventiva-contra-dueno-del-bar-suizo-que-se-incendio-durante-celebracion-de-ano-nuevo-2\/","title":{"rendered":"Dictan prisi\u00f3n preventiva contra due\u00f1o del bar suizo que se incendi\u00f3 durante celebraci\u00f3n de A\u00f1o Nuevo"},"content":{"rendered":"<div>\n<p><a href=\"https:\/\/www.elnuevodia.com\/noticias\/mundo\/notas\/suiza-rinde-homenaje-a-las-victimas-del-mortifero-incendio-en-un-bar-de-los-alpes-en-un-dia-de-luto-nacional\/\" target=\"_self\" rel title=\"https:\/\/www.elnuevodia.com\/noticias\/mundo\/notas\/suiza-rinde-homenaje-a-las-victimas-del-mortifero-incendio-en-un-bar-de-los-alpes-en-un-dia-de-luto-nacional\/\"><b>Suiza<\/b><\/a> celebr\u00f3 el viernes una jornada de luto nacional en honor de las 40 v\u00edctimas mortales de un incendio en un bar alpino durante una celebraci\u00f3n de <a href=\"https:\/\/www.elnuevodia.com\/topicos\/ano-nuevo\/\" target=\"_self\" rel title=\"https:\/\/www.elnuevodia.com\/topicos\/ano-nuevo\/\"><b>A\u00f1o Nuevo<\/b><\/a>, al tiempo que los fiscales solicitaron que uno de los gerentes fuera puesto en detenci\u00f3n preventiva.<\/p>\n<p><b>La fiscal jefe del cant\u00f3n de Valais, Beatrice Pilloud, dijo en un comunicado que la detenci\u00f3n del hombre era necesaria para evitar un \u201criesgo de fuga\u201d. La esposa del hombre y cogerente permanecer\u00e1 libre bajo supervisi\u00f3n judicial, seg\u00fan el comunicado.<\/b><\/p>\n<p>Un registro comercial suizo lista a la pareja francesa Jacques y Jessica Moretti como los propietarios del bar Le Constellation, en la ciudad tur\u00edstica alpina de Crans-Montana, donde un incendio comenz\u00f3 menos de dos horas despu\u00e9s de la medianoche del 1 de enero. Adem\u00e1s de las muertes, 116 personas resultaron heridas, muchas de ellas de gravedad.<\/p>\n<p>Medios locales reportaron que Moretti estaba bajo custodia a la espera de la decisi\u00f3n del tribunal luego que la pareja fuera interrogada por los fiscales en Sion el viernes por la ma\u00f1ana.<\/p>\n<p>Las autoridades suizas han abierto una investigaci\u00f3n penal contra los propietarios, quienes son sospechosos de homicidio involuntario, lesiones corporales involuntarias y de provocar un incendio de forma involuntaria.<\/p>\n<p>Un servicio conmemorativo y un minuto de silencio marcaron el homenaje nacional del viernes, en que las campanas de las iglesias de toda Suiza sonaron durante cinco minutos, comenzando a las 2:00 de la tarde. En todo el pa\u00eds, la gente se reuni\u00f3 para encender velas, dejar flores para las v\u00edctimas y seguir la ceremonia nacional que fue transmitida en vivo por la televisi\u00f3n p\u00fablica.<\/p>\n<p><b>En la ceremonia conmemorativa en Martigny, el presidente suizo Guy Parmelin dijo que \u201cel recuerdo de esa terrible noche ilumina los rostros de las 156 v\u00edctimas, sus d\u00edas felices, su esp\u00edritu despreocupado\u201d.<\/b><\/p>\n<p>A\u00f1adi\u00f3: \u201cNuestro pa\u00eds est\u00e1 consternado por esta tragedia. Se inclina ante la memoria de aquellos que ya no est\u00e1n con nosotros. Est\u00e1 al lado de la cama de aquellos que est\u00e1n a punto de embarcarse en un largo camino hacia la recuperaci\u00f3n\u201d.<\/p>\n<p>Los investigadores apuntaron que creen que bengalas encendidas sobre botellas de champa\u00f1a provocaron el incendio al acercarse demasiado al techo. Las autoridades investigan si el material de insonorizaci\u00f3n en el techo cumpl\u00eda con las regulaciones y si estaba permitido el uso de bengalas en el bar. En el local no se realizaban inspecciones de seguridad contra incendios desde 2019.<\/p>\n<p>La gravedad de las quemaduras dificult\u00f3 las labores de identificaci\u00f3n, por lo que los familiares tuvieron que proporcionar muestras de ADN a las autoridades. La polic\u00eda indic\u00f3 que muchas de las v\u00edctimas eran adolescentes o ten\u00edan entre 20 y 25 a\u00f1os.<\/p>\n<p><b>Se ha ordenado una autopsia a cinco de los seis muertos italianos y se deleg\u00f3 el caso en las fiscal\u00edas de Mil\u00e1n, Bolonia y G\u00e9nova, a donde han sido repatriados los cuerpos de las v\u00edctimas.<\/b><\/p>\n<p>\u201cLo que ocurri\u00f3 no es un desastre: es el resultado de que demasiadas personas no hicieron su trabajo o que pensaron que estaban ganando dinero f\u00e1cil\u201d, dijo la primera ministra de Italia, Giorgia Meloni, en una conferencia de prensa el viernes. \u201cLos responsables deben ser identificados y procesados\u201d.<\/p>\n<p>Meloni asever\u00f3 que la Fiscal\u00eda General del Estado se ha puesto en contacto con el fiscal general de Suiza para seguir la investigaci\u00f3n y confirm\u00f3 que la Fiscal\u00eda de Roma ha iniciado una pesquisa independiente.<\/p>\n<p>\u201cLas familias tienen mi palabra de que no se quedar\u00e1n solas en su b\u00fasqueda de justicia\u201d, a\u00f1adi\u00f3.<\/p>\n<p><b>Por su parte, la fiscal\u00eda de Par\u00eds anunci\u00f3 el lunes la apertura de una pesquisa para ayudar a la suiza y facilitar la comunicaci\u00f3n entre las familias de las v\u00edctimas francesas y los investigadores suizos. Nueve ciudadanos franceses murieron, el menor de apenas 14 a\u00f1os, y otros 23 sufrieron lesiones.<\/b><\/p>\n<\/div>\n\n    <div class=\"xs_social_share_widget xs_share_url after_content \t\tmain_content  wslu-style-1 wslu-share-box-shaped wslu-fill-colored wslu-none wslu-share-horizontal wslu-theme-font-no wslu-main_content\">\n\n\t\t\n        <ul>\n\t\t\t        <\/ul>\n    <\/div> \n","protected":false},"excerpt":{"rendered":"<p>Suiza celebr\u00f3 el viernes una jornada de luto nacional en honor de las 40 v\u00edctimas mortales de un incendio en un bar alpino durante una celebraci\u00f3n de A\u00f1o Nuevo , al tiempo que los fiscales solicitaron que uno de los gerentes fuera puesto en detenci\u00f3n preventiva. La fiscal jefe del cant\u00f3n de Valais, Beatrice Pilloud<\/p>\n","protected":false},"author":2,"featured_media":18212,"comment_status":"open","ping_status":"open","sticky":false,"template":"","format":"standard","meta":{"om_disable_all_campaigns":false,"_monsterinsights_skip_tracking":false,"_monsterinsights_sitenote_active":false,"_monsterinsights_sitenote_note":"","_monsterinsights_sitenote_category":0,"footnotes":""},"categories":[10],"tags":[],"class_list":["post-18217","post","type-post","status-publish","format-standard","has-post-thumbnail","hentry","category-mundo"],"aioseo_notices":[],"_links":{"self":[{"href":"https:\/\/aleeknews.com\/4l33k5\/wp-json\/wp\/v2\/posts\/18217","targetHints":{"allow":["GET"]}}],"collection":[{"href":"https:\/\/aleeknews.com\/4l33k5\/wp-json\/wp\/v2\/posts"}],"about":[{"href":"https:\/\/aleeknews.com\/4l33k5\/wp-json\/wp\/v2\/types\/post"}],"author":[{"embeddable":true,"href":"https:\/\/aleeknews.com\/4l33k5\/wp-json\/wp\/v2\/users\/2"}],"replies":[{"embeddable":true,"href":"https:\/\/aleeknews.com\/4l33k5\/wp-json\/wp\/v2\/comments?post=18217"}],"version-history":[{"count":0,"href":"https:\/\/aleeknews.com\/4l33k5\/wp-json\/wp\/v2\/posts\/18217\/revisions"}],"wp:featuredmedia":[{"embeddable":true,"href":"https:\/\/aleeknews.com\/4l33k5\/wp-json\/wp\/v2\/media\/18212"}],"wp:attachment":[{"href":"https:\/\/aleeknews.com\/4l33k5\/wp-json\/wp\/v2\/media?parent=18217"}],"wp:term":[{"taxonomy":"category","embeddable":true,"href":"https:\/\/aleeknews.com\/4l33k5\/wp-json\/wp\/v2\/categories?post=18217"},{"taxonomy":"post_tag","embeddable":true,"href":"https:\/\/aleeknews.com\/4l33k5\/wp-json\/wp\/v2\/tags?post=18217"}],"curies":[{"name":"wp","href":"https:\/\/api.w.org\/{rel}","templated":true}]}}