{"id":18213,"date":"2026-01-10T07:43:36","date_gmt":"2026-01-10T06:43:36","guid":{"rendered":"https:\/\/aleeknews.com\/4l33k5\/2026\/01\/10\/suiza-rinde-homenaje-a-las-victimas-del-mortifero-incendio-en-un-bar-de-los-alpes-en-un-dia-de-luto-nacional\/"},"modified":"2026-01-10T07:43:36","modified_gmt":"2026-01-10T06:43:36","slug":"suiza-rinde-homenaje-a-las-victimas-del-mortifero-incendio-en-un-bar-de-los-alpes-en-un-dia-de-luto-nacional","status":"publish","type":"post","link":"https:\/\/aleeknews.com\/4l33k5\/2026\/01\/10\/suiza-rinde-homenaje-a-las-victimas-del-mortifero-incendio-en-un-bar-de-los-alpes-en-un-dia-de-luto-nacional\/","title":{"rendered":"Suiza rinde homenaje a las v\u00edctimas del mort\u00edfero incendio en un bar de los Alpes en un d\u00eda de luto nacional"},"content":{"rendered":"<div>\n<p><b>Martingny, Suiza <\/b>&#8211; Suiza celebrar\u00e1 un funeral el viernes, como parte de un d\u00eda de luto nacional en honor a las 40 personas que murieron en un incendio en un bar de los Alpes a principios de este mes durante una celebraci\u00f3n de A\u00f1o Nuevo.<\/p>\n<p>Otras 116 personas resultaron heridas, muchas de ellas de gravedad, cuando se declar\u00f3 el incendio, menos de dos horas despu\u00e9s de medianoche, en el bar Le Constellation, el 1 de enero.<\/p>\n<p>Los investigadores creen que las velas encendidas sobre botellas de champ\u00e1n provocaron el incendio en la localidad tur\u00edstica de Crans-Montana al acercarse demasiado al techo. Las autoridades est\u00e1n investigando si el material de insonorizaci\u00f3n del techo cumpl\u00eda la normativa y si estaba permitido el uso de las velas en el bar. No se hab\u00edan realizado inspecciones de seguridad contra incendios desde 2019.<\/p>\n<p>La gravedad de las quemaduras dificult\u00f3 la identificaci\u00f3n de algunas v\u00edctimas, por lo que las familias tuvieron que proporcionar a las autoridades muestras de ADN. Seg\u00fan la polic\u00eda, muchas de las v\u00edctimas ten\u00edan entre 20 y 30 a\u00f1os.<\/p>\n<p>Las autoridades suizas han abierto una investigaci\u00f3n penal contra los gerentes del bar. Los dos son sospechosos de homicidio involuntario, lesiones corporales involuntarias y provocaci\u00f3n involuntaria de un incendio, seg\u00fan el fiscal jefe de la regi\u00f3n del Valais.<\/p>\n<div>\n<p><b>1 \/ 11 | <\/b><span> Tr\u00e1gica despedida de a\u00f1o: decenas de personas mueren en un incendio en bar de Suiza. Decenas de personas podr\u00edan haber muerto y alrededor de 100 m\u00e1s resultaron heridas, la mayor\u00eda de gravedad, tras un incendio en un bar de una localidad tur\u00edstica de los Alpes suizos durante la celebraci\u00f3n de A\u00f1o Nuevo.<\/span><i> &#8211; The Associated Press<\/i><\/p>\n<\/div>\n<p>Como parte del d\u00eda de luto nacional, las campanas de las iglesias de toda Suiza sonar\u00e1n durante cinco minutos, a partir de las 14.00 hora local del viernes, y se guardar\u00e1 un minuto de silencio.<\/p>\n<p><b>Investigaciones en Italia y Francia<\/b><\/p>\n<p>La fiscal\u00eda de Roma ha abierto una investigaci\u00f3n sobre el incendio de Crans-Montana, alegando homicidio involuntario e incendio provocado, seg\u00fan informaron el jueves los medios de comunicaci\u00f3n italianos. Se ha ordenado la autopsia de cinco de las seis v\u00edctimas italianas y se ha delegado en las fiscal\u00edas de Mil\u00e1n, Bolonia y G\u00e9nova, donde han sido devueltos los cad\u00e1veres de las v\u00edctimas.<\/p>\n<p><i>Esta historia fue traducida del ingl\u00e9s al espa\u00f1ol con una herramienta de inteligencia artificial y fue revisada por un editor antes de su publicaci\u00f3n.<\/i><\/p>\n<\/div>\n\n    <div class=\"xs_social_share_widget xs_share_url after_content \t\tmain_content  wslu-style-1 wslu-share-box-shaped wslu-fill-colored wslu-none wslu-share-horizontal wslu-theme-font-no wslu-main_content\">\n\n\t\t\n        <ul>\n\t\t\t        <\/ul>\n    <\/div> \n","protected":false},"excerpt":{"rendered":"<p>Martingny, Suiza &#8211; Suiza celebrar\u00e1 un funeral el viernes, como parte de un d\u00eda de luto nacional en honor a las 40 personas que murieron en un incendio en un bar de los Alpes a principios de este mes durante una celebraci\u00f3n de A\u00f1o Nuevo. Otras 116 personas resultaron heridas, muchas de ellas de gravedad<\/p>\n","protected":false},"author":2,"featured_media":18214,"comment_status":"open","ping_status":"open","sticky":false,"template":"","format":"standard","meta":{"om_disable_all_campaigns":false,"_monsterinsights_skip_tracking":false,"_monsterinsights_sitenote_active":false,"_monsterinsights_sitenote_note":"","_monsterinsights_sitenote_category":0,"footnotes":""},"categories":[10],"tags":[],"class_list":["post-18213","post","type-post","status-publish","format-standard","has-post-thumbnail","hentry","category-mundo"],"aioseo_notices":[],"_links":{"self":[{"href":"https:\/\/aleeknews.com\/4l33k5\/wp-json\/wp\/v2\/posts\/18213","targetHints":{"allow":["GET"]}}],"collection":[{"href":"https:\/\/aleeknews.com\/4l33k5\/wp-json\/wp\/v2\/posts"}],"about":[{"href":"https:\/\/aleeknews.com\/4l33k5\/wp-json\/wp\/v2\/types\/post"}],"author":[{"embeddable":true,"href":"https:\/\/aleeknews.com\/4l33k5\/wp-json\/wp\/v2\/users\/2"}],"replies":[{"embeddable":true,"href":"https:\/\/aleeknews.com\/4l33k5\/wp-json\/wp\/v2\/comments?post=18213"}],"version-history":[{"count":0,"href":"https:\/\/aleeknews.com\/4l33k5\/wp-json\/wp\/v2\/posts\/18213\/revisions"}],"wp:featuredmedia":[{"embeddable":true,"href":"https:\/\/aleeknews.com\/4l33k5\/wp-json\/wp\/v2\/media\/18214"}],"wp:attachment":[{"href":"https:\/\/aleeknews.com\/4l33k5\/wp-json\/wp\/v2\/media?parent=18213"}],"wp:term":[{"taxonomy":"category","embeddable":true,"href":"https:\/\/aleeknews.com\/4l33k5\/wp-json\/wp\/v2\/categories?post=18213"},{"taxonomy":"post_tag","embeddable":true,"href":"https:\/\/aleeknews.com\/4l33k5\/wp-json\/wp\/v2\/tags?post=18213"}],"curies":[{"name":"wp","href":"https:\/\/api.w.org\/{rel}","templated":true}]}}