{"id":18182,"date":"2026-01-09T06:44:54","date_gmt":"2026-01-09T05:44:54","guid":{"rendered":"https:\/\/aleeknews.com\/4l33k5\/2026\/01\/09\/el-acuerdo-suplementario-de-luma-podria-estar-vigente-hasta-el-1-de-diciembre-de-2023\/"},"modified":"2026-01-09T06:44:54","modified_gmt":"2026-01-09T05:44:54","slug":"el-acuerdo-suplementario-de-luma-podria-estar-vigente-hasta-el-1-de-diciembre-de-2023","status":"publish","type":"post","link":"https:\/\/aleeknews.com\/4l33k5\/2026\/01\/09\/el-acuerdo-suplementario-de-luma-podria-estar-vigente-hasta-el-1-de-diciembre-de-2023\/","title":{"rendered":"El acuerdo suplementario de LUMA podr\u00eda estar vigente hasta el 1 de diciembre de 2023"},"content":{"rendered":"<div>\n<div data-testid=\"global-header-test\" data-fusion-lazy-id=\"f0f5G41E11Y61Ck\">\n<hr>\n<p><span>Bolsa de valores <b>05:45 AM<\/b><\/span><\/p>\n<\/div>\n<div>\n<div data-fusion-lazy-id=\"f0f9tfiOw0362nv\">\n<div class>\n<p><a href=\"https:\/\/thetrustproject.org\/\"><img decoding=\"async\" src=\"https:\/\/www.elnuevodia.com\/pf\/resources\/v2\/icons\/trust-icon.svg?d=219\"><\/a><\/p>\n<div>\n<p>Se adhiere a los criterios de The Trust Project<\/p>\n<\/div>\n<\/div>\n<div>\n<h2>Seg\u00fan el pacto entre la Junta de Supervisi\u00f3n Fiscal y los \u201cfuel lenders\u201d, estos recuperar\u00edan pr\u00e1cticamente todo el dinero prestado a la AEE<\/h2>\n<div>\n<p>7 de diciembre de 2022 &#8211; 11:40 PM<\/p>\n<\/div>\n<div>\n<p><b>Archivo<\/b><\/p>\n<p>Esta historia fue publicada hace m\u00e1s de 3 a\u00f1os.<\/p>\n<\/div>\n<\/div>\n<\/div>\n<div data-fusion-lazy-id=\"f0f8wxHIPTYNet\">\n<div><picture><source media=\"(max-width: 375px)\" ><source media=\"(max-width: 767px)\" ><source media=\"(max-width: 1023px)\" ><source ><\/picture><figcaption>De confirmarse por el tribunal, uno de los acuerdos entre los acreedores de la Autoridad de Energ\u00eda El\u00e9ctrica y la Junta de Supervisi\u00f3n Fiscal contempla imponer un cargo fijo en la factura de la luz y otro seg\u00fan el consumo que registren los abonados. <span>(xavier.araujo@gfrmedia.com)<\/span><\/figcaption><\/div>\n<div>\n<p><img decoding=\"async\" alt=\"Joanisabel Gonz\u00e1lez\" src=\"https:\/\/www.elnuevodia.com\/resizer\/v2\/https%3A%2F%2Fs3.amazonaws.com%2Farc-authors%2Fgfrmedia%2F519e605c-1da3-426e-978e-5e652738adf1.png?auth=8d263d6af8abe94089748accd0124578403acdfd27afb897f0302a06633c443d&#038;quality=75&#038;smart=true&#038;width=170&#038;height=147\"><\/p>\n<\/div>\n<div>\n<p>A juzgar por el acuerdo entre la <a href=\"https:\/\/www.elnuevodia.com\/topicos\/junta-supervision-fiscal\/\" target=\"_blank\">Junta de Supervisi\u00f3n Fiscal<\/a> (JSF) y el grupo organizado de prestamistas de las l\u00edneas de cr\u00e9dito para la compra de combustible (\u201cfuel lenders\u201d) de la <a href=\"https:\/\/www.elnuevodia.com\/topicos\/aee\/\" target=\"_blank\">Autoridad de Energ\u00eda El\u00e9ctrica <\/a>(AEE), el acuerdo suplementario bajo el que <a href=\"https:\/\/www.elnuevodia.com\/topicos\/luma-energy\/\" target=\"_blank\">LUMA Energy<\/a> opera la red el\u00e9ctrica podr\u00eda extenderse hasta el 1 de diciembre de 2023, cuando entrar\u00eda en vigor el <a href=\"https:\/\/www.elnuevodia.com\/topicos\/plan-de-ajuste-de-la-deuda\/\" target=\"_blank\">Plan de Ajuste<\/a> de la corporaci\u00f3n p\u00fablica (PDA-AEE).<\/p>\n<\/div>\n<\/div>\n<section>\n<header><span>Popular en la Comunidad<\/span><\/header>\n<\/section>\n<\/div>\n<\/div>\n\n    <div class=\"xs_social_share_widget xs_share_url after_content \t\tmain_content  wslu-style-1 wslu-share-box-shaped wslu-fill-colored wslu-none wslu-share-horizontal wslu-theme-font-no wslu-main_content\">\n\n\t\t\n        <ul>\n\t\t\t        <\/ul>\n    <\/div> \n","protected":false},"excerpt":{"rendered":"<p>Bolsa de valores 05:45 AM Se adhiere a los criterios de The Trust Project Seg\u00fan el pacto entre la Junta de Supervisi\u00f3n Fiscal y los \u201cfuel lenders\u201d, estos recuperar\u00edan pr\u00e1cticamente todo el dinero prestado a la AEE 7 de diciembre de 2022 &#8211; 11:40 PM Archivo Esta historia fue publicada hace m\u00e1s de 3 a\u00f1os.<\/p>\n","protected":false},"author":2,"featured_media":18183,"comment_status":"open","ping_status":"open","sticky":false,"template":"","format":"standard","meta":{"om_disable_all_campaigns":false,"_monsterinsights_skip_tracking":false,"_monsterinsights_sitenote_active":false,"_monsterinsights_sitenote_note":"","_monsterinsights_sitenote_category":0,"footnotes":""},"categories":[5],"tags":[],"class_list":["post-18182","post","type-post","status-publish","format-standard","has-post-thumbnail","hentry","category-negocios"],"aioseo_notices":[],"_links":{"self":[{"href":"https:\/\/aleeknews.com\/4l33k5\/wp-json\/wp\/v2\/posts\/18182","targetHints":{"allow":["GET"]}}],"collection":[{"href":"https:\/\/aleeknews.com\/4l33k5\/wp-json\/wp\/v2\/posts"}],"about":[{"href":"https:\/\/aleeknews.com\/4l33k5\/wp-json\/wp\/v2\/types\/post"}],"author":[{"embeddable":true,"href":"https:\/\/aleeknews.com\/4l33k5\/wp-json\/wp\/v2\/users\/2"}],"replies":[{"embeddable":true,"href":"https:\/\/aleeknews.com\/4l33k5\/wp-json\/wp\/v2\/comments?post=18182"}],"version-history":[{"count":0,"href":"https:\/\/aleeknews.com\/4l33k5\/wp-json\/wp\/v2\/posts\/18182\/revisions"}],"wp:featuredmedia":[{"embeddable":true,"href":"https:\/\/aleeknews.com\/4l33k5\/wp-json\/wp\/v2\/media\/18183"}],"wp:attachment":[{"href":"https:\/\/aleeknews.com\/4l33k5\/wp-json\/wp\/v2\/media?parent=18182"}],"wp:term":[{"taxonomy":"category","embeddable":true,"href":"https:\/\/aleeknews.com\/4l33k5\/wp-json\/wp\/v2\/categories?post=18182"},{"taxonomy":"post_tag","embeddable":true,"href":"https:\/\/aleeknews.com\/4l33k5\/wp-json\/wp\/v2\/tags?post=18182"}],"curies":[{"name":"wp","href":"https:\/\/api.w.org\/{rel}","templated":true}]}}