{"id":18173,"date":"2026-01-09T06:44:59","date_gmt":"2026-01-09T05:44:59","guid":{"rendered":"https:\/\/aleeknews.com\/4l33k5\/2026\/01\/09\/el-cargo-hibrido-supondria-un-alza-de-al-menos-14-en-la-factura-promedio-de-la-luz\/"},"modified":"2026-01-09T06:44:59","modified_gmt":"2026-01-09T05:44:59","slug":"el-cargo-hibrido-supondria-un-alza-de-al-menos-14-en-la-factura-promedio-de-la-luz","status":"publish","type":"post","link":"https:\/\/aleeknews.com\/4l33k5\/2026\/01\/09\/el-cargo-hibrido-supondria-un-alza-de-al-menos-14-en-la-factura-promedio-de-la-luz\/","title":{"rendered":"El cargo \u201ch\u00edbrido\u201d supondr\u00eda un alza de al menos 14% en la factura promedio de la luz"},"content":{"rendered":"<div>\n<div data-testid=\"global-header-test\" data-fusion-lazy-id=\"f0f5G41E11Y61Ck\">\n<hr>\n<p><span>Bolsa de valores <b>05:44 AM<\/b><\/span><\/p>\n<\/div>\n<div>\n<div data-fusion-lazy-id=\"f0f9tfiOw0362nv\">\n<div class>\n<p><a href=\"https:\/\/thetrustproject.org\/\"><img decoding=\"async\" src=\"https:\/\/www.elnuevodia.com\/pf\/resources\/v2\/icons\/trust-icon.svg?d=219\"><\/a><\/p>\n<div>\n<p>Se adhiere a los criterios de The Trust Project<\/p>\n<\/div>\n<\/div>\n<div>\n<h2>A pesar de la f\u00e9rrea oposici\u00f3n de los bonistas, el presidente de la Junta de Supervisi\u00f3n Fiscal, David Skeel, entiende que el plan para modificar las deudas de la AEE es \u201cconfirmable\u201d<\/h2>\n<div>\n<p>10 de febrero de 2023 &#8211; 11:40 PM<\/p>\n<\/div>\n<div>\n<p><b>Archivo<\/b><\/p>\n<p>Esta historia fue publicada hace m\u00e1s de 2 a\u00f1os.<\/p>\n<\/div>\n<\/div>\n<\/div>\n<div data-fusion-lazy-id=\"f0f8wxHIPTYNet\">\n<div><picture><source media=\"(max-width: 375px)\" ><source media=\"(max-width: 767px)\" ><source media=\"(max-width: 1023px)\" ><source ><\/picture><figcaption>El presidente de la Junta de Supervisi\u00f3n Fiscal (JSF), David Skeel, se mostr\u00f3 confiado en que la enmienda al Plan de Ajuste de la AEE no retrase el proceso de confirmaci\u00f3n que debe comenzar el pr\u00f3ximo 28 de febrero. <\/figcaption><\/div>\n<div>\n<p><img decoding=\"async\" alt=\"Joanisabel Gonz\u00e1lez\" src=\"https:\/\/www.elnuevodia.com\/resizer\/v2\/https%3A%2F%2Fs3.amazonaws.com%2Farc-authors%2Fgfrmedia%2F519e605c-1da3-426e-978e-5e652738adf1.png?auth=8d263d6af8abe94089748accd0124578403acdfd27afb897f0302a06633c443d&#038;quality=75&#038;smart=true&#038;width=170&#038;height=147\"><\/p>\n<\/div>\n<div>\n<p>Aunque se trata de una suma m\u00e1s baja que las cifras que se negociaban el a\u00f1o pasado, el cargo \u201ch\u00edbrido\u201d que la <a href=\"https:\/\/www.elnuevodia.com\/topicos\/junta-supervision-fiscal\/\" target=\"_blank\">Junta de Supervisi\u00f3n Fiscal <\/a>(JSF) divulg\u00f3 ayer tras enmendar el <a href=\"https:\/\/www.elnuevodia.com\/topicos\/plan-ajuste-deuda\/\" target=\"_blank\">Plan de Ajuste<\/a> de la <a href=\"https:\/\/www.elnuevodia.com\/topicos\/aee\/\" target=\"_blank\">Autoridad de Energ\u00eda El\u00e9ctrica<\/a> (PDA-AEE) supondr\u00eda un aumento aproximado de 14% en la factura de electricidad promedio en Puerto Rico, seg\u00fan el organismo.<\/p>\n<\/div>\n<\/div>\n<section>\n<header><span>Popular en la Comunidad<\/span><\/header>\n<\/section>\n<\/div>\n<\/div>\n\n    <div class=\"xs_social_share_widget xs_share_url after_content \t\tmain_content  wslu-style-1 wslu-share-box-shaped wslu-fill-colored wslu-none wslu-share-horizontal wslu-theme-font-no wslu-main_content\">\n\n\t\t\n        <ul>\n\t\t\t        <\/ul>\n    <\/div> \n","protected":false},"excerpt":{"rendered":"<p>Bolsa de valores 05:44 AM Se adhiere a los criterios de The Trust Project A pesar de la f\u00e9rrea oposici\u00f3n de los bonistas, el presidente de la Junta de Supervisi\u00f3n Fiscal, David Skeel, entiende que el plan para modificar las deudas de la AEE es \u201cconfirmable\u201d 10 de febrero de 2023 &#8211; 11:40 PM Archivo<\/p>\n","protected":false},"author":2,"featured_media":18174,"comment_status":"open","ping_status":"open","sticky":false,"template":"","format":"standard","meta":{"om_disable_all_campaigns":false,"_monsterinsights_skip_tracking":false,"_monsterinsights_sitenote_active":false,"_monsterinsights_sitenote_note":"","_monsterinsights_sitenote_category":0,"footnotes":""},"categories":[5],"tags":[],"class_list":["post-18173","post","type-post","status-publish","format-standard","has-post-thumbnail","hentry","category-negocios"],"aioseo_notices":[],"_links":{"self":[{"href":"https:\/\/aleeknews.com\/4l33k5\/wp-json\/wp\/v2\/posts\/18173","targetHints":{"allow":["GET"]}}],"collection":[{"href":"https:\/\/aleeknews.com\/4l33k5\/wp-json\/wp\/v2\/posts"}],"about":[{"href":"https:\/\/aleeknews.com\/4l33k5\/wp-json\/wp\/v2\/types\/post"}],"author":[{"embeddable":true,"href":"https:\/\/aleeknews.com\/4l33k5\/wp-json\/wp\/v2\/users\/2"}],"replies":[{"embeddable":true,"href":"https:\/\/aleeknews.com\/4l33k5\/wp-json\/wp\/v2\/comments?post=18173"}],"version-history":[{"count":0,"href":"https:\/\/aleeknews.com\/4l33k5\/wp-json\/wp\/v2\/posts\/18173\/revisions"}],"wp:featuredmedia":[{"embeddable":true,"href":"https:\/\/aleeknews.com\/4l33k5\/wp-json\/wp\/v2\/media\/18174"}],"wp:attachment":[{"href":"https:\/\/aleeknews.com\/4l33k5\/wp-json\/wp\/v2\/media?parent=18173"}],"wp:term":[{"taxonomy":"category","embeddable":true,"href":"https:\/\/aleeknews.com\/4l33k5\/wp-json\/wp\/v2\/categories?post=18173"},{"taxonomy":"post_tag","embeddable":true,"href":"https:\/\/aleeknews.com\/4l33k5\/wp-json\/wp\/v2\/tags?post=18173"}],"curies":[{"name":"wp","href":"https:\/\/api.w.org\/{rel}","templated":true}]}}