{"id":18171,"date":"2026-01-09T06:45:00","date_gmt":"2026-01-09T05:45:00","guid":{"rendered":"https:\/\/aleeknews.com\/4l33k5\/2026\/01\/09\/asociacion-de-industriales-solicitara-al-gobernador-una-sesion-extraordinaria\/"},"modified":"2026-01-09T06:45:00","modified_gmt":"2026-01-09T05:45:00","slug":"asociacion-de-industriales-solicitara-al-gobernador-una-sesion-extraordinaria","status":"publish","type":"post","link":"https:\/\/aleeknews.com\/4l33k5\/2026\/01\/09\/asociacion-de-industriales-solicitara-al-gobernador-una-sesion-extraordinaria\/","title":{"rendered":"Asociaci\u00f3n de Industriales solicitar\u00e1 al gobernador una sesi\u00f3n extraordinaria"},"content":{"rendered":"<div>\n<div data-testid=\"global-header-test\" data-fusion-lazy-id=\"f0f5G41E11Y61Ck\">\n<hr>\n<p><span>Bolsa de valores <b>05:44 AM<\/b><\/span><\/p>\n<\/div>\n<div>\n<div data-fusion-lazy-id=\"f0f9tfiOw0362nv\">\n<div class>\n<p><a href=\"https:\/\/thetrustproject.org\/\"><img decoding=\"async\" src=\"https:\/\/www.elnuevodia.com\/pf\/resources\/v2\/icons\/trust-icon.svg?d=219\"><\/a><\/p>\n<div>\n<p>Noticia<\/p>\n<div>\n<p>Basado en hechos que el periodista haya observado y verificado de primera mano, o en informaci\u00f3n verificada que proviene de fuentes bien informadas.<\/p>\n<\/div>\n<\/div>\n<\/div>\n<div>\n<h2>El sector privado mantiene viva la discusi\u00f3n sobre el Proyecto de la C\u00e1mara 1908 para atender la controversia en torno el Impuesto M\u00ednimo Global<\/h2>\n<div>\n<p>3 de julio de 2024 &#8211; 10:00 AM<\/p>\n<\/div>\n<div>\n<p><b>Archivo<\/b><\/p>\n<p>Esta historia fue publicada hace m\u00e1s de 1 a\u00f1o.<\/p>\n<\/div>\n<\/div>\n<\/div>\n<div data-fusion-lazy-id=\"f0f8wxHIPTYNet\">\n<div><picture><source media=\"(max-width: 375px)\" ><source media=\"(max-width: 767px)\" ><source media=\"(max-width: 1023px)\" ><source ><\/picture><figcaption>Cerca de una decena de entidades establecidas en la isla que pagan un 4% sobre sus ingresos y cuyas sus matrices operan en pa\u00edses europeos que ya implementaron el acuerdo contributivo de 15% sobre el ingreso industrial, deber\u00e1n pagar la diferencia (un 11%) por su producci\u00f3n en Puerto Rico al pa\u00eds en Europa. <span>(Ram\u0097n &#8220;Tonito&#8221; Zayas)<\/span><\/figcaption><\/div>\n<div>\n<p><img decoding=\"async\" alt=\"Efra\u00edn Montalb\u00e1n R\u00edos\" src=\"https:\/\/www.elnuevodia.com\/resizer\/v2\/https%3A%2F%2Fauthor-service-images-prod-us-east-1.publishing.aws.arc.pub%2Fgfrmedia%2Fb846106f-313f-4fa3-8690-8169fec53277.png?auth=b672eb01840f63d170a79ae205ccc29a2f694f1bb849b72693c84ad2cc16b7a1&#038;quality=75&#038;smart=true&#038;width=170&#038;height=147\"><\/p>\n<\/div>\n<div>\n<p>La <a href=\"https:\/\/www.elnuevodia.com\/topicos\/asociacion-de-industriales-de-puerto-rico\/\"><b>Asociaci\u00f3n de Industriales de Puerto Rico<\/b><\/a><b> (PRMA, en ingl\u00e9s) solicitar\u00e1 al gobernador <\/b><a href=\"https:\/\/www.elnuevodia.com\/topicos\/pedro-pierluisi\/\" target=\"_blank\"><b>Pedro Pierluisi<\/b><\/a><b> para que convoque a una sesi\u00f3n extraordinaria<\/b>, en la que se considere la aprobaci\u00f3n del <a href=\"https:\/\/www.elnuevodia.com\/negocios\/economia\/notas\/contrarreloj-un-proyecto-de-ley-clave-para-preservar-miles-de-empleos-en-el-sector-industrial\/\" target=\"_blank\">Proyecto de la C\u00e1mara (PC) 1908<\/a>, indic\u00f3 este martes Carlos Serrano, presidente del Comit\u00e9 de Asuntos Contributivos de PRMA.<\/p>\n<\/div>\n<\/div>\n<section>\n<header><span>Popular en la Comunidad<\/span><\/header>\n<\/section>\n<\/div>\n<\/div>\n\n    <div class=\"xs_social_share_widget xs_share_url after_content \t\tmain_content  wslu-style-1 wslu-share-box-shaped wslu-fill-colored wslu-none wslu-share-horizontal wslu-theme-font-no wslu-main_content\">\n\n\t\t\n        <ul>\n\t\t\t        <\/ul>\n    <\/div> \n","protected":false},"excerpt":{"rendered":"<p>Bolsa de valores 05:44 AM Noticia Basado en hechos que el periodista haya observado y verificado de primera mano, o en informaci\u00f3n verificada que proviene de fuentes bien informadas. El sector privado mantiene viva la discusi\u00f3n sobre el Proyecto de la C\u00e1mara 1908 para atender la controversia en torno el Impuesto M\u00ednimo Global 3 de<\/p>\n","protected":false},"author":2,"featured_media":18172,"comment_status":"open","ping_status":"open","sticky":false,"template":"","format":"standard","meta":{"om_disable_all_campaigns":false,"_monsterinsights_skip_tracking":false,"_monsterinsights_sitenote_active":false,"_monsterinsights_sitenote_note":"","_monsterinsights_sitenote_category":0,"footnotes":""},"categories":[5],"tags":[],"class_list":["post-18171","post","type-post","status-publish","format-standard","has-post-thumbnail","hentry","category-negocios"],"aioseo_notices":[],"_links":{"self":[{"href":"https:\/\/aleeknews.com\/4l33k5\/wp-json\/wp\/v2\/posts\/18171","targetHints":{"allow":["GET"]}}],"collection":[{"href":"https:\/\/aleeknews.com\/4l33k5\/wp-json\/wp\/v2\/posts"}],"about":[{"href":"https:\/\/aleeknews.com\/4l33k5\/wp-json\/wp\/v2\/types\/post"}],"author":[{"embeddable":true,"href":"https:\/\/aleeknews.com\/4l33k5\/wp-json\/wp\/v2\/users\/2"}],"replies":[{"embeddable":true,"href":"https:\/\/aleeknews.com\/4l33k5\/wp-json\/wp\/v2\/comments?post=18171"}],"version-history":[{"count":0,"href":"https:\/\/aleeknews.com\/4l33k5\/wp-json\/wp\/v2\/posts\/18171\/revisions"}],"wp:featuredmedia":[{"embeddable":true,"href":"https:\/\/aleeknews.com\/4l33k5\/wp-json\/wp\/v2\/media\/18172"}],"wp:attachment":[{"href":"https:\/\/aleeknews.com\/4l33k5\/wp-json\/wp\/v2\/media?parent=18171"}],"wp:term":[{"taxonomy":"category","embeddable":true,"href":"https:\/\/aleeknews.com\/4l33k5\/wp-json\/wp\/v2\/categories?post=18171"},{"taxonomy":"post_tag","embeddable":true,"href":"https:\/\/aleeknews.com\/4l33k5\/wp-json\/wp\/v2\/tags?post=18171"}],"curies":[{"name":"wp","href":"https:\/\/api.w.org\/{rel}","templated":true}]}}