{"id":18164,"date":"2026-01-09T06:44:03","date_gmt":"2026-01-09T05:44:03","guid":{"rendered":"https:\/\/aleeknews.com\/4l33k5\/2026\/01\/09\/se-acerca-el-fin-de-la-guerra-en-ucrania-volodymyr-zelensky-y-donald-trump-sostendran-una-reunion-clave\/"},"modified":"2026-01-09T06:44:03","modified_gmt":"2026-01-09T05:44:03","slug":"se-acerca-el-fin-de-la-guerra-en-ucrania-volodymyr-zelensky-y-donald-trump-sostendran-una-reunion-clave","status":"publish","type":"post","link":"https:\/\/aleeknews.com\/4l33k5\/2026\/01\/09\/se-acerca-el-fin-de-la-guerra-en-ucrania-volodymyr-zelensky-y-donald-trump-sostendran-una-reunion-clave\/","title":{"rendered":"\u00bfSe acerca el fin de la guerra en Ucrania? Volodymyr Zelensky y Donald Trump sostendr\u00e1n una reuni\u00f3n clave"},"content":{"rendered":"<div>\n<p><b>Berl\u00edn <\/b> &#8211; El presidente ucraniano, <a href=\"https:\/\/www.elnuevodia.com\/topicos\/volodymyr-zelensky\/\" target=\"_self\" rel title=\"https:\/\/www.elnuevodia.com\/topicos\/volodymyr-zelensky\/\"><b>Volodymyr Zelensky<\/b><\/a>, dijo este viernes que la reuni\u00f3n con el dirigente estadounidense <a href=\"https:\/\/www.elnuevodia.com\/topicos\/donald-trump\/\" target=\"_self\" rel title=\"https:\/\/www.elnuevodia.com\/topicos\/donald-trump\/\"><b>Donald Trump<\/b><\/a> se producir\u00e1 probablemente el pr\u00f3ximo domingo en Florida.<\/p>\n<p><b>\u201cTenemos un orden del d\u00eda amplio. Ser\u00e1 el fin de semana. Creo que ser\u00e1 el domingo, en Florida, tendremos una reuni\u00f3n con el presidente Trump\u201d,<\/b> afirm\u00f3 Zelensky en un encuentro con la prensa en Kiev, seg\u00fan declaraciones recogidas por la agencia Ukrinform.<\/p>\n<p><b>De acuerdo con el presidente, las delegaciones ucraniana y estadounidense abordar\u00e1n el borrador de 20 puntos para poner fin a la guerra, as\u00ed como las garant\u00edas de seguridad bilaterales que podr\u00eda prestar Washington y un acuerdo econ\u00f3mico.<\/b><\/p>\n<p>\u201cEl plan de 20 puntos en el que trabajamos est\u00e1 listo en un 90%. Nuestra tarea es garantizar que todo est\u00e9 listo al 100%\u201d, declar\u00f3 con respecto a la propuesta de paz, en la que quedan abiertos todav\u00eda temas como las concesiones territoriales que est\u00e1 dispuesta a realizar Kiev.<\/p>\n<p>Este viernes, Zelensky hab\u00eda adelantado en Telegram que pensaba reunirse con Trump \u201cen un futuro cercano\u201d y apunt\u00f3 que antes de A\u00f1o Nuevo se puede decidir \u201cmucho\u201d, en relaci\u00f3n a los esfuerzos diplom\u00e1ticos para poner fin a la guerra de Ucrania.<\/p>\n<p><b>El medio ucraniano Kyiv Post hab\u00eda adelantado, citando fuentes diplom\u00e1ticas, que la cita pod\u00eda producirse el pr\u00f3ximo domingo, 28 de diciembre, en la residencia de Trump de Mar-a-Lago en Florida.<\/b><\/p>\n<p>Zelensky mantuvo este jueves una conversaci\u00f3n telef\u00f3nica con los emisarios de la Casa Blanca Steve Witkoff y Jared Kushner, con los que abord\u00f3 algunas \u201cnuevas ideas\u201d sobre c\u00f3mo alcanzar la paz en Ucrania, a nivel de formatos, reuniones y de la hoja de ruta de las conversaciones.<\/p>\n<p>\u201cPor supuesto, todav\u00eda tenemos que trabajar en algunas cuestiones delicadas. Pero junto con la parte estadounidense, sabemos c\u00f3mo garantizar que todo esto ocurra. Puede que las pr\u00f3ximas semanas tambi\u00e9n sean intensas\u201d, anticip\u00f3.<\/p>\n<p>Esta semana Zelenski present\u00f3 por primera vez en detalle el plan de paz de 20 puntos elaborado de forma conjunta por Kiev y Washington, que incluye un pacto de no agresi\u00f3n y garant\u00edas de seguridad para Kiev.<\/p>\n<p><b>Sin embargo, todav\u00eda hay cuestiones abiertas, como las concesiones territoriales que reclama Mosc\u00fa o la gesti\u00f3n de la central nuclear de Zaporiyia, bajo control ruso. <\/b><\/p>\n<\/div>\n\n    <div class=\"xs_social_share_widget xs_share_url after_content \t\tmain_content  wslu-style-1 wslu-share-box-shaped wslu-fill-colored wslu-none wslu-share-horizontal wslu-theme-font-no wslu-main_content\">\n\n\t\t\n        <ul>\n\t\t\t        <\/ul>\n    <\/div> \n","protected":false},"excerpt":{"rendered":"<p>Berl\u00edn &#8211; El presidente ucraniano, Volodymyr Zelensky , dijo este viernes que la reuni\u00f3n con el dirigente estadounidense Donald Trump se producir\u00e1 probablemente el pr\u00f3ximo domingo en Florida. \u201cTenemos un orden del d\u00eda amplio. Ser\u00e1 el fin de semana. Creo que ser\u00e1 el domingo, en Florida, tendremos una reuni\u00f3n con el presidente Trump\u201d, afirm\u00f3 Zelensky<\/p>\n","protected":false},"author":2,"featured_media":18165,"comment_status":"open","ping_status":"open","sticky":false,"template":"","format":"standard","meta":{"om_disable_all_campaigns":false,"_monsterinsights_skip_tracking":false,"_monsterinsights_sitenote_active":false,"_monsterinsights_sitenote_note":"","_monsterinsights_sitenote_category":0,"footnotes":""},"categories":[10],"tags":[],"class_list":["post-18164","post","type-post","status-publish","format-standard","has-post-thumbnail","hentry","category-mundo"],"aioseo_notices":[],"_links":{"self":[{"href":"https:\/\/aleeknews.com\/4l33k5\/wp-json\/wp\/v2\/posts\/18164","targetHints":{"allow":["GET"]}}],"collection":[{"href":"https:\/\/aleeknews.com\/4l33k5\/wp-json\/wp\/v2\/posts"}],"about":[{"href":"https:\/\/aleeknews.com\/4l33k5\/wp-json\/wp\/v2\/types\/post"}],"author":[{"embeddable":true,"href":"https:\/\/aleeknews.com\/4l33k5\/wp-json\/wp\/v2\/users\/2"}],"replies":[{"embeddable":true,"href":"https:\/\/aleeknews.com\/4l33k5\/wp-json\/wp\/v2\/comments?post=18164"}],"version-history":[{"count":0,"href":"https:\/\/aleeknews.com\/4l33k5\/wp-json\/wp\/v2\/posts\/18164\/revisions"}],"wp:featuredmedia":[{"embeddable":true,"href":"https:\/\/aleeknews.com\/4l33k5\/wp-json\/wp\/v2\/media\/18165"}],"wp:attachment":[{"href":"https:\/\/aleeknews.com\/4l33k5\/wp-json\/wp\/v2\/media?parent=18164"}],"wp:term":[{"taxonomy":"category","embeddable":true,"href":"https:\/\/aleeknews.com\/4l33k5\/wp-json\/wp\/v2\/categories?post=18164"},{"taxonomy":"post_tag","embeddable":true,"href":"https:\/\/aleeknews.com\/4l33k5\/wp-json\/wp\/v2\/tags?post=18164"}],"curies":[{"name":"wp","href":"https:\/\/api.w.org\/{rel}","templated":true}]}}