{"id":18162,"date":"2026-01-09T06:44:04","date_gmt":"2026-01-09T05:44:04","guid":{"rendered":"https:\/\/aleeknews.com\/4l33k5\/2026\/01\/09\/quien-es-mark-carney-el-hombre-que-se-convertira-en-el-proximo-primer-ministro-de-canada\/"},"modified":"2026-01-09T06:44:04","modified_gmt":"2026-01-09T05:44:04","slug":"quien-es-mark-carney-el-hombre-que-se-convertira-en-el-proximo-primer-ministro-de-canada","status":"publish","type":"post","link":"https:\/\/aleeknews.com\/4l33k5\/2026\/01\/09\/quien-es-mark-carney-el-hombre-que-se-convertira-en-el-proximo-primer-ministro-de-canada\/","title":{"rendered":"\u00bfQui\u00e9n es Mark Carney, el hombre que se convertir\u00e1 en el pr\u00f3ximo primer ministro de Canad\u00e1?"},"content":{"rendered":"<div>\n<div data-fusion-lazy-id=\"f0fQYcNoHQKSGL\">\n<div class>\n<p><a href=\"https:\/\/thetrustproject.org\/\"><img decoding=\"async\" src=\"https:\/\/www.elnuevodia.com\/pf\/resources\/v2\/icons\/trust-icon.svg?d=219\"><\/a><\/p>\n<div>\n<p>Servicio de noticias<\/p>\n<div>\n<p>Producido externamente por una organizaci\u00f3n que confiamos cumple con las normas period\u00edsticas.<\/p>\n<\/div>\n<\/div>\n<\/div>\n<div>\n<h2>Reemplazar\u00e1 al actual primer ministro Justin Trudeau<\/h2>\n<div>\n<p>10 de marzo de 2025 &#8211; 9:45 PM<\/p>\n<\/div>\n<div>\n<p><b>Archivo<\/b><\/p>\n<p>Esta historia fue publicada hace m\u00e1s de 10 meses.<\/p>\n<\/div>\n<\/div>\n<\/div>\n<div data-fusion-lazy-id=\"f0fIYaQF9GLV14D\">\n<div><picture><source media=\"(max-width: 375px)\" ><source media=\"(max-width: 767px)\" ><source media=\"(max-width: 1023px)\" ><source ><\/picture><figcaption>Mark Carney durante un acto de campa\u00f1a por el liderazgo del Partido Liberal, el 16 de enero de 2025, en Edmonton, Canad\u00e1. <span>(Jason Franson)<\/span><\/figcaption><\/div>\n<div>\n<p><span>Por <b><\/b><b>The Associated Press<\/b><\/span><\/p>\n<p><span>Agencia de noticias<\/span><\/p>\n<\/div>\n<div>\n<p>El expresidente del Banco Central <b>Mark Carney<\/b> se convertir\u00e1 en el pr\u00f3ximo primer ministro de <a href=\"https:\/\/www.elnuevodia.com\/topicos\/canada\/\" target=\"_blank\" rel=\"noreferrer\" title=\"https:\/\/www.elnuevodia.com\/topicos\/canada\/\"><b>Canad\u00e1<\/b><\/a> despu\u00e9s de conseguir una aplastante victoria en las votaciones por el liderazgo del <b>Partido Liberal<\/b>.<\/p>\n<\/div>\n<\/div>\n<section>\n<header><span>Popular en la Comunidad<\/span><\/header>\n<\/section>\n<\/div>\n\n    <div class=\"xs_social_share_widget xs_share_url after_content \t\tmain_content  wslu-style-1 wslu-share-box-shaped wslu-fill-colored wslu-none wslu-share-horizontal wslu-theme-font-no wslu-main_content\">\n\n\t\t\n        <ul>\n\t\t\t        <\/ul>\n    <\/div> \n","protected":false},"excerpt":{"rendered":"<p>Servicio de noticias Producido externamente por una organizaci\u00f3n que confiamos cumple con las normas period\u00edsticas. Reemplazar\u00e1 al actual primer ministro Justin Trudeau 10 de marzo de 2025 &#8211; 9:45 PM Archivo Esta historia fue publicada hace m\u00e1s de 10 meses. Mark Carney durante un acto de campa\u00f1a por el liderazgo del Partido Liberal, el 16<\/p>\n","protected":false},"author":2,"featured_media":18163,"comment_status":"open","ping_status":"open","sticky":false,"template":"","format":"standard","meta":{"om_disable_all_campaigns":false,"_monsterinsights_skip_tracking":false,"_monsterinsights_sitenote_active":false,"_monsterinsights_sitenote_note":"","_monsterinsights_sitenote_category":0,"footnotes":""},"categories":[10],"tags":[],"class_list":["post-18162","post","type-post","status-publish","format-standard","has-post-thumbnail","hentry","category-mundo"],"aioseo_notices":[],"_links":{"self":[{"href":"https:\/\/aleeknews.com\/4l33k5\/wp-json\/wp\/v2\/posts\/18162","targetHints":{"allow":["GET"]}}],"collection":[{"href":"https:\/\/aleeknews.com\/4l33k5\/wp-json\/wp\/v2\/posts"}],"about":[{"href":"https:\/\/aleeknews.com\/4l33k5\/wp-json\/wp\/v2\/types\/post"}],"author":[{"embeddable":true,"href":"https:\/\/aleeknews.com\/4l33k5\/wp-json\/wp\/v2\/users\/2"}],"replies":[{"embeddable":true,"href":"https:\/\/aleeknews.com\/4l33k5\/wp-json\/wp\/v2\/comments?post=18162"}],"version-history":[{"count":0,"href":"https:\/\/aleeknews.com\/4l33k5\/wp-json\/wp\/v2\/posts\/18162\/revisions"}],"wp:featuredmedia":[{"embeddable":true,"href":"https:\/\/aleeknews.com\/4l33k5\/wp-json\/wp\/v2\/media\/18163"}],"wp:attachment":[{"href":"https:\/\/aleeknews.com\/4l33k5\/wp-json\/wp\/v2\/media?parent=18162"}],"wp:term":[{"taxonomy":"category","embeddable":true,"href":"https:\/\/aleeknews.com\/4l33k5\/wp-json\/wp\/v2\/categories?post=18162"},{"taxonomy":"post_tag","embeddable":true,"href":"https:\/\/aleeknews.com\/4l33k5\/wp-json\/wp\/v2\/tags?post=18162"}],"curies":[{"name":"wp","href":"https:\/\/api.w.org\/{rel}","templated":true}]}}