{"id":18159,"date":"2026-01-09T06:44:06","date_gmt":"2026-01-09T05:44:06","guid":{"rendered":"https:\/\/aleeknews.com\/4l33k5\/2026\/01\/09\/la-primera-parada-sera-en-canada-volodymyr-zelensky-se-reunira-con-mark-carney\/"},"modified":"2026-01-09T06:44:06","modified_gmt":"2026-01-09T05:44:06","slug":"la-primera-parada-sera-en-canada-volodymyr-zelensky-se-reunira-con-mark-carney","status":"publish","type":"post","link":"https:\/\/aleeknews.com\/4l33k5\/2026\/01\/09\/la-primera-parada-sera-en-canada-volodymyr-zelensky-se-reunira-con-mark-carney\/","title":{"rendered":"La primera parada ser\u00e1 en Canad\u00e1: Volodymyr Zelensky se reunir\u00e1 con Mark Carney"},"content":{"rendered":"<div>\n<p><b>Toronto, Canad\u00e1<\/b> &#8211; El presidente de Ucrania, <a href=\"https:\/\/www.elnuevodia.com\/topicos\/volodymyr-zelensky\/\" target=\"_self\" rel title=\"https:\/\/www.elnuevodia.com\/topicos\/volodymyr-zelensky\/\"><b>Volodymyr Zelensky<\/b><\/a>, har\u00e1 una escala este s\u00e1bado en la ciudad canadiense de Halifax, para celebrar un encuentro con el primer ministro canadiense, <a href=\"https:\/\/www.elnuevodia.com\/noticias\/mundo\/notas\/quien-es-mark-carney-el-hombre-que-se-convertira-en-el-proximo-primer-ministro-de-canada\/\" target=\"_self\" rel title=\"https:\/\/www.elnuevodia.com\/noticias\/mundo\/notas\/quien-es-mark-carney-el-hombre-que-se-convertira-en-el-proximo-primer-ministro-de-canada\/\"><b>Mark Carney<\/b><\/a>, poco antes de que el l\u00edder ucraniano prosiga su viaje a Florida donde se reunir\u00e1 con el presidente de Estados Unidos, <a href=\"https:\/\/www.elnuevodia.com\/topicos\/donald-trump\/\" target=\"_self\" rel title=\"https:\/\/www.elnuevodia.com\/topicos\/donald-trump\/\"><b>Donald Trump<\/b><\/a>.<\/p>\n<p><b>La Oficina del Primer Ministro de Canad\u00e1 confirm\u00f3 este s\u00e1bado que Carney y Zelenski se reunir\u00e1n en Halifax, en la costa atl\u00e1ntica canadiense, a las 13.05 hora local (17.05 GMT).<\/b><\/p>\n<p>Zelensky viaja a Florida para reunirse con el presidente Trump y tratar las negociaciones de paz con Rusia.<\/p>\n<p>La escala de Zelensky en Halifax se produce despu\u00e9s de que el presidente ucraniano mantuviese el viernes una conversaci\u00f3n telef\u00f3nica con Carney.<\/p>\n<p>Seg\u00fan se\u00f1al\u00f3 el Gobierno canadiense en un comunicado, los dos l\u00edderes trataron la situaci\u00f3n de las conversaciones de paz.<\/p>\n<p><b>\u201cEl primer ministro reafirm\u00f3 el compromiso de Canad\u00e1 con Ucrania a lo largo de estas negociaciones y subray\u00f3 la necesidad de mantener la presi\u00f3n sobre Rusia para que negocie. Canad\u00e1 sigue implicada, a trav\u00e9s de la Coalici\u00f3n de los Voluntarios, en el impulso de esfuerzos conjuntos para la seguridad y la recuperaci\u00f3n de Ucrania\u201d, <\/b>se\u00f1al\u00f3 el comunicado, que no mencion\u00f3 la reuni\u00f3n de este s\u00e1bado.<\/p>\n<p>El viernes, Zelensky tambi\u00e9n inform\u00f3 que hab\u00eda mantenido conversaciones telef\u00f3nicas con el canciller alem\u00e1n, Friedrich Merz; con la primera ministra danesa, Mette Frederiksen; con el primer ministro estonio, Kristen Michal; con el presidente de Finlandia, Alexander Stubb; y con el secretario general de la OTAN, Mark Rutte.<\/p>\n<p>La reuni\u00f3n entre Zelensky y Trump se centrar\u00e1 en el borrador del plan de paz que Zelensky hizo p\u00fablico esta semana, as\u00ed como en las garant\u00edas de seguridad bilaterales que podr\u00eda prestar Washington y en un acuerdo econ\u00f3mico.<\/p>\n<p>El l\u00edder ucraniano ha indicado que su plan de paz, con 20 puntos, \u201cest\u00e1 listo en un 90%\u201d.<\/p>\n<p><b>\u201cNuestra tarea es garantizar que todo est\u00e9 listo al 100%\u201d, declar\u00f3 con respecto a la propuesta de paz, en la que quedan abiertos todav\u00eda temas como las concesiones territoriales que Ucrania est\u00e1 dispuesta a realizar. <\/b><\/p>\n<\/div>\n\n    <div class=\"xs_social_share_widget xs_share_url after_content \t\tmain_content  wslu-style-1 wslu-share-box-shaped wslu-fill-colored wslu-none wslu-share-horizontal wslu-theme-font-no wslu-main_content\">\n\n\t\t\n        <ul>\n\t\t\t        <\/ul>\n    <\/div> \n","protected":false},"excerpt":{"rendered":"<p>Toronto, Canad\u00e1 &#8211; El presidente de Ucrania, Volodymyr Zelensky , har\u00e1 una escala este s\u00e1bado en la ciudad canadiense de Halifax, para celebrar un encuentro con el primer ministro canadiense, Mark Carney , poco antes de que el l\u00edder ucraniano prosiga su viaje a Florida donde se reunir\u00e1 con el presidente de Estados Unidos, Donald<\/p>\n","protected":false},"author":2,"featured_media":18160,"comment_status":"open","ping_status":"open","sticky":false,"template":"","format":"standard","meta":{"om_disable_all_campaigns":false,"_monsterinsights_skip_tracking":false,"_monsterinsights_sitenote_active":false,"_monsterinsights_sitenote_note":"","_monsterinsights_sitenote_category":0,"footnotes":""},"categories":[10],"tags":[],"class_list":["post-18159","post","type-post","status-publish","format-standard","has-post-thumbnail","hentry","category-mundo"],"aioseo_notices":[],"_links":{"self":[{"href":"https:\/\/aleeknews.com\/4l33k5\/wp-json\/wp\/v2\/posts\/18159","targetHints":{"allow":["GET"]}}],"collection":[{"href":"https:\/\/aleeknews.com\/4l33k5\/wp-json\/wp\/v2\/posts"}],"about":[{"href":"https:\/\/aleeknews.com\/4l33k5\/wp-json\/wp\/v2\/types\/post"}],"author":[{"embeddable":true,"href":"https:\/\/aleeknews.com\/4l33k5\/wp-json\/wp\/v2\/users\/2"}],"replies":[{"embeddable":true,"href":"https:\/\/aleeknews.com\/4l33k5\/wp-json\/wp\/v2\/comments?post=18159"}],"version-history":[{"count":0,"href":"https:\/\/aleeknews.com\/4l33k5\/wp-json\/wp\/v2\/posts\/18159\/revisions"}],"wp:featuredmedia":[{"embeddable":true,"href":"https:\/\/aleeknews.com\/4l33k5\/wp-json\/wp\/v2\/media\/18160"}],"wp:attachment":[{"href":"https:\/\/aleeknews.com\/4l33k5\/wp-json\/wp\/v2\/media?parent=18159"}],"wp:term":[{"taxonomy":"category","embeddable":true,"href":"https:\/\/aleeknews.com\/4l33k5\/wp-json\/wp\/v2\/categories?post=18159"},{"taxonomy":"post_tag","embeddable":true,"href":"https:\/\/aleeknews.com\/4l33k5\/wp-json\/wp\/v2\/tags?post=18159"}],"curies":[{"name":"wp","href":"https:\/\/api.w.org\/{rel}","templated":true}]}}