{"id":18150,"date":"2026-01-09T06:44:11","date_gmt":"2026-01-09T05:44:11","guid":{"rendered":"https:\/\/aleeknews.com\/4l33k5\/2026\/01\/09\/comienza-la-tala-del-pino-donde-esta-enterrado-el-burro-del-famoso-poema-platero-y-yo\/"},"modified":"2026-01-09T06:44:11","modified_gmt":"2026-01-09T05:44:11","slug":"comienza-la-tala-del-pino-donde-esta-enterrado-el-burro-del-famoso-poema-platero-y-yo","status":"publish","type":"post","link":"https:\/\/aleeknews.com\/4l33k5\/2026\/01\/09\/comienza-la-tala-del-pino-donde-esta-enterrado-el-burro-del-famoso-poema-platero-y-yo\/","title":{"rendered":"Comienza la tala del pino donde est\u00e1 enterrado el burro del famoso poema \u201cPlatero y yo\u201d"},"content":{"rendered":"<div>\n<p><b>Huelva, Espa\u00f1a <\/b> &#8211; El <a href=\"https:\/\/www.elnuevodia.com\/topicos\/espana\/\" target=\"_self\" rel title=\"https:\/\/www.elnuevodia.com\/topicos\/espana\/\"><b>Ayuntamiento espa\u00f1ol de Moguer (suroeste)<\/b><\/a> ha comenzado la tala del pino de la Fuentepi\u00f1a, bajo el que estaba enterrado el burro Platero, seg\u00fan el escritor Juan Ram\u00f3n Jim\u00e9nez, nobel de Literatura (1956) y autor del famoso poema \u201cPlatero y yo\u201d. <\/p>\n<p><b>El \u00e1rbol ser\u00e1 cortado al no prosperar el intento de salvarlo despu\u00e9s de ser da\u00f1ado en 2025 por un tornado en la finca de veraneo del poeta espa\u00f1ol, entre los m\u00e1s importantes del siglo XX.<\/b><\/p>\n<p>El pino de 200 a\u00f1os, de unos 19.50 metros de altura y 3.80 metros de per\u00edmetro, presentaba \u201cun estado de deterioro que ha impedido su conservaci\u00f3n\u201d, inform\u00f3 el consistorio en redes sociales.<\/p>\n<p>Record\u00f3 que fue derribado por un tornado el pasado mes de marzo y truncado desde la ra\u00edz; desde entonces se hab\u00eda trabajado para recuperarlo.<\/p>\n<p><b>Tras analizar el estado, se opt\u00f3, para no perderlo, por tapar las ra\u00edces con humus y sustrato natural del entorno, adem\u00e1s de sanear la copa cerrar muchas de las ramas que estaban abiertas.<\/b><\/p>\n<p><b>Las operaciones no surtieron efecto, por lo que se ha procedido a la tala con \u201ccon el m\u00e1ximo respeto hacia su valor hist\u00f3rico, cultural y simb\u00f3lico\u201d.<\/b><\/p>\n<p>Sin embargo, esto no supondr\u00e1 la muerte definitiva del \u00e1rbol, pues seguir\u00e1 viviendo de manera simb\u00f3lica sometido a un tratamiento de barniz y gas\u00f3leo. Las partes taladas se ensamblar\u00e1n en un perfil met\u00e1lico para que perdure en espacios ligados a la memoria del nobel.<\/p>\n<p>\u201cDe esta manera, el \u00e1rbol que acompa\u00f1\u00f3 a Juan Ram\u00f3n Jim\u00e9nez en su refugio de verano seguir\u00e1 presente en la memoria colectiva\u201d, argument\u00f3 el ayuntamiento.<\/p>\n<p>Publicada en 1914, la obra recrea po\u00e9ticamente la vida del asno Platero, inseparable amigo de ni\u00f1ez y juventud de Jim\u00e9nez, nacido en Moguer en 1881.<\/p>\n<p><b>Es muy c\u00e9lebre la descripci\u00f3n del primer p\u00e1rrafo: \u201cPlatero es peque\u00f1o, peludo, suave; tan blando por fuera, que se dir\u00eda todo de algod\u00f3n, que no lleva huesos. S\u00f3lo los espejos de azabache de sus ojos son duros cual dos escarabajos de cristal negro\u201d.<\/b><\/p>\n<\/div>\n\n    <div class=\"xs_social_share_widget xs_share_url after_content \t\tmain_content  wslu-style-1 wslu-share-box-shaped wslu-fill-colored wslu-none wslu-share-horizontal wslu-theme-font-no wslu-main_content\">\n\n\t\t\n        <ul>\n\t\t\t        <\/ul>\n    <\/div> \n","protected":false},"excerpt":{"rendered":"<p>Huelva, Espa\u00f1a &#8211; El Ayuntamiento espa\u00f1ol de Moguer (suroeste) ha comenzado la tala del pino de la Fuentepi\u00f1a, bajo el que estaba enterrado el burro Platero, seg\u00fan el escritor Juan Ram\u00f3n Jim\u00e9nez, nobel de Literatura (1956) y autor del famoso poema \u201cPlatero y yo\u201d. El \u00e1rbol ser\u00e1 cortado al no prosperar el intento de salvarlo<\/p>\n","protected":false},"author":2,"featured_media":18151,"comment_status":"open","ping_status":"open","sticky":false,"template":"","format":"standard","meta":{"om_disable_all_campaigns":false,"_monsterinsights_skip_tracking":false,"_monsterinsights_sitenote_active":false,"_monsterinsights_sitenote_note":"","_monsterinsights_sitenote_category":0,"footnotes":""},"categories":[10],"tags":[],"class_list":["post-18150","post","type-post","status-publish","format-standard","has-post-thumbnail","hentry","category-mundo"],"aioseo_notices":[],"_links":{"self":[{"href":"https:\/\/aleeknews.com\/4l33k5\/wp-json\/wp\/v2\/posts\/18150","targetHints":{"allow":["GET"]}}],"collection":[{"href":"https:\/\/aleeknews.com\/4l33k5\/wp-json\/wp\/v2\/posts"}],"about":[{"href":"https:\/\/aleeknews.com\/4l33k5\/wp-json\/wp\/v2\/types\/post"}],"author":[{"embeddable":true,"href":"https:\/\/aleeknews.com\/4l33k5\/wp-json\/wp\/v2\/users\/2"}],"replies":[{"embeddable":true,"href":"https:\/\/aleeknews.com\/4l33k5\/wp-json\/wp\/v2\/comments?post=18150"}],"version-history":[{"count":0,"href":"https:\/\/aleeknews.com\/4l33k5\/wp-json\/wp\/v2\/posts\/18150\/revisions"}],"wp:featuredmedia":[{"embeddable":true,"href":"https:\/\/aleeknews.com\/4l33k5\/wp-json\/wp\/v2\/media\/18151"}],"wp:attachment":[{"href":"https:\/\/aleeknews.com\/4l33k5\/wp-json\/wp\/v2\/media?parent=18150"}],"wp:term":[{"taxonomy":"category","embeddable":true,"href":"https:\/\/aleeknews.com\/4l33k5\/wp-json\/wp\/v2\/categories?post=18150"},{"taxonomy":"post_tag","embeddable":true,"href":"https:\/\/aleeknews.com\/4l33k5\/wp-json\/wp\/v2\/tags?post=18150"}],"curies":[{"name":"wp","href":"https:\/\/api.w.org\/{rel}","templated":true}]}}