{"id":18148,"date":"2026-01-09T06:44:12","date_gmt":"2026-01-09T05:44:12","guid":{"rendered":"https:\/\/aleeknews.com\/4l33k5\/2026\/01\/09\/al-mas-alto-nivel-suiza-rendira-homenaje-a-victimas-de-incendio-de-un-bar\/"},"modified":"2026-01-09T06:44:12","modified_gmt":"2026-01-09T05:44:12","slug":"al-mas-alto-nivel-suiza-rendira-homenaje-a-victimas-de-incendio-de-un-bar","status":"publish","type":"post","link":"https:\/\/aleeknews.com\/4l33k5\/2026\/01\/09\/al-mas-alto-nivel-suiza-rendira-homenaje-a-victimas-de-incendio-de-un-bar\/","title":{"rendered":"Al m\u00e1s alto nivel: Suiza rendir\u00e1 homenaje a v\u00edctimas de incendio de un bar"},"content":{"rendered":"<div>\n<p><a href=\"https:\/\/www.elnuevodia.com\/topicos\/suiza\/\" target=\"_blank\" rel=\"noreferrer\" title=\"https:\/\/www.elnuevodia.com\/topicos\/suiza\/\"><b>Suiza<\/b><\/a> prepara para este viernes un homenaje al m\u00e1s alto nivel a las v\u00edctimas del incendio de Nochevieja en un bar de la localidad alpina de Crans Montana, en el que murieron cuarenta j\u00f3venes y 116 resultaron heridos, en su gran mayor\u00eda de gravedad.<\/p>\n<p>A la ceremonia, que incluir\u00e1 un minuto de silencio a nivel nacional y el repique de campanas de todas las iglesias, asistir\u00e1n las familias y allegados de las v\u00edctimas, as\u00ed como los miembros del Gobierno federal; el presidente franc\u00e9s, <a href=\"https:\/\/www.elnuevodia.com\/topicos\/emmanuel-macron\/\" target=\"_blank\" rel=\"noreferrer\" title=\"https:\/\/www.elnuevodia.com\/topicos\/emmanuel-macron\/\"><b>Emmanuel Macron<\/b><\/a>, y el presidente de <a href=\"https:\/\/www.elnuevodia.com\/topicos\/italia\/\" target=\"_blank\" rel=\"noreferrer\" title=\"https:\/\/www.elnuevodia.com\/topicos\/italia\/\"><b>Italia<\/b><\/a>, <b>Sergio Mattarella<\/b>.<\/p>\n<p>Los franceses e italianos son los grupos nacionales con m\u00e1s v\u00edctimas, despu\u00e9s de los suizos, que suman la mitad de los fallecidos y una sexta parte de todos los heridos.<\/p>\n<p><b>Entre las v\u00edctimas mortales, hay siete franceses y seis italianos, mientras que entre los heridos hay 21 nacionales de Francia y diez de Italia. <\/b>Ambos pa\u00edses, as\u00ed como Alemania, ofrecieron ayuda a Suiza y recibieron a cerca de medio centenar de quemados graves en servicios m\u00e9dicos altamente especializados en este tipo de casos.<\/p>\n<div>\n<p><b>1 \/ 11 | <\/b><span> Tr\u00e1gica despedida de a\u00f1o: decenas de personas mueren en un incendio en bar de Suiza. Decenas de personas podr\u00edan haber muerto y alrededor de 100 m\u00e1s resultaron heridas, la mayor\u00eda de gravedad, tras un incendio en un bar de una localidad tur\u00edstica de los Alpes suizos durante la celebraci\u00f3n de A\u00f1o Nuevo.<\/span><i> &#8211; The Associated Press<\/i><\/p>\n<\/div>\n<p>El presidente de Suiza, <b>Guy Parmelin<\/b>, y varios ministros asistir\u00e1n a la ceremonia, as\u00ed como las autoridades del cant\u00f3n de Valais, al que pertenece Crans Montana, adem\u00e1s de 37 delegaciones extranjeras que han sido invitadas para representar a todos los pa\u00edses de origen de las v\u00edctimas, as\u00ed como a pa\u00edses que aportaron alg\u00fan tipo de ayuda ante la magnitud de esta tragedia.<\/p>\n<p>La ceremonia tendr\u00e1 lugar en la localidad de Martigny, a aproximadamente una hora de Crans Montana, donde las condiciones meteorol\u00f3gicas son dif\u00edciles esta semana por una tormenta de nieve que se abate sobre la regi\u00f3n, por lo que las autoridades decidieron celebrar el acto en un lugar m\u00e1s accesible.<\/p>\n<p><b>Solo quienes hayan recibido una invitaci\u00f3n podr\u00e1n estar presentes en el acto.<\/b> Los periodistas lo podr\u00e1n seguir desde un centro de prensa instalado a algunos pasos del lugar y en el que las autoridades que lo deseen podr\u00e1n hacer posteriormente declaraciones p\u00fablicas.<\/p>\n<p>Varias ciudades suizas, como Ginebra, Lausana o Z\u00farich, as\u00ed como colegios e institutos, organizan homenajes paralelos.<\/p>\n<\/div>\n\n    <div class=\"xs_social_share_widget xs_share_url after_content \t\tmain_content  wslu-style-1 wslu-share-box-shaped wslu-fill-colored wslu-none wslu-share-horizontal wslu-theme-font-no wslu-main_content\">\n\n\t\t\n        <ul>\n\t\t\t        <\/ul>\n    <\/div> \n","protected":false},"excerpt":{"rendered":"<p>Suiza prepara para este viernes un homenaje al m\u00e1s alto nivel a las v\u00edctimas del incendio de Nochevieja en un bar de la localidad alpina de Crans Montana, en el que murieron cuarenta j\u00f3venes y 116 resultaron heridos, en su gran mayor\u00eda de gravedad. A la ceremonia, que incluir\u00e1 un minuto de silencio a nivel<\/p>\n","protected":false},"author":2,"featured_media":18149,"comment_status":"open","ping_status":"open","sticky":false,"template":"","format":"standard","meta":{"om_disable_all_campaigns":false,"_monsterinsights_skip_tracking":false,"_monsterinsights_sitenote_active":false,"_monsterinsights_sitenote_note":"","_monsterinsights_sitenote_category":0,"footnotes":""},"categories":[10],"tags":[],"class_list":["post-18148","post","type-post","status-publish","format-standard","has-post-thumbnail","hentry","category-mundo"],"aioseo_notices":[],"_links":{"self":[{"href":"https:\/\/aleeknews.com\/4l33k5\/wp-json\/wp\/v2\/posts\/18148","targetHints":{"allow":["GET"]}}],"collection":[{"href":"https:\/\/aleeknews.com\/4l33k5\/wp-json\/wp\/v2\/posts"}],"about":[{"href":"https:\/\/aleeknews.com\/4l33k5\/wp-json\/wp\/v2\/types\/post"}],"author":[{"embeddable":true,"href":"https:\/\/aleeknews.com\/4l33k5\/wp-json\/wp\/v2\/users\/2"}],"replies":[{"embeddable":true,"href":"https:\/\/aleeknews.com\/4l33k5\/wp-json\/wp\/v2\/comments?post=18148"}],"version-history":[{"count":0,"href":"https:\/\/aleeknews.com\/4l33k5\/wp-json\/wp\/v2\/posts\/18148\/revisions"}],"wp:featuredmedia":[{"embeddable":true,"href":"https:\/\/aleeknews.com\/4l33k5\/wp-json\/wp\/v2\/media\/18149"}],"wp:attachment":[{"href":"https:\/\/aleeknews.com\/4l33k5\/wp-json\/wp\/v2\/media?parent=18148"}],"wp:term":[{"taxonomy":"category","embeddable":true,"href":"https:\/\/aleeknews.com\/4l33k5\/wp-json\/wp\/v2\/categories?post=18148"},{"taxonomy":"post_tag","embeddable":true,"href":"https:\/\/aleeknews.com\/4l33k5\/wp-json\/wp\/v2\/tags?post=18148"}],"curies":[{"name":"wp","href":"https:\/\/api.w.org\/{rel}","templated":true}]}}