{"id":18138,"date":"2026-01-08T05:46:41","date_gmt":"2026-01-08T04:46:41","guid":{"rendered":"https:\/\/aleeknews.com\/4l33k5\/2026\/01\/08\/celebran-funeral-de-brigitte-bardot-en-francia\/"},"modified":"2026-01-08T05:46:41","modified_gmt":"2026-01-08T04:46:41","slug":"celebran-funeral-de-brigitte-bardot-en-francia","status":"publish","type":"post","link":"https:\/\/aleeknews.com\/4l33k5\/2026\/01\/08\/celebran-funeral-de-brigitte-bardot-en-francia\/","title":{"rendered":"Celebran funeral de Brigitte Bardot en Francia"},"content":{"rendered":"<div data-fusion-lazy-id=\"f0fvkVotAlJJUv\">\n<div>\n<div>\n<p>El f\u00e9retro de Brigitte Bardot, \u00edcono mundial cinematogr\u00e1fico, reposa desde este mi\u00e9rcoles junto a sus padres y abuelos en el cementerio marino de la localidad de Saint-Tropez, en la Costa Azul francesa, frente al mar Mediterr\u00e1neo, diez d\u00edas despu\u00e9s de morir a los 91 a\u00f1os debido a un c\u00e1ncer.<\/p>\n<div>\n<p><img decoding=\"async\" alt=\"Francisco Javier D\u00edaz\" src=\"https:\/\/www.elnuevodia.com\/pf\/api\/v3\/content\/fetch\/image-resizer-v1?query=%7B%22website%22%3A%22el-nuevo-dia%22%2C%22imageUrl%22%3A%22https%3A%2F%2Fs3.amazonaws.com%2Farc-authors%2Fgfrmedia%2F9a52cca0-4c97-44ab-beaa-46144d8a4e7b.png%22%2C%22width%22%3A170%2C%22height%22%3A147%2C%22redirect%22%3A%221%22%2C%22external%22%3A%221%22%7D\"><\/p>\n<\/div>\n<div>\n<p>7 de enero de 2026 &#8211; 12:00 AM<\/p>\n<\/div>\n<\/div>\n<\/div>\n<div>\n<p><b>1 \/ 17 | <\/b><span> Celebran funeral de Brigitte Bardot en Francia. Admiradores muestran im\u00e1genes de la actriz y defensora de los animales, Brigitte Bardot, antes de su funeral en Saint-Tropez, Francia.<br \/>\n<\/span><i> &#8211; SEBASTIEN NOGIER<\/i><\/p>\n<\/div>\n<\/div>\n\n    <div class=\"xs_social_share_widget xs_share_url after_content \t\tmain_content  wslu-style-1 wslu-share-box-shaped wslu-fill-colored wslu-none wslu-share-horizontal wslu-theme-font-no wslu-main_content\">\n\n\t\t\n        <ul>\n\t\t\t        <\/ul>\n    <\/div> \n","protected":false},"excerpt":{"rendered":"<p>El f\u00e9retro de Brigitte Bardot, \u00edcono mundial cinematogr\u00e1fico, reposa desde este mi\u00e9rcoles junto a sus padres y abuelos en el cementerio marino de la localidad de Saint-Tropez, en la Costa Azul francesa, frente al mar Mediterr\u00e1neo, diez d\u00edas despu\u00e9s de morir a los 91 a\u00f1os debido a un c\u00e1ncer. 7 de enero de 2026 &#8211;<\/p>\n","protected":false},"author":2,"featured_media":18139,"comment_status":"open","ping_status":"open","sticky":false,"template":"","format":"standard","meta":{"om_disable_all_campaigns":false,"_monsterinsights_skip_tracking":false,"_monsterinsights_sitenote_active":false,"_monsterinsights_sitenote_note":"","_monsterinsights_sitenote_category":0,"footnotes":""},"categories":[47],"tags":[],"class_list":["post-18138","post","type-post","status-publish","format-standard","has-post-thumbnail","hentry","category-farandula"],"aioseo_notices":[],"_links":{"self":[{"href":"https:\/\/aleeknews.com\/4l33k5\/wp-json\/wp\/v2\/posts\/18138","targetHints":{"allow":["GET"]}}],"collection":[{"href":"https:\/\/aleeknews.com\/4l33k5\/wp-json\/wp\/v2\/posts"}],"about":[{"href":"https:\/\/aleeknews.com\/4l33k5\/wp-json\/wp\/v2\/types\/post"}],"author":[{"embeddable":true,"href":"https:\/\/aleeknews.com\/4l33k5\/wp-json\/wp\/v2\/users\/2"}],"replies":[{"embeddable":true,"href":"https:\/\/aleeknews.com\/4l33k5\/wp-json\/wp\/v2\/comments?post=18138"}],"version-history":[{"count":0,"href":"https:\/\/aleeknews.com\/4l33k5\/wp-json\/wp\/v2\/posts\/18138\/revisions"}],"wp:featuredmedia":[{"embeddable":true,"href":"https:\/\/aleeknews.com\/4l33k5\/wp-json\/wp\/v2\/media\/18139"}],"wp:attachment":[{"href":"https:\/\/aleeknews.com\/4l33k5\/wp-json\/wp\/v2\/media?parent=18138"}],"wp:term":[{"taxonomy":"category","embeddable":true,"href":"https:\/\/aleeknews.com\/4l33k5\/wp-json\/wp\/v2\/categories?post=18138"},{"taxonomy":"post_tag","embeddable":true,"href":"https:\/\/aleeknews.com\/4l33k5\/wp-json\/wp\/v2\/tags?post=18138"}],"curies":[{"name":"wp","href":"https:\/\/api.w.org\/{rel}","templated":true}]}}