{"id":18124,"date":"2026-01-08T05:46:05","date_gmt":"2026-01-08T04:46:05","guid":{"rendered":"https:\/\/aleeknews.com\/4l33k5\/2026\/01\/08\/arrecia-la-fiscalizacion-del-daco-a-empresas-de-energia-solar\/"},"modified":"2026-01-08T05:46:05","modified_gmt":"2026-01-08T04:46:05","slug":"arrecia-la-fiscalizacion-del-daco-a-empresas-de-energia-solar","status":"publish","type":"post","link":"https:\/\/aleeknews.com\/4l33k5\/2026\/01\/08\/arrecia-la-fiscalizacion-del-daco-a-empresas-de-energia-solar\/","title":{"rendered":"Arrecia la fiscalizaci\u00f3n del DACO a empresas de energ\u00eda solar"},"content":{"rendered":"<div>\n<div data-testid=\"global-header-test\" data-fusion-lazy-id=\"f0f5G41E11Y61Ck\">\n<hr>\n<p><span>Bolsa de valores <b>04:46 AM<\/b><\/span><\/p>\n<\/div>\n<div>\n<div data-fusion-lazy-id=\"f0f9tfiOw0362nv\">\n<div class>\n<p><a href=\"https:\/\/thetrustproject.org\/\"><img decoding=\"async\" src=\"https:\/\/www.elnuevodia.com\/pf\/resources\/v2\/icons\/trust-icon.svg?d=219\"><\/a><\/p>\n<div>\n<p>Se adhiere a los criterios de The Trust Project<\/p>\n<\/div>\n<\/div>\n<div>\n<h2>El secretario del DACO, Edan Rodr\u00edguez, detall\u00f3 en qu\u00e9 est\u00e1n fallando algunas de esas compa\u00f1\u00edas y qu\u00e9 opciones tienen los consumidores para protegerse antes o despu\u00e9s de dar el salto a energ\u00eda renovable<\/h2>\n<div>\n<p>12 de febrero de 2022 &#8211; 11:40 PM<\/p>\n<\/div>\n<div>\n<p><b>Archivo<\/b><\/p>\n<p>Esta historia fue publicada hace m\u00e1s de 3 a\u00f1os.<\/p>\n<\/div>\n<\/div>\n<\/div>\n<div data-fusion-lazy-id=\"f0f8wxHIPTYNet\">\n<div><picture><source media=\"(max-width: 375px)\" ><source media=\"(max-width: 767px)\" ><source media=\"(max-width: 1023px)\" ><source ><\/picture><figcaption>Toda empresa que haga instalaciones de placas o bater\u00edas tiene que estar registrada en DACO como contratista, puntualiz\u00f3 el secretario del DACO. <span>(Shutterstock)<\/span><\/figcaption><\/div>\n<div>\n<p><img decoding=\"async\" alt=\"Sharon Minelli P\u00e9rez\" src=\"https:\/\/www.elnuevodia.com\/resizer\/v2\/https%3A%2F%2Fs3.amazonaws.com%2Farc-authors%2Fgfrmedia%2F8e50d93e-0a9f-40ca-bda3-a3fc69f705fa.png?auth=ca40016ef4aff5e1315ee2650a1e5df14a4ccd8bb305ec40f5454f7dd1dccc4a&#038;quality=75&#038;smart=true&#038;width=170&#038;height=147\"><\/p>\n<\/div>\n<div>\n<p>Ante las faltas \u201creiteradas\u201d que est\u00e1n cometiendo algunas compa\u00f1\u00edas de instalaciones de sistemas de energ\u00eda solar, el Departamento de Asuntos del Consumidor (DACO) <b>arreciar\u00e1 este a\u00f1o la fiscalizaci\u00f3n a estos comercios y la defensa a sus clientes<\/b>, asegur\u00f3 el secretario Edan Rivera Rodr\u00edguez.<\/p>\n<\/div>\n<\/div>\n<section>\n<header><span>Popular en la Comunidad<\/span><\/header>\n<\/section>\n<\/div>\n<\/div>\n\n    <div class=\"xs_social_share_widget xs_share_url after_content \t\tmain_content  wslu-style-1 wslu-share-box-shaped wslu-fill-colored wslu-none wslu-share-horizontal wslu-theme-font-no wslu-main_content\">\n\n\t\t\n        <ul>\n\t\t\t        <\/ul>\n    <\/div> \n","protected":false},"excerpt":{"rendered":"<p>Bolsa de valores 04:46 AM Se adhiere a los criterios de The Trust Project El secretario del DACO, Edan Rodr\u00edguez, detall\u00f3 en qu\u00e9 est\u00e1n fallando algunas de esas compa\u00f1\u00edas y qu\u00e9 opciones tienen los consumidores para protegerse antes o despu\u00e9s de dar el salto a energ\u00eda renovable 12 de febrero de 2022 &#8211; 11:40 PM<\/p>\n","protected":false},"author":2,"featured_media":18125,"comment_status":"open","ping_status":"open","sticky":false,"template":"","format":"standard","meta":{"om_disable_all_campaigns":false,"_monsterinsights_skip_tracking":false,"_monsterinsights_sitenote_active":false,"_monsterinsights_sitenote_note":"","_monsterinsights_sitenote_category":0,"footnotes":""},"categories":[5],"tags":[],"class_list":["post-18124","post","type-post","status-publish","format-standard","has-post-thumbnail","hentry","category-negocios"],"aioseo_notices":[],"_links":{"self":[{"href":"https:\/\/aleeknews.com\/4l33k5\/wp-json\/wp\/v2\/posts\/18124","targetHints":{"allow":["GET"]}}],"collection":[{"href":"https:\/\/aleeknews.com\/4l33k5\/wp-json\/wp\/v2\/posts"}],"about":[{"href":"https:\/\/aleeknews.com\/4l33k5\/wp-json\/wp\/v2\/types\/post"}],"author":[{"embeddable":true,"href":"https:\/\/aleeknews.com\/4l33k5\/wp-json\/wp\/v2\/users\/2"}],"replies":[{"embeddable":true,"href":"https:\/\/aleeknews.com\/4l33k5\/wp-json\/wp\/v2\/comments?post=18124"}],"version-history":[{"count":0,"href":"https:\/\/aleeknews.com\/4l33k5\/wp-json\/wp\/v2\/posts\/18124\/revisions"}],"wp:featuredmedia":[{"embeddable":true,"href":"https:\/\/aleeknews.com\/4l33k5\/wp-json\/wp\/v2\/media\/18125"}],"wp:attachment":[{"href":"https:\/\/aleeknews.com\/4l33k5\/wp-json\/wp\/v2\/media?parent=18124"}],"wp:term":[{"taxonomy":"category","embeddable":true,"href":"https:\/\/aleeknews.com\/4l33k5\/wp-json\/wp\/v2\/categories?post=18124"},{"taxonomy":"post_tag","embeddable":true,"href":"https:\/\/aleeknews.com\/4l33k5\/wp-json\/wp\/v2\/tags?post=18124"}],"curies":[{"name":"wp","href":"https:\/\/api.w.org\/{rel}","templated":true}]}}