{"id":18115,"date":"2026-01-08T05:45:23","date_gmt":"2026-01-08T04:45:23","guid":{"rendered":"https:\/\/aleeknews.com\/4l33k5\/2026\/01\/08\/asesores-de-seguridad-europeos-debaten-propuestas-de-paz-para-ucrania\/"},"modified":"2026-01-08T05:45:23","modified_gmt":"2026-01-08T04:45:23","slug":"asesores-de-seguridad-europeos-debaten-propuestas-de-paz-para-ucrania","status":"publish","type":"post","link":"https:\/\/aleeknews.com\/4l33k5\/2026\/01\/08\/asesores-de-seguridad-europeos-debaten-propuestas-de-paz-para-ucrania\/","title":{"rendered":"Asesores de seguridad europeos debaten propuestas de paz para Ucrania"},"content":{"rendered":"<div>\n<p><b>Kiev, Ucrania-<\/b> Asesores europeos de seguridad nacional llegaron a Kiev el s\u00e1bado para discutir las \u00faltimas propuestas de paz mientras se intensifica el impulso diplom\u00e1tico liderado por<b> <\/b><a href=\"https:\/\/www.elnuevodia.com\/noticias\/estados-unidos\/\" target=\"_blank\" rel=\"noreferrer\" title=\"https:\/\/www.elnuevodia.com\/noticias\/estados-unidos\/\"><b>Estados Unidos<\/b><\/a> para poner fin a la guerra de casi cuatro a\u00f1os en <a href=\"https:\/\/www.elnuevodia.com\/topicos\/ucrania\/\" target=\"_blank\" rel=\"noreferrer\" title=\"https:\/\/www.elnuevodia.com\/topicos\/ucrania\/\"><b>Ucrania<\/b><\/a>. El presidente ucraniano, <a href=\"https:\/\/www.elnuevodia.com\/topicos\/volodymyr-zelensky\/\" target=\"_blank\" rel=\"noreferrer\" title=\"https:\/\/www.elnuevodia.com\/topicos\/volodymyr-zelensky\/\"><b>Volodymyr Zelensky<\/b><\/a>, y los l\u00edderes europeos se reunir\u00e1n la pr\u00f3xima semana.<\/p>\n<p>\u201cNos espera una jornada de trabajo intensa: cuestiones de seguridad y econ\u00f3micas, trabajo sobre los documentos marco, coordinaci\u00f3n de nuevas medidas con los socios\u201d, declar\u00f3 el negociador jefe de Ucrania, Rustem Umerov, en un post en X. Dijo que asistir\u00edan representantes de <a href=\"https:\/\/www.elnuevodia.com\/topicos\/canada\/\" target=\"_blank\" rel=\"noreferrer\" title=\"https:\/\/www.elnuevodia.com\/topicos\/canada\/\"><b>Canad\u00e1<\/b><\/a> y la <a href=\"https:\/\/www.elnuevodia.com\/topicos\/otan\/\" target=\"_blank\" rel=\"noreferrer\" title=\"https:\/\/www.elnuevodia.com\/topicos\/otan\/\"><b>OTAN<\/b><\/a>, adem\u00e1s de representantes de pa\u00edses y organismos europeos.<\/p>\n<p>Ucrania est\u00e1 coordinando planes de garant\u00eda de seguridad con socios europeos que incluir\u00edan un acuerdo marco multilateral con fuerzas ucranianas como primera l\u00ednea de defensa, tropas dirigidas por Europa desplegadas en Ucrania y el apoyo de Estados Unidos, seg\u00fan el negociador ucraniano Oleksandr Bevz.<\/p>\n<p>El viceprimer ministro ucraniano, Taras Kachka, declar\u00f3 el s\u00e1bado que los socios internacionales han llegado a un consenso sobre un paquete de ayuda econ\u00f3mica de unos $800,000 millones para Ucrania durante la pr\u00f3xima d\u00e9cada.<\/p>\n<p>El paquete, basado en c\u00e1lculos del Banco Mundial, el Fondo Monetario Internacional y la <a href=\"https:\/\/www.elnuevodia.com\/topicos\/union-europea\/\" target=\"_blank\" rel=\"noreferrer\" title=\"https:\/\/www.elnuevodia.com\/topicos\/union-europea\/\"><b>Uni\u00f3n Europea<\/b><\/a><b> (UE)<\/b>, cubrir\u00eda la compensaci\u00f3n de da\u00f1os, la reconstrucci\u00f3n, la estabilidad econ\u00f3mica y un \u201cimpulso\u201d al crecimiento de $200,000 millones, y est\u00e1 vinculado a las reformas de Ucrania para su adhesi\u00f3n a la UE.<\/p>\n<p>El Ministro de Econom\u00eda, Oleksii Sobolev, ha declarado que a\u00fan no se han identificado las fuentes de financiaci\u00f3n espec\u00edficas, aunque se esperan unos $500,000 millones procedentes de subvenciones p\u00fablicas y pr\u00e9stamos en condiciones favorables, cuyos detalles se concretar\u00e1n en las pr\u00f3ximas dos semanas.<\/p>\n<p>Zelensky anunci\u00f3 el martes sus planes de reunirse con funcionarios de unos 30 pa\u00edses, la llamada Coalici\u00f3n de los Dispuestos, que apoyan los esfuerzos de Kiev por poner fin a la guerra con <a href=\"https:\/\/www.elnuevodia.com\/topicos\/rusia\/\" target=\"_blank\" rel=\"noreferrer\" title=\"https:\/\/www.elnuevodia.com\/topicos\/rusia\/\"><b>Rusia<\/b><\/a> en condiciones aceptables.<\/p>\n<p>La reuni\u00f3n del s\u00e1bado de los consejeros de seguridad nacional de esos pa\u00edses ir\u00e1 seguida de una reuni\u00f3n de los l\u00edderes de los pa\u00edses el martes en Par\u00eds.<\/p>\n<p>Zelensky propuso el s\u00e1bado al ministro de Defensa, Denys Shmyhal, como ministro de Energ\u00eda y primer viceprimer ministro.<\/p>\n<p>El presidente ucraniano nombr\u00f3 el viernes al jefe de la inteligencia militar ucraniana como nuevo Jefe de Estado Mayor. El presidente enmarc\u00f3 el nombramiento del general Kyrylo Budanov en un esfuerzo por agudizar la atenci\u00f3n prestada a la seguridad, el desarrollo de la defensa y la diplomacia.<\/p>\n<p>Mientras tanto, el n\u00famero de muertos por un ataque ruso con misiles contra la ciudad de Kharkiv el viernes aument\u00f3 a dos, entre ellos un ni\u00f1o de tres a\u00f1os, escribi\u00f3 el s\u00e1bado en Telegram el jefe regional de Kharkiv, Oleh Syniehubov.<\/p>\n<p>Un ataque nocturno de drones rusos contra la regi\u00f3n de Mykolaiv tuvo como objetivo infraestructuras cr\u00edticas y dej\u00f3 sin electricidad a algunas comunidades el s\u00e1bado, seg\u00fan el jefe regional Vitalii Kim. Dijo que los ingenieros pasaron la noche trabajando para restablecer la electricidad y que no hubo v\u00edctimas.<\/p>\n<\/div>\n\n    <div class=\"xs_social_share_widget xs_share_url after_content \t\tmain_content  wslu-style-1 wslu-share-box-shaped wslu-fill-colored wslu-none wslu-share-horizontal wslu-theme-font-no wslu-main_content\">\n\n\t\t\n        <ul>\n\t\t\t        <\/ul>\n    <\/div> \n","protected":false},"excerpt":{"rendered":"<p>Kiev, Ucrania- Asesores europeos de seguridad nacional llegaron a Kiev el s\u00e1bado para discutir las \u00faltimas propuestas de paz mientras se intensifica el impulso diplom\u00e1tico liderado por Estados Unidos para poner fin a la guerra de casi cuatro a\u00f1os en Ucrania . El presidente ucraniano, Volodymyr Zelensky , y los l\u00edderes europeos se reunir\u00e1n la<\/p>\n","protected":false},"author":2,"featured_media":18116,"comment_status":"open","ping_status":"open","sticky":false,"template":"","format":"standard","meta":{"om_disable_all_campaigns":false,"_monsterinsights_skip_tracking":false,"_monsterinsights_sitenote_active":false,"_monsterinsights_sitenote_note":"","_monsterinsights_sitenote_category":0,"footnotes":""},"categories":[10],"tags":[],"class_list":["post-18115","post","type-post","status-publish","format-standard","has-post-thumbnail","hentry","category-mundo"],"aioseo_notices":[],"_links":{"self":[{"href":"https:\/\/aleeknews.com\/4l33k5\/wp-json\/wp\/v2\/posts\/18115","targetHints":{"allow":["GET"]}}],"collection":[{"href":"https:\/\/aleeknews.com\/4l33k5\/wp-json\/wp\/v2\/posts"}],"about":[{"href":"https:\/\/aleeknews.com\/4l33k5\/wp-json\/wp\/v2\/types\/post"}],"author":[{"embeddable":true,"href":"https:\/\/aleeknews.com\/4l33k5\/wp-json\/wp\/v2\/users\/2"}],"replies":[{"embeddable":true,"href":"https:\/\/aleeknews.com\/4l33k5\/wp-json\/wp\/v2\/comments?post=18115"}],"version-history":[{"count":0,"href":"https:\/\/aleeknews.com\/4l33k5\/wp-json\/wp\/v2\/posts\/18115\/revisions"}],"wp:featuredmedia":[{"embeddable":true,"href":"https:\/\/aleeknews.com\/4l33k5\/wp-json\/wp\/v2\/media\/18116"}],"wp:attachment":[{"href":"https:\/\/aleeknews.com\/4l33k5\/wp-json\/wp\/v2\/media?parent=18115"}],"wp:term":[{"taxonomy":"category","embeddable":true,"href":"https:\/\/aleeknews.com\/4l33k5\/wp-json\/wp\/v2\/categories?post=18115"},{"taxonomy":"post_tag","embeddable":true,"href":"https:\/\/aleeknews.com\/4l33k5\/wp-json\/wp\/v2\/tags?post=18115"}],"curies":[{"name":"wp","href":"https:\/\/api.w.org\/{rel}","templated":true}]}}