{"id":18114,"date":"2026-01-08T05:45:24","date_gmt":"2026-01-08T04:45:24","guid":{"rendered":"https:\/\/aleeknews.com\/4l33k5\/2026\/01\/08\/volodymyr-zelensky-espera-que-la-guerra-en-ucrania-termine-durante-este-semestre-2\/"},"modified":"2026-01-08T05:45:24","modified_gmt":"2026-01-08T04:45:24","slug":"volodymyr-zelensky-espera-que-la-guerra-en-ucrania-termine-durante-este-semestre-2","status":"publish","type":"post","link":"https:\/\/aleeknews.com\/4l33k5\/2026\/01\/08\/volodymyr-zelensky-espera-que-la-guerra-en-ucrania-termine-durante-este-semestre-2\/","title":{"rendered":"Volodymyr Zelensky espera que la guerra en Ucrania termine durante este semestre"},"content":{"rendered":"<div>\n<p><b>Ucrania <\/b> &#8211; El presidente de <a href=\"https:\/\/www.elnuevodia.com\/topicos\/ucrania\/\" target=\"_self\" rel title=\"https:\/\/www.elnuevodia.com\/topicos\/ucrania\/\"><b>Ucrania, Volodymyr Zelensky<\/b><\/a>, expres\u00f3 este mi\u00e9rcoles en Nicosia su esperanza de que la guerra en su pa\u00eds, provocada por la invasi\u00f3n rusa de 2022, pueda terminar este semestre, durante la actual presidencia chipriota de<b> <\/b><a href=\"https:\/\/www.elnuevodia.com\/topicos\/union-europea\/\" target=\"_self\" rel title=\"https:\/\/www.elnuevodia.com\/topicos\/union-europea\/\"><b>la Uni\u00f3n Europea (UE)<\/b><\/a><b>.<\/b><\/p>\n<p>\u201cAl comenzar Chipre su presidencia (europea), las negociaciones de paz han alcanzado un nuevo nivel de intensidad. Trabajamos de manera muy, muy activa: Ucrania, nuestros socios europeos y, por supuesto, Estados Unidos y todos los miembros de nuestra coalici\u00f3n de voluntades. Y es posible \u2014y lo esperamos sinceramente\u2014 que esta guerra pueda terminar durante su presidencia&#8221;, dijo el mandatario.<\/p>\n<p>\u201cTodos entendemos c\u00f3mo terminan guerras como \u00e9sta: Cuando la presi\u00f3n es lo suficientemente fuerte como para agotar la fuente de la guerra, llega la paz. Esa presi\u00f3n existe ahora y la UE desempe\u00f1a un papel clave en mantenerla\u201d, asegur\u00f3.<\/p>\n<p><b>\u201cHemos discutido, a nivel de la UE, dentro de la coalici\u00f3n de voluntades y en nuestro trabajo bilateral con Chipre, que las sanciones (contra Rusia) deben reforzarse\u201d, se\u00f1al\u00f3 Zelensky.<\/b><\/p>\n<p>\u201cSe est\u00e1 preparando un nuevo paquete. Se est\u00e1n tomando muchas medidas para atacar la \u2018flota fantasma\u2019 de Rusia y esto funcionar\u00e1. Cada d\u00f3lar que Rusia pierde es un d\u00f3lar que no alimenta al agresor\u201d, agreg\u00f3 en su discurso durante el acto de apertura de la presidencia chipriota del Consejo Europeo en Nicosia.<\/p>\n<p>En cuanto a la actual disputa sobre Groenlandia, cuya soberan\u00eda bajo Dinamarca est\u00e1 siendo cuestionada por el presidente de Estados Unidos, Donald Trump, Zelensky destac\u00f3 la importancia de respetar la integridad territorial de los pa\u00edses.<\/p>\n<p>\u201cEstamos agradecidos a Dinamarca por su (pasada) presidencia (europea) y respetamos su integridad territorial y soberan\u00eda. Y apreciamos el inicio de la presidencia de Chipre y respetamos su integridad territorial y soberan\u00eda. Somos Ucrania. Por favor, respeten nuestra integridad territorial y soberan\u00eda\u201d, dijo.<\/p>\n<p>\u201cCada naci\u00f3n importa y cada pa\u00eds libre en Europa merece ser parte de nuestro hogar europeo com\u00fan. Ucrania tambi\u00e9n merece esto: ser una parte igual de nuestro hogar europeo com\u00fan\u201d, concluy\u00f3 Zelensky, cuyo pa\u00eds pretende entrar en la UE,<b> lo que calific\u00f3 como \u201cuna de las mayores garant\u00edas de paz y seguridad para Europa\u201d.<\/b><\/p>\n<\/div>\n\n    <div class=\"xs_social_share_widget xs_share_url after_content \t\tmain_content  wslu-style-1 wslu-share-box-shaped wslu-fill-colored wslu-none wslu-share-horizontal wslu-theme-font-no wslu-main_content\">\n\n\t\t\n        <ul>\n\t\t\t        <\/ul>\n    <\/div> \n","protected":false},"excerpt":{"rendered":"<p>Ucrania &#8211; El presidente de Ucrania, Volodymyr Zelensky , expres\u00f3 este mi\u00e9rcoles en Nicosia su esperanza de que la guerra en su pa\u00eds, provocada por la invasi\u00f3n rusa de 2022, pueda terminar este semestre, durante la actual presidencia chipriota de la Uni\u00f3n Europea (UE) . \u201cAl comenzar Chipre su presidencia (europea), las negociaciones de paz<\/p>\n","protected":false},"author":2,"featured_media":18108,"comment_status":"open","ping_status":"open","sticky":false,"template":"","format":"standard","meta":{"om_disable_all_campaigns":false,"_monsterinsights_skip_tracking":false,"_monsterinsights_sitenote_active":false,"_monsterinsights_sitenote_note":"","_monsterinsights_sitenote_category":0,"footnotes":""},"categories":[10],"tags":[],"class_list":["post-18114","post","type-post","status-publish","format-standard","has-post-thumbnail","hentry","category-mundo"],"aioseo_notices":[],"_links":{"self":[{"href":"https:\/\/aleeknews.com\/4l33k5\/wp-json\/wp\/v2\/posts\/18114","targetHints":{"allow":["GET"]}}],"collection":[{"href":"https:\/\/aleeknews.com\/4l33k5\/wp-json\/wp\/v2\/posts"}],"about":[{"href":"https:\/\/aleeknews.com\/4l33k5\/wp-json\/wp\/v2\/types\/post"}],"author":[{"embeddable":true,"href":"https:\/\/aleeknews.com\/4l33k5\/wp-json\/wp\/v2\/users\/2"}],"replies":[{"embeddable":true,"href":"https:\/\/aleeknews.com\/4l33k5\/wp-json\/wp\/v2\/comments?post=18114"}],"version-history":[{"count":0,"href":"https:\/\/aleeknews.com\/4l33k5\/wp-json\/wp\/v2\/posts\/18114\/revisions"}],"wp:featuredmedia":[{"embeddable":true,"href":"https:\/\/aleeknews.com\/4l33k5\/wp-json\/wp\/v2\/media\/18108"}],"wp:attachment":[{"href":"https:\/\/aleeknews.com\/4l33k5\/wp-json\/wp\/v2\/media?parent=18114"}],"wp:term":[{"taxonomy":"category","embeddable":true,"href":"https:\/\/aleeknews.com\/4l33k5\/wp-json\/wp\/v2\/categories?post=18114"},{"taxonomy":"post_tag","embeddable":true,"href":"https:\/\/aleeknews.com\/4l33k5\/wp-json\/wp\/v2\/tags?post=18114"}],"curies":[{"name":"wp","href":"https:\/\/api.w.org\/{rel}","templated":true}]}}