{"id":18105,"date":"2026-01-08T05:45:29","date_gmt":"2026-01-08T04:45:29","guid":{"rendered":"https:\/\/aleeknews.com\/4l33k5\/2026\/01\/08\/gobierno-de-groenlandia-participara-en-encuentro-con-marco-rubio-y-dirigentes-daneses\/"},"modified":"2026-01-08T05:45:29","modified_gmt":"2026-01-08T04:45:29","slug":"gobierno-de-groenlandia-participara-en-encuentro-con-marco-rubio-y-dirigentes-daneses","status":"publish","type":"post","link":"https:\/\/aleeknews.com\/4l33k5\/2026\/01\/08\/gobierno-de-groenlandia-participara-en-encuentro-con-marco-rubio-y-dirigentes-daneses\/","title":{"rendered":"Gobierno de Groenlandia participar\u00e1 en encuentro con Marco Rubio y dirigentes daneses"},"content":{"rendered":"<div>\n<p>El gobierno de <a href=\"https:\/\/www.elnuevodia.com\/topicos\/groenlandia\/\" target=\"_blank\" rel=\"noreferrer\" title=\"https:\/\/www.elnuevodia.com\/topicos\/groenlandia\/\"><b>Groenlandia<\/b><\/a> participar\u00e1 en un encuentro entre el Secretario de Estado norteamericano, <a href=\"https:\/\/www.elnuevodia.com\/topicos\/marco-rubio\/\" target=\"_blank\" rel=\"noreferrer\" title=\"https:\/\/www.elnuevodia.com\/topicos\/marco-rubio\/\"><b>Marco Rubio<\/b><\/a>, y altos dirigentes de <a href=\"https:\/\/www.elnuevodia.com\/topicos\/dinamarca\" target=\"_blank\" rel=\"noreferrer\" title=\"https:\/\/www.elnuevodia.com\/topicos\/dinamarca\"><b>Dinamarca<\/b><\/a>, previsto para la pr\u00f3xima semana, anunci\u00f3 este mi\u00e9rcoles la jefa de la diplomacia groenlandesa.<\/p>\n<p><b>\u201cNada sobre Groenlandia sin Groenlandia. Obviamente vamos a participar. Hemos pedido una reuni\u00f3n\u201d<\/b>, dijo la ministra <b>Vivian Motzfeldt<\/b> a la televisi\u00f3n p\u00fablica, despu\u00e9s de la confirmaci\u00f3n del encuentro entre Rubio y funcionarios daneses.<\/p>\n<p>Este encuentro tendr\u00e1 lugar en momentos en que el gobierno de Estados Unidos aumenta las presiones para hacerse con el territorio de soberan\u00eda danesa.<\/p>\n<p>La portavoz de la Casa Blanca dijo este mi\u00e9rcoles que el presidente <a href=\"https:\/\/www.elnuevodia.com\/topicos\/donald-trump\/\" target=\"_blank\" rel=\"noreferrer\" title=\"https:\/\/www.elnuevodia.com\/topicos\/donald-trump\/\"><b>Donald Trump<\/b><\/a> est\u00e1 \u201cestudiando activamente\u201d con sus equipos una \u201ccompra\u201d de Groenlandia, aunque se neg\u00f3 a descartar la opci\u00f3n militar para tomar el control de la isla \u00e1rtica.<\/p>\n<div>\n<p><b>1 \/ 8 | <\/b><span> Alerta clim\u00e1tica: as\u00ed se ve el acelerado derretimiento de hielo en Groenlandia. La red cient\u00edfica World Weather Attribution advirti\u00f3 el mi\u00e9rcoles que el hielo en Groenlandiase derriti\u00f3 17 veces m\u00e1s r\u00e1pido que la media hist\u00f3rica entre el 15 y el 21 de mayo, como consecuencia de una ola de calor r\u00e9cord que tambi\u00e9n afect\u00f3 a Islandia.<\/span><i> &#8211; Google Maps<\/i><\/p>\n<\/div>\n<p><b>La reuni\u00f3n con Rubio tiene como objetivo \u201cdisipar ciertos malentendidos\u201d tras las repetidas declaraciones del presidente Trump<\/b>, dijo el martes el ministro de dan\u00e9s de Relaciones Exteriores, <b>Lars Rasmussen<\/b>.<\/p>\n<p>En particular, el gobierno dan\u00e9s cuestiona el argumento recurrente de Trump, de que la seguridad del territorio \u00e1rtico ha sido descuidada por el gobierno de Copenhague.<\/p>\n<p>Dinamarca ha invertido fuertemente en la seguridad de esa regi\u00f3n en los \u00faltimos 12 meses, destinando unos 90,000 millones de coronas (m\u00e1s de 1,300 millones de d\u00f3lares).<\/p>\n<p>Para Motzfeldt, la reuni\u00f3n deber\u00eda ser una oportunidad para normalizar las relaciones con Estados Unidos.<\/p>\n<p>\u201cAhora hemos establecido un di\u00e1logo directo con Estados Unidos\u201d, dijo al diario groenland\u00e9s Sermitsiaq.<\/p>\n<p>\u201cMi mayor esperanza es que esta reuni\u00f3n conduzca a una normalizaci\u00f3n de nuestras relaciones (&#8230;) Groenlandia necesita a Estados Unidos y Estados Unidos necesita a Groenlandia en t\u00e9rminos de seguridad en el \u00c1rtico\u201d, a\u00f1adi\u00f3.<\/p>\n<p>Seg\u00fan los peri\u00f3dicos Wall Street Journal y New York Times, Rubio dijo a legisladores estadounidenses que la opci\u00f3n preferida de Trump era comprar Groenlandia a Dinamarca, descartando as\u00ed una invasi\u00f3n inminente.<\/p>\n<\/div>\n\n    <div class=\"xs_social_share_widget xs_share_url after_content \t\tmain_content  wslu-style-1 wslu-share-box-shaped wslu-fill-colored wslu-none wslu-share-horizontal wslu-theme-font-no wslu-main_content\">\n\n\t\t\n        <ul>\n\t\t\t        <\/ul>\n    <\/div> \n","protected":false},"excerpt":{"rendered":"<p>El gobierno de Groenlandia participar\u00e1 en un encuentro entre el Secretario de Estado norteamericano, Marco Rubio , y altos dirigentes de Dinamarca , previsto para la pr\u00f3xima semana, anunci\u00f3 este mi\u00e9rcoles la jefa de la diplomacia groenlandesa. \u201cNada sobre Groenlandia sin Groenlandia. Obviamente vamos a participar. Hemos pedido una reuni\u00f3n\u201d, dijo la ministra Vivian Motzfeldt<\/p>\n","protected":false},"author":2,"featured_media":18106,"comment_status":"open","ping_status":"open","sticky":false,"template":"","format":"standard","meta":{"om_disable_all_campaigns":false,"_monsterinsights_skip_tracking":false,"_monsterinsights_sitenote_active":false,"_monsterinsights_sitenote_note":"","_monsterinsights_sitenote_category":0,"footnotes":""},"categories":[10],"tags":[],"class_list":["post-18105","post","type-post","status-publish","format-standard","has-post-thumbnail","hentry","category-mundo"],"aioseo_notices":[],"_links":{"self":[{"href":"https:\/\/aleeknews.com\/4l33k5\/wp-json\/wp\/v2\/posts\/18105","targetHints":{"allow":["GET"]}}],"collection":[{"href":"https:\/\/aleeknews.com\/4l33k5\/wp-json\/wp\/v2\/posts"}],"about":[{"href":"https:\/\/aleeknews.com\/4l33k5\/wp-json\/wp\/v2\/types\/post"}],"author":[{"embeddable":true,"href":"https:\/\/aleeknews.com\/4l33k5\/wp-json\/wp\/v2\/users\/2"}],"replies":[{"embeddable":true,"href":"https:\/\/aleeknews.com\/4l33k5\/wp-json\/wp\/v2\/comments?post=18105"}],"version-history":[{"count":0,"href":"https:\/\/aleeknews.com\/4l33k5\/wp-json\/wp\/v2\/posts\/18105\/revisions"}],"wp:featuredmedia":[{"embeddable":true,"href":"https:\/\/aleeknews.com\/4l33k5\/wp-json\/wp\/v2\/media\/18106"}],"wp:attachment":[{"href":"https:\/\/aleeknews.com\/4l33k5\/wp-json\/wp\/v2\/media?parent=18105"}],"wp:term":[{"taxonomy":"category","embeddable":true,"href":"https:\/\/aleeknews.com\/4l33k5\/wp-json\/wp\/v2\/categories?post=18105"},{"taxonomy":"post_tag","embeddable":true,"href":"https:\/\/aleeknews.com\/4l33k5\/wp-json\/wp\/v2\/tags?post=18105"}],"curies":[{"name":"wp","href":"https:\/\/api.w.org\/{rel}","templated":true}]}}