{"id":17895,"date":"2026-01-03T04:42:48","date_gmt":"2026-01-03T03:42:48","guid":{"rendered":"https:\/\/aleeknews.com\/4l33k5\/2026\/01\/03\/moncayo-conoce-el-complejo-residencial-de-lujo-y-turistico-que-se-construira-en-fajardo\/"},"modified":"2026-01-03T04:42:48","modified_gmt":"2026-01-03T03:42:48","slug":"moncayo-conoce-el-complejo-residencial-de-lujo-y-turistico-que-se-construira-en-fajardo","status":"publish","type":"post","link":"https:\/\/aleeknews.com\/4l33k5\/2026\/01\/03\/moncayo-conoce-el-complejo-residencial-de-lujo-y-turistico-que-se-construira-en-fajardo\/","title":{"rendered":"Moncayo: conoce el complejo residencial de lujo y tur\u00edstico que se construir\u00e1 en Fajardo"},"content":{"rendered":"<div>\n<div data-testid=\"global-header-test\" data-fusion-lazy-id=\"f0f5G41E11Y61Ck\">\n<hr>\n<p><span>Bolsa de valores <b>03:35 AM<\/b><\/span><\/p>\n<\/div>\n<div>\n<div data-fusion-lazy-id=\"f0f9tfiOw0362nv\">\n<div class>\n<p><a href=\"https:\/\/thetrustproject.org\/\"><img decoding=\"async\" src=\"https:\/\/www.elnuevodia.com\/pf\/resources\/v2\/icons\/trust-icon.svg?d=219\"><\/a><\/p>\n<div>\n<p>Noticia<\/p>\n<div>\n<p>Basado en hechos que el periodista haya observado y verificado de primera mano, o en informaci\u00f3n verificada que proviene de fuentes bien informadas.<\/p>\n<\/div>\n<\/div>\n<\/div>\n<div>\n<h2>Tres d\u00e9cadas despu\u00e9s de que se concibi\u00f3 Cayo Largo, un nuevo grupo de inversionistas asegura completar\u00e1 el proyecto<\/h2>\n<div>\n<p>25 de septiembre de 2024 &#8211; 4:30 PM<\/p>\n<\/div>\n<div>\n<p><b>Archivo<\/b><\/p>\n<p>Esta historia fue publicada hace m\u00e1s de 1 a\u00f1o.<\/p>\n<\/div>\n<\/div>\n<\/div>\n<div data-fusion-lazy-id=\"f0f8wxHIPTYNet\">\n<div><picture><source media=\"(max-width: 375px)\" ><source media=\"(max-width: 767px)\" ><source media=\"(max-width: 1023px)\" ><source ><\/picture><figcaption>Los desarrolladores de Moncayo comenzaron el movimiento de tierra en los terrenos, tras conseguir los primeros permisos del gobierno. <span>(Ramon &#8220;Tonito&#8221; Zayas)<\/span><\/figcaption><\/div>\n<div>\n<p><img decoding=\"async\" alt=\"Jos\u00e9 Orlando Delgado Rivera\" src=\"https:\/\/www.elnuevodia.com\/resizer\/v2\/https%3A%2F%2Fauthor-service-images-prod-us-east-1.publishing.aws.arc.pub%2Fgfrmedia%2F2b8b5e66-e7c1-4688-835e-191edae0ddfc.png?auth=5b4a7e8f482dddd87f58128de8eceac558550d1b57d5661fab3e195e38c75053&#038;quality=75&#038;smart=true&#038;width=170&#038;height=147\"><\/p>\n<\/div>\n<div>\n<p>Los terrenos en los que, por cerca de tres d\u00e9cadas, se pretendi\u00f3 desarrollar el <b>hotel Cayo Largo, en<\/b><a href=\"https:\/\/www.elnuevodia.com\/topicos\/fajardo\/\" target=\"_blank\"><b> Fajardo<\/b><\/a><b>, ahora albergar\u00e1n uno de los complejos residenciales y tur\u00edsticos que podr\u00eda figurar entre los m\u00e1s ambiciosos de Puerto Rico: Moncayo.<\/b><\/p>\n<\/div>\n<\/div>\n<section>\n<header><span>Popular en la Comunidad<\/span><\/header>\n<\/section>\n<\/div>\n<\/div>\n\n    <div class=\"xs_social_share_widget xs_share_url after_content \t\tmain_content  wslu-style-1 wslu-share-box-shaped wslu-fill-colored wslu-none wslu-share-horizontal wslu-theme-font-no wslu-main_content\">\n\n\t\t\n        <ul>\n\t\t\t        <\/ul>\n    <\/div> \n","protected":false},"excerpt":{"rendered":"<p>Bolsa de valores 03:35 AM Noticia Basado en hechos que el periodista haya observado y verificado de primera mano, o en informaci\u00f3n verificada que proviene de fuentes bien informadas. Tres d\u00e9cadas despu\u00e9s de que se concibi\u00f3 Cayo Largo, un nuevo grupo de inversionistas asegura completar\u00e1 el proyecto 25 de septiembre de 2024 &#8211; 4:30 PM<\/p>\n","protected":false},"author":2,"featured_media":0,"comment_status":"open","ping_status":"open","sticky":false,"template":"","format":"standard","meta":{"om_disable_all_campaigns":false,"_monsterinsights_skip_tracking":false,"_monsterinsights_sitenote_active":false,"_monsterinsights_sitenote_note":"","_monsterinsights_sitenote_category":0,"footnotes":""},"categories":[5],"tags":[],"class_list":["post-17895","post","type-post","status-publish","format-standard","hentry","category-negocios"],"aioseo_notices":[],"_links":{"self":[{"href":"https:\/\/aleeknews.com\/4l33k5\/wp-json\/wp\/v2\/posts\/17895","targetHints":{"allow":["GET"]}}],"collection":[{"href":"https:\/\/aleeknews.com\/4l33k5\/wp-json\/wp\/v2\/posts"}],"about":[{"href":"https:\/\/aleeknews.com\/4l33k5\/wp-json\/wp\/v2\/types\/post"}],"author":[{"embeddable":true,"href":"https:\/\/aleeknews.com\/4l33k5\/wp-json\/wp\/v2\/users\/2"}],"replies":[{"embeddable":true,"href":"https:\/\/aleeknews.com\/4l33k5\/wp-json\/wp\/v2\/comments?post=17895"}],"version-history":[{"count":0,"href":"https:\/\/aleeknews.com\/4l33k5\/wp-json\/wp\/v2\/posts\/17895\/revisions"}],"wp:attachment":[{"href":"https:\/\/aleeknews.com\/4l33k5\/wp-json\/wp\/v2\/media?parent=17895"}],"wp:term":[{"taxonomy":"category","embeddable":true,"href":"https:\/\/aleeknews.com\/4l33k5\/wp-json\/wp\/v2\/categories?post=17895"},{"taxonomy":"post_tag","embeddable":true,"href":"https:\/\/aleeknews.com\/4l33k5\/wp-json\/wp\/v2\/tags?post=17895"}],"curies":[{"name":"wp","href":"https:\/\/api.w.org\/{rel}","templated":true}]}}