{"id":17891,"date":"2026-01-03T03:45:23","date_gmt":"2026-01-03T02:45:23","guid":{"rendered":"https:\/\/aleeknews.com\/4l33k5\/2026\/01\/03\/tragedia-en-los-alpes-como-un-hospital-suizo-atendio-a-los-heridos-del-incendio-en-le-constellation-2\/"},"modified":"2026-01-03T03:45:23","modified_gmt":"2026-01-03T02:45:23","slug":"tragedia-en-los-alpes-como-un-hospital-suizo-atendio-a-los-heridos-del-incendio-en-le-constellation-2","status":"publish","type":"post","link":"https:\/\/aleeknews.com\/4l33k5\/2026\/01\/03\/tragedia-en-los-alpes-como-un-hospital-suizo-atendio-a-los-heridos-del-incendio-en-le-constellation-2\/","title":{"rendered":"Tragedia en los Alpes: c\u00f3mo un hospital suizo atendi\u00f3 a los heridos del incendio en Le Constellation"},"content":{"rendered":"<div>\n<p><b>El hospital que recibi\u00f3 inicialmente a la mayor\u00eda de las v\u00edctimas heridas de un incendio en un bar suizo no es ajeno a las emergencias<\/b>: situado en el coraz\u00f3n de los Alpes, su personal est\u00e1 acostumbrado a tratar a los entusiastas de los deportes de invierno que sufren accidentes en las pistas. <\/p>\n<p>Eric Bonvin, director general del hospital regional en Sion que recibi\u00f3 a varias docenas de personas heridas, manifest\u00f3 que quienes sufrieron quemaduras graves enfrentan meses de tratamiento, pero expres\u00f3 su esperanza de que su juventud acelere su recuperaci\u00f3n. <\/p>\n<p>Los heridos eran adolescentes y adultos j\u00f3venes, de unos 20 a\u00f1os en promedio, coment\u00f3 a The Associated Press dentro del hospital, que est\u00e1 a unas seis millas del complejo tur\u00edstico por aire. Los sobrevivientes dijeron haber visto a sus compa\u00f1eros de fiesta luchando por escapar del fuego, algunos con graves quemaduras. <\/p>\n<p>Bonvin relat\u00f3 c\u00f3mo el <b>personal del hospital pudo determinar r\u00e1pidamente la magnitud de las lesiones de las personas, con la ayuda de colegas que no estaban en su turno de trabajo, pero acudieron r\u00e1pidamente para echar una mano. <\/b><\/p>\n<p>\u201cEs una situaci\u00f3n muy particular porque, al principio, las quemaduras no son necesariamente visibles, las terminaciones nerviosas est\u00e1n quemadas, por lo que se pierde la sensibilidad y la persona est\u00e1 principalmente en estado de shock\u201d, afirm\u00f3. \u201cEn esos momentos, cada minuto cuenta\u201d. <\/p>\n<div>\n<p><b>1 \/ 11 | <\/b><span> Tr\u00e1gica despedida de a\u00f1o: decenas de personas mueren en un incendio en bar de Suiza. Decenas de personas podr\u00edan haber muerto y alrededor de 100 m\u00e1s resultaron heridas, la mayor\u00eda de gravedad, tras un incendio en un bar de una localidad tur\u00edstica de los Alpes suizos durante la celebraci\u00f3n de A\u00f1o Nuevo.<\/span><i> &#8211; The Associated Press<\/i><\/p>\n<\/div>\n<p>Los sobrevivientes heridos sufrieron quemaduras en diversos grados, no solo en la piel sino tambi\u00e9n en las v\u00edas respiratorias. <\/p>\n<p>\u201cSe produjeron inhalaciones de humo y de calor que probablemente provocaron quemaduras internas en algunos casos. Es una situaci\u00f3n realmente catastr\u00f3fica, como se pueden imaginar\u201d, se\u00f1al\u00f3 Bonvin. <\/p>\n<p><b>El hospital contaba con suficiente personal a pesar de las festividades, porque las celebraciones de fin de a\u00f1o son muy concurridas en la regi\u00f3n alpina de Valais y atraen multitudes a sus monta\u00f1as<\/b>, pero tambi\u00e9n provocan accidentes de esqu\u00ed y otras emergencias m\u00e9dicas. <\/p>\n<p>\u201cNuestra poblaci\u00f3n se duplica en una semana\u201d, afirm\u00f3. \u201cCada a\u00f1o es un per\u00edodo de intenso estr\u00e9s para nuestra unidad de emergencias\u201d. <\/p>\n<p>Pero \u201cmuchas personas (empleados) vinieron espont\u00e1neamente, incluso aquellos que estaban de vacaciones o en alguna salida nocturna\u201d, expres\u00f3. \u201cEso funcion\u00f3 bien\u201d. <\/p>\n<p>Aun as\u00ed, el hospital, que no tiene una unidad especializada en quemaduras, alcanz\u00f3 r\u00e1pidamente su m\u00e1xima capacidad, dijeron las autoridades. A medida que los heridos llegaban el jueves, se abrieron todas las salas de operaciones quir\u00fargicas del hospital y las instalaciones de cuidados intensivos se vieron presionadas. <\/p>\n<p>Bonvin indic\u00f3 que <b>55 personas gravemente heridas fueron trasladadas de urgencia a su hospital en transportes m\u00e9dicos<\/b>. Otras con lesiones llegaron por su cuenta, algunas de ellas, trasladadas por sus seres queridos. <\/p>\n<p>Para la tarde del viernes, la mayor\u00eda hab\u00eda sido transferida a otros hospitales, mientras que otros hab\u00edan sido dados de alta, coment\u00f3 Bonvin. <\/p>\n<p>Algunos trabajadores m\u00e9dicos trataron a los heridos sin saber si sus seres queridos podr\u00edan estar entre ellos. <\/p>\n<p>\u201cFue dif\u00edcil para todos. Tambi\u00e9n probablemente porque todos se preguntaban: \u2018\u00bfEstaba mi hijo, mi primo, alguien de la regi\u00f3n en esta fiesta?\u2019 Este lugar era muy conocido como un sitio para celebrar el A\u00f1o Nuevo&#8221;, dijo Bonvin. \u201cAdem\u00e1s, ver llegar a j\u00f3venes, eso siempre es traum\u00e1tico\u201d. <\/p>\n<p><b>El camino hacia la recuperaci\u00f3n para los heridos graves probablemente ser\u00e1 largo y arduo, advirti\u00f3. <\/b><\/p>\n<p>\u201cPara las personas con quemaduras graves, el tratamiento en cuidados intensivos dura varios meses\u201d, se\u00f1al\u00f3. <\/p>\n<p>\u201cPero hay esperanza\u201d, a\u00f1adi\u00f3. \u201cSon j\u00f3venes y eso significa que todav\u00eda tienen mucha vitalidad\u201d. <\/p>\n<\/div>\n\n    <div class=\"xs_social_share_widget xs_share_url after_content \t\tmain_content  wslu-style-1 wslu-share-box-shaped wslu-fill-colored wslu-none wslu-share-horizontal wslu-theme-font-no wslu-main_content\">\n\n\t\t\n        <ul>\n\t\t\t        <\/ul>\n    <\/div> \n","protected":false},"excerpt":{"rendered":"<p>El hospital que recibi\u00f3 inicialmente a la mayor\u00eda de las v\u00edctimas heridas de un incendio en un bar suizo no es ajeno a las emergencias: situado en el coraz\u00f3n de los Alpes, su personal est\u00e1 acostumbrado a tratar a los entusiastas de los deportes de invierno que sufren accidentes en las pistas. Eric Bonvin, director<\/p>\n","protected":false},"author":2,"featured_media":17880,"comment_status":"open","ping_status":"open","sticky":false,"template":"","format":"standard","meta":{"om_disable_all_campaigns":false,"_monsterinsights_skip_tracking":false,"_monsterinsights_sitenote_active":false,"_monsterinsights_sitenote_note":"","_monsterinsights_sitenote_category":0,"footnotes":""},"categories":[10],"tags":[],"class_list":["post-17891","post","type-post","status-publish","format-standard","has-post-thumbnail","hentry","category-mundo"],"aioseo_notices":[],"_links":{"self":[{"href":"https:\/\/aleeknews.com\/4l33k5\/wp-json\/wp\/v2\/posts\/17891","targetHints":{"allow":["GET"]}}],"collection":[{"href":"https:\/\/aleeknews.com\/4l33k5\/wp-json\/wp\/v2\/posts"}],"about":[{"href":"https:\/\/aleeknews.com\/4l33k5\/wp-json\/wp\/v2\/types\/post"}],"author":[{"embeddable":true,"href":"https:\/\/aleeknews.com\/4l33k5\/wp-json\/wp\/v2\/users\/2"}],"replies":[{"embeddable":true,"href":"https:\/\/aleeknews.com\/4l33k5\/wp-json\/wp\/v2\/comments?post=17891"}],"version-history":[{"count":0,"href":"https:\/\/aleeknews.com\/4l33k5\/wp-json\/wp\/v2\/posts\/17891\/revisions"}],"wp:featuredmedia":[{"embeddable":true,"href":"https:\/\/aleeknews.com\/4l33k5\/wp-json\/wp\/v2\/media\/17880"}],"wp:attachment":[{"href":"https:\/\/aleeknews.com\/4l33k5\/wp-json\/wp\/v2\/media?parent=17891"}],"wp:term":[{"taxonomy":"category","embeddable":true,"href":"https:\/\/aleeknews.com\/4l33k5\/wp-json\/wp\/v2\/categories?post=17891"},{"taxonomy":"post_tag","embeddable":true,"href":"https:\/\/aleeknews.com\/4l33k5\/wp-json\/wp\/v2\/tags?post=17891"}],"curies":[{"name":"wp","href":"https:\/\/api.w.org\/{rel}","templated":true}]}}