{"id":17884,"date":"2026-01-03T03:45:27","date_gmt":"2026-01-03T02:45:27","guid":{"rendered":"https:\/\/aleeknews.com\/4l33k5\/2026\/01\/03\/he-visto-el-horror-y-no-se-que-podria-ser-peor-testigos-viven-pesadilla-al-incendiarse-un-bar-en-los-alpes-suizos\/"},"modified":"2026-01-03T03:45:27","modified_gmt":"2026-01-03T02:45:27","slug":"he-visto-el-horror-y-no-se-que-podria-ser-peor-testigos-viven-pesadilla-al-incendiarse-un-bar-en-los-alpes-suizos","status":"publish","type":"post","link":"https:\/\/aleeknews.com\/4l33k5\/2026\/01\/03\/he-visto-el-horror-y-no-se-que-podria-ser-peor-testigos-viven-pesadilla-al-incendiarse-un-bar-en-los-alpes-suizos\/","title":{"rendered":"\u201cHe visto el horror y no s\u00e9 qu\u00e9 podr\u00eda ser peor\u201d: testigos viven pesadilla al incendiarse un bar en los Alpes suizos"},"content":{"rendered":"<div>\n<p><b>Crans-Montana, Suiza <\/b> &#8211; Axel Clavier sinti\u00f3 que se asfixiaba en el bar de los <a href=\"https:\/\/www.elnuevodia.com\/noticias\/mundo\/fotogalerias\/tragica-despedida-de-ano-decenas-de-personas-mueren-en-un-incendio-en-bar-de-suiza\/\" target=\"_self\" rel title=\"https:\/\/www.elnuevodia.com\/noticias\/mundo\/fotogalerias\/tragica-despedida-de-ano-decenas-de-personas-mueren-en-un-incendio-en-bar-de-suiza\/\"><b>Alpes suizos<\/b><\/a> donde momentos antes hab\u00eda estado celebrando el A\u00f1o Nuevo con amigos y docenas de personas m\u00e1s.<\/p>\n<p>El joven de 16 a\u00f1os, llegado desde Par\u00eds, escap\u00f3 del infierno que se desat\u00f3 pasada la medianoche del jueves rompiendo una ventana con una mesa. Pero alrededor de 40 asistentes a la fiesta fallecieron, incluyendo uno de sus amigos, v\u00edctimas de una de las peores tragedias en la historia de Suiza.<\/p>\n<p>El fuego caus\u00f3 adem\u00e1s unos 115 heridos, muchos de ellos adolescentes y j\u00f3venes de entre 20 y 25 a\u00f1os, mientras arrasaba el abarrotado bar Le Constellation en la estaci\u00f3n de esqu\u00ed de Crans-Montana, seg\u00fan la polic\u00eda.<\/p>\n<p>Clavier cont\u00f3 a The Associated Press que \u201cdos o tres\u201d de sus amigos segu\u00edan desaparecidos horas despu\u00e9s del desastre.<\/p>\n<div>\n<p><b>1 \/ 28 | <\/b><span> Cuando la noche se volvi\u00f3 tragedia: los peores incendios en bares y clubes del mundo. Diciembre de 2025: Un incendio arras\u00f3 con un popular club nocturno en el pueblo de Arpora, en el estado de Goa, India, matando a 25 personas, entre trabajadores de cocina y turistas.<\/span><i> &#8211; The Associated Press<\/i><\/p>\n<\/div>\n<p>A \u00faltima hora del jueves, los dolientes depositaron velas y flores en un monumento de recuerdo improvisado cerca del lugar de la tragedia. Cientos de personas m\u00e1s rezaron por las v\u00edctimas en la cercana Iglesia de Montana-Station.<\/p>\n<p>El papa Le\u00f3n XIV envi\u00f3 el viernes un telegrama al obispo de Sion para expresar sus condolencias a la regi\u00f3n y rezar para que \u201cel Se\u00f1or acoja a los fallecidos en su morada de paz y luz, y sostenga el \u00e1nimo de aquellos que sufren en sus corazones o en sus cuerpos\u201d.<\/p>\n<p>Autoridades de Francia e Italia dijeron entre los desaparecidos hab\u00eda ciudadanos de sus pa\u00edses.<\/p>\n<p><h4>La causa del incendio, bajo investigaci\u00f3n<\/h4>\n<\/p>\n<p>El jefe de la polic\u00eda del cant\u00f3n de Valais, Fr\u00e9d\u00e9ric Gisler, dijo durante una conferencia de prensa que se trabajaba para identificar a las v\u00edctimas e informar a sus familias, y se\u00f1al\u00f3 que la comunidad estaba \u201cdevastada\u201d.<\/p>\n<div>\n<p><b>1 \/ 11 | <\/b><span> Tr\u00e1gica despedida de a\u00f1o: decenas de personas mueren en un incendio en bar de Suiza. Decenas de personas podr\u00edan haber muerto y alrededor de 100 m\u00e1s resultaron heridas, la mayor\u00eda de gravedad, tras un incendio en un bar de una localidad tur\u00edstica de los Alpes suizos durante la celebraci\u00f3n de A\u00f1o Nuevo.<\/span><i> &#8211; The Associated Press<\/i><\/p>\n<\/div>\n<p>\u201cTenemos numerosos relatos de acciones heroicas, se podr\u00eda decir, de una solidaridad muy grande en ese momento\u201d, afirm\u00f3 Mathias Reynard, jefe del gobierno regional de Valais, en declaraciones a la emisora de RTS el viernes. El mandatario elogi\u00f3 el trabajo de los servicios de emergencia al d\u00eda siguiente del incendio, pero agreg\u00f3 que \u201den los primeros minutos fueron los ciudadanos \u2014y en su mayor\u00eda j\u00f3venes\u2014 quienes salvaron vidas con su valent\u00eda\u201d.<\/p>\n<p>Las autoridades no dispon\u00edan de un conteo exacto de los fallecidos.<\/p>\n<p>Beatrice Pilloud, fiscal general del cant\u00f3n, apunt\u00f3 que era demasiado pronto para determinar la causa del incendio, pero dijo que los investigadores descartaron la posibilidad de un ataque.<\/p>\n<p>\u201cPor el momento, no tenemos ning\u00fan sospechoso\u201d, a\u00f1adi\u00f3 al ser preguntada por si se hab\u00edan realizado detenciones. \u201cSe ha abierto una investigaci\u00f3n, no contra nadie, sino para comprender mejor las circunstancias de este dram\u00e1tico incendio.\u201d<\/p>\n<p><h4>Una noche de celebraci\u00f3n se convierte en tragedia<\/h4>\n<\/p>\n<p>Clavier, el adolescente parisino, dijo que no vio c\u00f3mo comenz\u00f3 el fuego, pero s\u00ed vio llegar a las camareras con botellas de champ\u00e1n con bengalas encendidas.<\/p>\n<p>Dos mujeres contaron a la cadena francesa BFMTV que estaban en el interior cuando vieron a un camarero llevando a una compa\u00f1era a hombros mientras esta sosten\u00eda una vela encendida en una botella. Las llamas se propagaron r\u00e1pidamente y causaron el colapso del techo de madera, agregaron.<\/p>\n<p>Una de ellas describi\u00f3 una estampida de gente que trataba de escapar del club nocturno, ubicado en un s\u00f3tano, subiendo por una estrecha escalera y saliendo por una puerta angosta.<\/p>\n<p>Otro testigo que habl\u00f3 con BFMTV cont\u00f3 que la gente romp\u00eda las ventanas para huir del fuego, algunas con heridas graves, y que padres en p\u00e1nico acudieron al lugar en coche para ver si sus hijos estaban atrapados dentro. El joven dijo que vio a una veintena de personas luchando por salir de entre el humo y las llamas y compar\u00f3 lo que vio desde el otro lado de la calle con una pel\u00edcula de terror.<\/p>\n<p>Gianni Campolo, un suizo de 19 a\u00f1os que estaba de vacaciones en Crans-Montana, corri\u00f3 al bar para ayudar a los equipos de emergencias despu\u00e9s de recibir una llamada de un amigo que hab\u00eda escapado del infierno. Describi\u00f3 escenas con personas atrapadas tendidas en el piso, con lesiones graves y quemaduras.<\/p>\n<p>\u201cHe visto el horror y no s\u00e9 qu\u00e9 podr\u00eda ser peor que esto\u201d, afirm\u00f3 en declaraciones a TF1.<\/p>\n<p>Crans-Montana est\u00e1 a menos de 5 kil\u00f3metros (3 millas) de la localidad suiza de Sierre, donde 28 personas, muchas de ellas menores, murieron cuando un autob\u00fas procedente de B\u00e9lgica se estrell\u00f3 en el interior de un t\u00fanel en 2012.<\/p>\n<p><h4>Estaci\u00f3n en el coraz\u00f3n de los Alpes<\/h4>\n<\/p>\n<p>En una regi\u00f3n muy concurrida por turistas que practican esqu\u00ed en sus pistas, las autoridades pidieron a la poblaci\u00f3n local que, en los pr\u00f3ximos d\u00edas, act\u00fae con precauci\u00f3n para evitar cualquier accidente que pueda requerir unos recursos m\u00e9dicos que ya est\u00e1n desbordados.<\/p>\n<p>Con pistas de esqu\u00ed de gran altitud, a unos 3.000 metros (casi 9.850 pies), en el coraz\u00f3n de los picos nevados y bosques de pinos de la regi\u00f3n de Valais, Crans-Montana es una de las principales sedes del circuito de la Copa del Mundo. El resort recibir\u00e1 a los mejores en descenso masculino y femenino, incluida Lindsey Vonn, para las \u00faltimas pruebas antes de los Juegos Ol\u00edmpicos de Invierno de Mil\u00e1n-Cortina en febrero. El club de golf Crans-sur-Sierre de la ciudad organiza el European Masters cada agosto en un pintoresco campo.<\/p>\n<\/div>\n\n    <div class=\"xs_social_share_widget xs_share_url after_content \t\tmain_content  wslu-style-1 wslu-share-box-shaped wslu-fill-colored wslu-none wslu-share-horizontal wslu-theme-font-no wslu-main_content\">\n\n\t\t\n        <ul>\n\t\t\t        <\/ul>\n    <\/div> \n","protected":false},"excerpt":{"rendered":"<p>Crans-Montana, Suiza &#8211; Axel Clavier sinti\u00f3 que se asfixiaba en el bar de los Alpes suizos donde momentos antes hab\u00eda estado celebrando el A\u00f1o Nuevo con amigos y docenas de personas m\u00e1s. El joven de 16 a\u00f1os, llegado desde Par\u00eds, escap\u00f3 del infierno que se desat\u00f3 pasada la medianoche del jueves rompiendo una ventana con<\/p>\n","protected":false},"author":2,"featured_media":17885,"comment_status":"open","ping_status":"open","sticky":false,"template":"","format":"standard","meta":{"om_disable_all_campaigns":false,"_monsterinsights_skip_tracking":false,"_monsterinsights_sitenote_active":false,"_monsterinsights_sitenote_note":"","_monsterinsights_sitenote_category":0,"footnotes":""},"categories":[10],"tags":[],"class_list":["post-17884","post","type-post","status-publish","format-standard","has-post-thumbnail","hentry","category-mundo"],"aioseo_notices":[],"_links":{"self":[{"href":"https:\/\/aleeknews.com\/4l33k5\/wp-json\/wp\/v2\/posts\/17884","targetHints":{"allow":["GET"]}}],"collection":[{"href":"https:\/\/aleeknews.com\/4l33k5\/wp-json\/wp\/v2\/posts"}],"about":[{"href":"https:\/\/aleeknews.com\/4l33k5\/wp-json\/wp\/v2\/types\/post"}],"author":[{"embeddable":true,"href":"https:\/\/aleeknews.com\/4l33k5\/wp-json\/wp\/v2\/users\/2"}],"replies":[{"embeddable":true,"href":"https:\/\/aleeknews.com\/4l33k5\/wp-json\/wp\/v2\/comments?post=17884"}],"version-history":[{"count":0,"href":"https:\/\/aleeknews.com\/4l33k5\/wp-json\/wp\/v2\/posts\/17884\/revisions"}],"wp:featuredmedia":[{"embeddable":true,"href":"https:\/\/aleeknews.com\/4l33k5\/wp-json\/wp\/v2\/media\/17885"}],"wp:attachment":[{"href":"https:\/\/aleeknews.com\/4l33k5\/wp-json\/wp\/v2\/media?parent=17884"}],"wp:term":[{"taxonomy":"category","embeddable":true,"href":"https:\/\/aleeknews.com\/4l33k5\/wp-json\/wp\/v2\/categories?post=17884"},{"taxonomy":"post_tag","embeddable":true,"href":"https:\/\/aleeknews.com\/4l33k5\/wp-json\/wp\/v2\/tags?post=17884"}],"curies":[{"name":"wp","href":"https:\/\/api.w.org\/{rel}","templated":true}]}}