{"id":17883,"date":"2026-01-03T03:45:28","date_gmt":"2026-01-03T02:45:28","guid":{"rendered":"https:\/\/aleeknews.com\/4l33k5\/2026\/01\/03\/presidente-colombiano-anuncia-refuerzo-de-control-militar-en-zona-fronteriza-con-venezuela-2\/"},"modified":"2026-01-03T03:45:28","modified_gmt":"2026-01-03T02:45:28","slug":"presidente-colombiano-anuncia-refuerzo-de-control-militar-en-zona-fronteriza-con-venezuela-2","status":"publish","type":"post","link":"https:\/\/aleeknews.com\/4l33k5\/2026\/01\/03\/presidente-colombiano-anuncia-refuerzo-de-control-militar-en-zona-fronteriza-con-venezuela-2\/","title":{"rendered":"Presidente colombiano anuncia refuerzo de control militar en zona fronteriza con Venezuela"},"content":{"rendered":"<div>\n<p>El presidente colombiano, <a href=\"https:\/\/www.elnuevodia.com\/topicos\/gustavo-petro\/\" target=\"_blank\" rel=\"noreferrer\" title=\"https:\/\/www.elnuevodia.com\/topicos\/gustavo-petro\/\"><b>Gustavo Petro<\/b><\/a>, inform\u00f3 el viernes que fuerzas militares ingresaron a una convulsa zona del noreste del pa\u00eds, cercana a la frontera con <a href=\"https:\/\/www.elnuevodia.com\/topicos\/venezuela\/\" target=\"_blank\" rel=\"noreferrer\" title=\"https:\/\/www.elnuevodia.com\/topicos\/venezuela\/\"><b>Venezuela<\/b><\/a>, donde permanecer\u00e1n para reforzar el control del \u00e1rea que, afirm\u00f3, es usada por la guerrilla del<b> <\/b>Ej\u00e9rcito de Liberaci\u00f3n Nacional (ELN) para producir y traficar droga. <\/p>\n<p>El anuncio de Petro se produce un d\u00eda despu\u00e9s de que su par venezolano, <a href=\"https:\/\/www.elnuevodia.com\/topicos\/nicolas-maduro\/\" target=\"_blank\" rel=\"noreferrer\" title=\"https:\/\/www.elnuevodia.com\/topicos\/nicolas-maduro\/\"><b>Nicol\u00e1s Maduro<\/b><\/a>, reprochara que su gobierno destina miles de millones de d\u00f3lares para resguardar la frontera com\u00fan de 2,200 kil\u00f3metros, \u201cpero no hay ninguna colaboraci\u00f3n del lado colombiano, as\u00ed que todo el trabajo (lo) tenemos que hacer nosotros\u201d. <\/p>\n<p>Maduro hizo las declaraciones durante una entrevista pregrabada con el periodista espa\u00f1ol Ignacio Ramonet que fue difundida el jueves. Insisti\u00f3 que \u201cla frontera colombiana est\u00e1 totalmente desprovista de protecci\u00f3n militar, policial\u201d. <\/p>\n<p>El viernes en un extenso mensaje en X el mandatario colombiano refiri\u00f3 haber conversado varias veces con Maduro y otros funcionarios para \u201ccoordinar operaciones contra las mafias en la frontera\u201d donde, asever\u00f3, se han ejecutado acciones importantes. <\/p>\n<p><b>\u201cLa Amazon\u00eda sin control, quedar\u00e1 en manos de ej\u00e9rcitos ilegales en Colombia y Venezuela. Ese futuro no lo quiero\u201d<\/b>, escribi\u00f3 Petro. Tras ello, anunci\u00f3 que \u201cya entr\u00f3 el ej\u00e9rcito bajo mis \u00f3rdenes a Filo el Gringo, Norte de Santander\u201d, que afirm\u00f3, \u201ces la zona simb\u00f3lica de la producci\u00f3n traqueta (<a href=\"https:\/\/www.elnuevodia.com\/topicos\/narcotrafico\/\" target=\"_blank\" rel=\"noreferrer\" title=\"https:\/\/www.elnuevodia.com\/topicos\/narcotrafico\/\"><b>narcotr\u00e1fico<\/b><\/a>) y dominio del ELN\u201d. <\/p>\n<p>El mandatario colombiano asegur\u00f3 que \u201cel ej\u00e9rcito no abandonar\u00e1 esa zona\u201d, adonde iniciar\u00e1 el programa gubernamental para sustituci\u00f3n voluntaria de cultivos de coca por cultivos legales. <\/p>\n<div>\n<p><b>1 \/ 18 | <\/b><span> A casi cuatro meses de que iniciara la movilizaci\u00f3n, as\u00ed se ve la presencia militar en Puerto Rico y el Caribe. El despliegue militar en la regi\u00f3n del Caribe contin\u00faa con distintas unidades llevando a cabo distintas operaciones. En esta foto se observa efectivos de la Guardia Nacional y T\u00e9cnicos de la Unidad de Disposici\u00f3n de Explosivos de la Marina al lanzarse por una soga desde un helic\u00f3ptero MH-60S Sea Hawk sobre la cubierta del USS Gerald R. Ford, considerado el portaaviones m\u00e1s grande del mundo.<\/span><i> &#8211; DVIDS<\/i><\/p>\n<\/div>\n<p>\u201cEl ELN le hace un enorme da\u00f1o a Colombia y Venezuela al traquetear en la frontera el producto de la coca\u00edna que extrae del Catatumbo\u201d, apunt\u00f3 Petro y afirm\u00f3 que esa guerrilla \u2014en armas desde 1964\u2014 \u201ccompra funcionarios\u201d en ambos lados de la frontera. <\/p>\n<p>El refuerzo de la presencia militar colombiana tambi\u00e9n se produce luego de recientes enfrentamientos entre el ELN y disidencias de las extintas Fuerzas Armadas Revolucionarias de Colombia (FARC) en la regi\u00f3n del Catatumbo, a la que pertenece el corregimiento de \u201cFilo el Gringo\u201d, en el departamento del Norte de Santander. Los choques armados han dejado pobladores desplazados. <\/p>\n<p>Petro tambi\u00e9n se refiri\u00f3 a la situaci\u00f3n en el <a href=\"https:\/\/www.elnuevodia.com\/topicos\/mar-caribe\/\" target=\"_blank\" rel=\"noreferrer\" title=\"https:\/\/www.elnuevodia.com\/topicos\/mar-caribe\/\"><b>mar Caribe<\/b><\/a> donde desde el a\u00f1o anterior se han desplegado fuerzas militares estadounidenses que la administraci\u00f3n de <a href=\"https:\/\/www.elnuevodia.com\/topicos\/donald-trump\/\" target=\"_blank\" rel=\"noreferrer\" title=\"https:\/\/www.elnuevodia.com\/topicos\/donald-trump\/\"><b>Donald Trump<\/b><\/a> alega buscan frenar el flujo de drogas hacia Estados Unidos y combatir el narcoterrorismo en la regi\u00f3n. <\/p>\n<p>\u201cNo se usar\u00e1 Colombia para invadir ning\u00fan pueblo hermano, mientras sea presidente\u201d, reiter\u00f3 el gobernante. \u201cHasta el \u00faltimo d\u00eda de mi gobierno y despu\u00e9s, buscar\u00e9 que el Caribe sea zona de Paz y que el pueblo de Venezuela se encuentre en una salida pol\u00edtica a sus diferencias y se vote constituyentemente\u201d, concluy\u00f3. <\/p>\n<\/div>\n\n    <div class=\"xs_social_share_widget xs_share_url after_content \t\tmain_content  wslu-style-1 wslu-share-box-shaped wslu-fill-colored wslu-none wslu-share-horizontal wslu-theme-font-no wslu-main_content\">\n\n\t\t\n        <ul>\n\t\t\t        <\/ul>\n    <\/div> \n","protected":false},"excerpt":{"rendered":"<p>El presidente colombiano, Gustavo Petro , inform\u00f3 el viernes que fuerzas militares ingresaron a una convulsa zona del noreste del pa\u00eds, cercana a la frontera con Venezuela , donde permanecer\u00e1n para reforzar el control del \u00e1rea que, afirm\u00f3, es usada por la guerrilla del Ej\u00e9rcito de Liberaci\u00f3n Nacional (ELN) para producir y traficar droga. El<\/p>\n","protected":false},"author":2,"featured_media":17882,"comment_status":"open","ping_status":"open","sticky":false,"template":"","format":"standard","meta":{"om_disable_all_campaigns":false,"_monsterinsights_skip_tracking":false,"_monsterinsights_sitenote_active":false,"_monsterinsights_sitenote_note":"","_monsterinsights_sitenote_category":0,"footnotes":""},"categories":[10],"tags":[],"class_list":["post-17883","post","type-post","status-publish","format-standard","has-post-thumbnail","hentry","category-mundo"],"aioseo_notices":[],"_links":{"self":[{"href":"https:\/\/aleeknews.com\/4l33k5\/wp-json\/wp\/v2\/posts\/17883","targetHints":{"allow":["GET"]}}],"collection":[{"href":"https:\/\/aleeknews.com\/4l33k5\/wp-json\/wp\/v2\/posts"}],"about":[{"href":"https:\/\/aleeknews.com\/4l33k5\/wp-json\/wp\/v2\/types\/post"}],"author":[{"embeddable":true,"href":"https:\/\/aleeknews.com\/4l33k5\/wp-json\/wp\/v2\/users\/2"}],"replies":[{"embeddable":true,"href":"https:\/\/aleeknews.com\/4l33k5\/wp-json\/wp\/v2\/comments?post=17883"}],"version-history":[{"count":0,"href":"https:\/\/aleeknews.com\/4l33k5\/wp-json\/wp\/v2\/posts\/17883\/revisions"}],"wp:featuredmedia":[{"embeddable":true,"href":"https:\/\/aleeknews.com\/4l33k5\/wp-json\/wp\/v2\/media\/17882"}],"wp:attachment":[{"href":"https:\/\/aleeknews.com\/4l33k5\/wp-json\/wp\/v2\/media?parent=17883"}],"wp:term":[{"taxonomy":"category","embeddable":true,"href":"https:\/\/aleeknews.com\/4l33k5\/wp-json\/wp\/v2\/categories?post=17883"},{"taxonomy":"post_tag","embeddable":true,"href":"https:\/\/aleeknews.com\/4l33k5\/wp-json\/wp\/v2\/tags?post=17883"}],"curies":[{"name":"wp","href":"https:\/\/api.w.org\/{rel}","templated":true}]}}