{"id":17861,"date":"2026-01-02T04:42:40","date_gmt":"2026-01-02T03:42:40","guid":{"rendered":"https:\/\/aleeknews.com\/4l33k5\/2026\/01\/02\/radican-la-resolucion-para-encaminar-el-incentivo-reintegrable-2\/"},"modified":"2026-01-02T04:42:40","modified_gmt":"2026-01-02T03:42:40","slug":"radican-la-resolucion-para-encaminar-el-incentivo-reintegrable-2","status":"publish","type":"post","link":"https:\/\/aleeknews.com\/4l33k5\/2026\/01\/02\/radican-la-resolucion-para-encaminar-el-incentivo-reintegrable-2\/","title":{"rendered":"Radican la resoluci\u00f3n para encaminar el \u201cincentivo reintegrable\u201d"},"content":{"rendered":"<div>\n<div data-testid=\"global-header-test\" data-fusion-lazy-id=\"f0f5G41E11Y61Ck\">\n<hr>\n<p><span>Bolsa de valores <b>03:42 AM<\/b><\/span><\/p>\n<\/div>\n<div>\n<div data-fusion-lazy-id=\"f0f9tfiOw0362nv\">\n<div class>\n<p><a href=\"https:\/\/thetrustproject.org\/\"><img decoding=\"async\" src=\"https:\/\/www.elnuevodia.com\/pf\/resources\/v2\/icons\/trust-icon.svg?d=219\"><\/a><\/p>\n<div>\n<p>Se adhiere a los criterios de The Trust Project<\/p>\n<\/div>\n<\/div>\n<div>\n<h2>Luego del acuerdo con la Junta de Supervisi\u00f3n Fiscal, el gobierno present\u00f3 la resoluci\u00f3n que permitir\u00eda enviar cheques de alivio contributivo a unos 177,000 contribuyentes <\/h2>\n<div>\n<p>18 de diciembre de 2023 &#8211; 5:00 PM<\/p>\n<\/div>\n<div>\n<p><b>Archivo<\/b><\/p>\n<p>Esta historia fue publicada hace m\u00e1s de 2 a\u00f1os.<\/p>\n<\/div>\n<\/div>\n<\/div>\n<div data-fusion-lazy-id=\"f0f8wxHIPTYNet\">\n<div><picture><source media=\"(max-width: 375px)\" ><source media=\"(max-width: 767px)\" ><source media=\"(max-width: 1023px)\" ><source ><\/picture><figcaption>Seg\u00fan el gobierno, el &#8220;incentivo reintegrable&#8221; permitir\u00eda aliviar la carga impositiva de contribuyentes de ingresos medios y medio altos, pero solo por un a\u00f1o. <span>(El Nuevo D\u00eda)<\/span><\/figcaption><\/div>\n<div>\n<p><img decoding=\"async\" alt=\"Maricarmen Rivera S\u00e1nchez\" src=\"https:\/\/www.elnuevodia.com\/resizer\/v2\/https%3A%2F%2Fauthor-service-images-prod-us-east-1.publishing.aws.arc.pub%2Fgfrmedia%2Fd7e09b7c-e3ac-42d9-9b55-fd4ec60fdd8e.png?auth=473195d231d90ef88f73011702b0a9dfb1fd392b4b707b9f977bd57796ae2b6e&#038;quality=75&#038;smart=true&#038;width=170&#038;height=147\"><\/p>\n<\/div>\n<div>\n<p>La medida que permitir\u00eda utilizar $250 millones del presupuesto para pagar un incentivo a los contribuyentes de clase media y media alta en Puerto Rico ya est\u00e1 radicado ante la Asamblea Legislativa.<\/p>\n<\/div>\n<\/div>\n<section>\n<header><span>Popular en la Comunidad<\/span><\/header>\n<\/section>\n<\/div>\n<\/div>\n\n    <div class=\"xs_social_share_widget xs_share_url after_content \t\tmain_content  wslu-style-1 wslu-share-box-shaped wslu-fill-colored wslu-none wslu-share-horizontal wslu-theme-font-no wslu-main_content\">\n\n\t\t\n        <ul>\n\t\t\t        <\/ul>\n    <\/div> \n","protected":false},"excerpt":{"rendered":"<p>Bolsa de valores 03:42 AM Se adhiere a los criterios de The Trust Project Luego del acuerdo con la Junta de Supervisi\u00f3n Fiscal, el gobierno present\u00f3 la resoluci\u00f3n que permitir\u00eda enviar cheques de alivio contributivo a unos 177,000 contribuyentes 18 de diciembre de 2023 &#8211; 5:00 PM Archivo Esta historia fue publicada hace m\u00e1s de<\/p>\n","protected":false},"author":2,"featured_media":17858,"comment_status":"open","ping_status":"open","sticky":false,"template":"","format":"standard","meta":{"om_disable_all_campaigns":false,"_monsterinsights_skip_tracking":false,"_monsterinsights_sitenote_active":false,"_monsterinsights_sitenote_note":"","_monsterinsights_sitenote_category":0,"footnotes":""},"categories":[5],"tags":[],"class_list":["post-17861","post","type-post","status-publish","format-standard","has-post-thumbnail","hentry","category-negocios"],"aioseo_notices":[],"_links":{"self":[{"href":"https:\/\/aleeknews.com\/4l33k5\/wp-json\/wp\/v2\/posts\/17861","targetHints":{"allow":["GET"]}}],"collection":[{"href":"https:\/\/aleeknews.com\/4l33k5\/wp-json\/wp\/v2\/posts"}],"about":[{"href":"https:\/\/aleeknews.com\/4l33k5\/wp-json\/wp\/v2\/types\/post"}],"author":[{"embeddable":true,"href":"https:\/\/aleeknews.com\/4l33k5\/wp-json\/wp\/v2\/users\/2"}],"replies":[{"embeddable":true,"href":"https:\/\/aleeknews.com\/4l33k5\/wp-json\/wp\/v2\/comments?post=17861"}],"version-history":[{"count":0,"href":"https:\/\/aleeknews.com\/4l33k5\/wp-json\/wp\/v2\/posts\/17861\/revisions"}],"wp:featuredmedia":[{"embeddable":true,"href":"https:\/\/aleeknews.com\/4l33k5\/wp-json\/wp\/v2\/media\/17858"}],"wp:attachment":[{"href":"https:\/\/aleeknews.com\/4l33k5\/wp-json\/wp\/v2\/media?parent=17861"}],"wp:term":[{"taxonomy":"category","embeddable":true,"href":"https:\/\/aleeknews.com\/4l33k5\/wp-json\/wp\/v2\/categories?post=17861"},{"taxonomy":"post_tag","embeddable":true,"href":"https:\/\/aleeknews.com\/4l33k5\/wp-json\/wp\/v2\/tags?post=17861"}],"curies":[{"name":"wp","href":"https:\/\/api.w.org\/{rel}","templated":true}]}}