{"id":17852,"date":"2026-01-02T04:42:46","date_gmt":"2026-01-02T03:42:46","guid":{"rendered":"https:\/\/aleeknews.com\/4l33k5\/2026\/01\/02\/otro-aumento-a-la-luz-lo-que-sugiere-el-nuevo-plan-de-ajuste-de-la-aee-aprobado-por-la-junta-fiscal\/"},"modified":"2026-01-02T04:42:46","modified_gmt":"2026-01-02T03:42:46","slug":"otro-aumento-a-la-luz-lo-que-sugiere-el-nuevo-plan-de-ajuste-de-la-aee-aprobado-por-la-junta-fiscal","status":"publish","type":"post","link":"https:\/\/aleeknews.com\/4l33k5\/2026\/01\/02\/otro-aumento-a-la-luz-lo-que-sugiere-el-nuevo-plan-de-ajuste-de-la-aee-aprobado-por-la-junta-fiscal\/","title":{"rendered":"Otro aumento a la luz: lo que sugiere el nuevo Plan de Ajuste de la AEE aprobado por la Junta Fiscal"},"content":{"rendered":"<div>\n<div data-testid=\"global-header-test\" data-fusion-lazy-id=\"f0f5G41E11Y61Ck\">\n<hr>\n<p><span>Bolsa de valores <b>03:42 AM<\/b><\/span><\/p>\n<\/div>\n<div>\n<div data-fusion-lazy-id=\"f0f9tfiOw0362nv\">\n<div class>\n<p><a href=\"https:\/\/thetrustproject.org\/\"><img decoding=\"async\" src=\"https:\/\/www.elnuevodia.com\/pf\/resources\/v2\/icons\/trust-icon.svg?d=219\"><\/a><\/p>\n<div>\n<p>Se adhiere a los criterios de The Trust Project<\/p>\n<\/div>\n<\/div>\n<div>\n<h2>Seg\u00fan el representante de los consumidores ante la junta de gobierno de la AEE, Tom\u00e1s Torres Placa, la mayor\u00eda de los abonados pudieran ver, en promedio, un aumento de unos dos centavos en la factura de la luz<\/h2>\n<div>\n<p>2 de enero de 2024 &#8211; 4:15 PM<\/p>\n<\/div>\n<div>\n<p><b>Archivo<\/b><\/p>\n<p>Esta historia fue publicada hace m\u00e1s de 2 a\u00f1os.<\/p>\n<\/div>\n<\/div>\n<\/div>\n<div data-fusion-lazy-id=\"f0f8wxHIPTYNet\">\n<div><picture><source media=\"(max-width: 375px)\" ><source media=\"(max-width: 767px)\" ><source media=\"(max-width: 1023px)\" ><source ><\/picture><figcaption>La Junta Fiscal propuso pagar m\u00e1s de $2,536 millones en bonos reestructurados, lo que supone un aumento al compararse con la versi\u00f3n enmendada anterior que suger\u00eda el pago de unos $2,283 millones. <span>(david.villafane@gfrmedia.com)<\/span><\/figcaption><\/div>\n<div>\n<p><img decoding=\"async\" alt=\"Efra\u00edn Montalb\u00e1n R\u00edos\" src=\"https:\/\/www.elnuevodia.com\/resizer\/v2\/https%3A%2F%2Fauthor-service-images-prod-us-east-1.publishing.aws.arc.pub%2Fgfrmedia%2Fb846106f-313f-4fa3-8690-8169fec53277.png?auth=b672eb01840f63d170a79ae205ccc29a2f694f1bb849b72693c84ad2cc16b7a1&#038;quality=75&#038;smart=true&#038;width=170&#038;height=147\"><\/p>\n<\/div>\n<div>\n<p>La <a href=\"https:\/\/www.elnuevodia.com\/topicos\/junta-supervision-fiscal\/\">Junta de Supervisi\u00f3n Fiscal<\/a> (JSF), por cuarta ocasi\u00f3n, radic\u00f3 un nuevo <a href=\"https:\/\/www.elnuevodia.com\/topicos\/plan-de-ajuste-de-la-deuda\/\">Plan de Ajuste<\/a> de la <b>Autoridad de Energ\u00eda El\u00e9ctrica<\/b> (PDA-AEE), en el que adem\u00e1s de aumentar las obligaciones de la corporaci\u00f3n p\u00fablica, increment\u00f3 el \u201ccargo heredado\u201d que tendr\u00edan que pagar gran parte de los abonados, lo que implicar\u00eda un nuevo aumento en la factura del servicio el\u00e9ctrico.<\/p>\n<\/div>\n<\/div>\n<section>\n<header><span>Popular en la Comunidad<\/span><\/header>\n<\/section>\n<\/div>\n<\/div>\n\n    <div class=\"xs_social_share_widget xs_share_url after_content \t\tmain_content  wslu-style-1 wslu-share-box-shaped wslu-fill-colored wslu-none wslu-share-horizontal wslu-theme-font-no wslu-main_content\">\n\n\t\t\n        <ul>\n\t\t\t        <\/ul>\n    <\/div> \n","protected":false},"excerpt":{"rendered":"<p>Bolsa de valores 03:42 AM Se adhiere a los criterios de The Trust Project Seg\u00fan el representante de los consumidores ante la junta de gobierno de la AEE, Tom\u00e1s Torres Placa, la mayor\u00eda de los abonados pudieran ver, en promedio, un aumento de unos dos centavos en la factura de la luz 2 de enero<\/p>\n","protected":false},"author":2,"featured_media":0,"comment_status":"open","ping_status":"open","sticky":false,"template":"","format":"standard","meta":{"om_disable_all_campaigns":false,"_monsterinsights_skip_tracking":false,"_monsterinsights_sitenote_active":false,"_monsterinsights_sitenote_note":"","_monsterinsights_sitenote_category":0,"footnotes":""},"categories":[5],"tags":[],"class_list":["post-17852","post","type-post","status-publish","format-standard","hentry","category-negocios"],"aioseo_notices":[],"_links":{"self":[{"href":"https:\/\/aleeknews.com\/4l33k5\/wp-json\/wp\/v2\/posts\/17852","targetHints":{"allow":["GET"]}}],"collection":[{"href":"https:\/\/aleeknews.com\/4l33k5\/wp-json\/wp\/v2\/posts"}],"about":[{"href":"https:\/\/aleeknews.com\/4l33k5\/wp-json\/wp\/v2\/types\/post"}],"author":[{"embeddable":true,"href":"https:\/\/aleeknews.com\/4l33k5\/wp-json\/wp\/v2\/users\/2"}],"replies":[{"embeddable":true,"href":"https:\/\/aleeknews.com\/4l33k5\/wp-json\/wp\/v2\/comments?post=17852"}],"version-history":[{"count":0,"href":"https:\/\/aleeknews.com\/4l33k5\/wp-json\/wp\/v2\/posts\/17852\/revisions"}],"wp:attachment":[{"href":"https:\/\/aleeknews.com\/4l33k5\/wp-json\/wp\/v2\/media?parent=17852"}],"wp:term":[{"taxonomy":"category","embeddable":true,"href":"https:\/\/aleeknews.com\/4l33k5\/wp-json\/wp\/v2\/categories?post=17852"},{"taxonomy":"post_tag","embeddable":true,"href":"https:\/\/aleeknews.com\/4l33k5\/wp-json\/wp\/v2\/tags?post=17852"}],"curies":[{"name":"wp","href":"https:\/\/api.w.org\/{rel}","templated":true}]}}