{"id":17841,"date":"2026-01-02T03:43:05","date_gmt":"2026-01-02T02:43:05","guid":{"rendered":"https:\/\/aleeknews.com\/4l33k5\/2026\/01\/02\/francia-defiende-la-concesion-de-la-nacionalidad-francesa-a-george-y-amal-clooney\/"},"modified":"2026-01-02T03:43:05","modified_gmt":"2026-01-02T02:43:05","slug":"francia-defiende-la-concesion-de-la-nacionalidad-francesa-a-george-y-amal-clooney","status":"publish","type":"post","link":"https:\/\/aleeknews.com\/4l33k5\/2026\/01\/02\/francia-defiende-la-concesion-de-la-nacionalidad-francesa-a-george-y-amal-clooney\/","title":{"rendered":"Francia defiende la concesi\u00f3n de la nacionalidad francesa a George y Amal Clooney"},"content":{"rendered":"<div>\n<p><b>Par\u00eds<\/b> &#8211; El actor <a href=\"https:\/\/www.elnuevodia.com\/topicos\/george-clooney\/\" target=\"_blank\" rel=\"noreferrer\" title=\"https:\/\/www.elnuevodia.com\/topicos\/george-clooney\/\">George Clooney<\/a> y su esposa Amal Clooney obtuvieron la ciudadan\u00eda francesa porque \u201ccontribuyen, a trav\u00e9s de sus distinguidas acciones, a la influencia internacional y al alcance cultural de <a href=\"https:\/\/www.elnuevodia.com\/topicos\/francia\/\" target=\"_self\" rel title=\"https:\/\/www.elnuevodia.com\/topicos\/francia\/\">Francia<\/a>\u201d, dijo el mi\u00e9rcoles el gobierno franc\u00e9s, defendiendo su naturalizaci\u00f3n que fue cuestionada por un ministro franc\u00e9s menor.<\/p>\n<p>Las naturalizaciones de la estrella de la serie de pel\u00edculas de atracos \u201cOcean\u2019s\u201d, nacido en Kentucky, su esposa y abogada de derechos humanos Amal Clooney y sus gemelos Ella y Alexander se anunciaron el pasado fin de semana en el Journal Officiel, donde se publican los decretos del gobierno franc\u00e9s.<\/p>\n<p>Marie-Pierre Vedrenne, ministra subalterna del Ministerio del Interior, expres\u00f3 el mi\u00e9rcoles su recelo ante la posibilidad de que algunos de los nuevos compatriotas franceses de los Clooneys piensen que la pareja de estrellas ha recibido un trato especial. El actor solo habla un franc\u00e9s \u201chorrible, horrible\u201d, seg\u00fan \u00e9l mismo.<\/p>\n<p>\u201cEl mensaje que se env\u00eda no es bueno\u201d, declar\u00f3 Vedrenne en una entrevista a la emisora France Info. \u201cHay una cuesti\u00f3n de equidad que, a mis ojos, es absolutamente esencial\u201d.<\/p>\n<p><b>La pareja compr\u00f3 una finca en Francia en 2021 y Clooney ha dicho que es su residencia principal. Los no franceses residentes en Francia tienen m\u00faltiples v\u00edas posibles para naturalizarse. No estaba claro si el actor de 64 a\u00f1os conservaba su ciudadan\u00eda estadounidense. Su esposa, de 47 a\u00f1os, naci\u00f3 en L\u00edbano y se cri\u00f3 en el Reino Unido, y se nacionaliz\u00f3 francesa con su nombre de soltera, Amal Alamuddin. Los gemelos, de 8 a\u00f1os, nacieron en Londres.<\/b><\/p>\n<p>El Ministerio de Asuntos Exteriores dijo que los Clooney pod\u00edan optar a la ciudadan\u00eda en virtud de una ley francesa que permite la naturalizaci\u00f3n de extranjeros que contribuyan a la influencia internacional y al bienestar econ\u00f3mico de Francia.<\/p>\n<div>\n<p><b>1 \/ 30 | <\/b><span> George Clooney y su esposa y otros &#8220;looks&#8221; que deslumbraron en el Festival de Venecia. La actriz Noomi Rapace visti\u00f3 un sofisticado dise\u00f1o de la colecci\u00f3n oto\u00f1o\/invierno de Alexander McQueen compuesto por un pantal\u00f3n, un body y una capa negra.<br \/>\n<\/span><i> &#8211; ETTORE FERRARI<\/i><\/p>\n<\/div>\n<p>Argumentaba que la industria cinematogr\u00e1fica francesa se beneficiar\u00e1 de la influencia del actor como estrella de cine mundial y afirmaba que, como abogada, Amal Clooney colabora habitualmente con instituciones acad\u00e9micas y organizaciones internacionales en Francia.<\/p>\n<p>\u201cMantienen fuertes lazos personales, profesionales y familiares con nuestro pa\u00eds\u201d, declar\u00f3 el Ministerio.<\/p>\n<p><b>\u201cAl igual que muchos ciudadanos franceses, estamos encantados de dar la bienvenida a Georges y Amal Clooney a la comunidad nacional\u201d, conclu\u00eda el comunicado, dando al nombre del actor un toque franc\u00e9s al a\u00f1adir la \u201cs\u201d al final.<\/b><\/p>\n<p>La decisi\u00f3n tambi\u00e9n fue defendida por el superior de Vedrenne en el Ministerio del Interior, el Ministro del Interior Laurent Nu\u00f1ez, quien afirm\u00f3 que \u00e9l firm\u00f3 el decreto de naturalizaci\u00f3n.<\/p>\n<p>\u201cEs una gran oportunidad para nuestro pa\u00eds\u201d, afirm\u00f3.<\/p>\n<p>En recientes entrevistas concedidas a los medios de comunicaci\u00f3n con motivo de la promoci\u00f3n de \u201cJay Kelly\u201d, Clooney declar\u00f3 que est\u00e1 intentando aprender franc\u00e9s utilizando una aplicaci\u00f3n de aprendizaje de idiomas. Dijo que su mujer y sus hijos hablan el idioma perfectamente.<\/p>\n<p>\u201cHablan franc\u00e9s delante de m\u00ed para poder decir cosas terribles de m\u00ed a la cara y yo no me entero\u201d, brome\u00f3, en declaraciones a la cadena francesa Canal+.<\/p>\n<p><b>Los medios de comunicaci\u00f3n franceses han informado de que los Clooney viven a tiempo parcial en su lujosa villa del siglo XVIII a las afueras de la ciudad de Brignoles, en el sur de Francia, donde pueden mantener un perfil m\u00e1s bajo y sus hijos est\u00e1n protegidos de fotograf\u00edas no autorizadas por las leyes de privacidad francesas.<\/b><\/p>\n<p>En una entrevista con Esquire en octubre, Clooney dijo: \u201cMe preocupaba criar a nuestros hijos en Los \u00c1ngeles, en la cultura de Hollywood\u201d.<\/p>\n<p>&#8212;<\/p>\n<p><i>Esta historia fue traducida del ingl\u00e9s al espa\u00f1ol con una herramienta de inteligencia artificial y fue revisada por un editor antes de su publicaci\u00f3n.<\/i><\/p>\n<\/div>\n\n    <div class=\"xs_social_share_widget xs_share_url after_content \t\tmain_content  wslu-style-1 wslu-share-box-shaped wslu-fill-colored wslu-none wslu-share-horizontal wslu-theme-font-no wslu-main_content\">\n\n\t\t\n        <ul>\n\t\t\t        <\/ul>\n    <\/div> \n","protected":false},"excerpt":{"rendered":"<p>Par\u00eds &#8211; El actor George Clooney y su esposa Amal Clooney obtuvieron la ciudadan\u00eda francesa porque \u201ccontribuyen, a trav\u00e9s de sus distinguidas acciones, a la influencia internacional y al alcance cultural de Francia\u201d, dijo el mi\u00e9rcoles el gobierno franc\u00e9s, defendiendo su naturalizaci\u00f3n que fue cuestionada por un ministro franc\u00e9s menor. Las naturalizaciones de la estrella<\/p>\n","protected":false},"author":2,"featured_media":17842,"comment_status":"open","ping_status":"open","sticky":false,"template":"","format":"standard","meta":{"om_disable_all_campaigns":false,"_monsterinsights_skip_tracking":false,"_monsterinsights_sitenote_active":false,"_monsterinsights_sitenote_note":"","_monsterinsights_sitenote_category":0,"footnotes":""},"categories":[10],"tags":[],"class_list":["post-17841","post","type-post","status-publish","format-standard","has-post-thumbnail","hentry","category-mundo"],"aioseo_notices":[],"_links":{"self":[{"href":"https:\/\/aleeknews.com\/4l33k5\/wp-json\/wp\/v2\/posts\/17841","targetHints":{"allow":["GET"]}}],"collection":[{"href":"https:\/\/aleeknews.com\/4l33k5\/wp-json\/wp\/v2\/posts"}],"about":[{"href":"https:\/\/aleeknews.com\/4l33k5\/wp-json\/wp\/v2\/types\/post"}],"author":[{"embeddable":true,"href":"https:\/\/aleeknews.com\/4l33k5\/wp-json\/wp\/v2\/users\/2"}],"replies":[{"embeddable":true,"href":"https:\/\/aleeknews.com\/4l33k5\/wp-json\/wp\/v2\/comments?post=17841"}],"version-history":[{"count":0,"href":"https:\/\/aleeknews.com\/4l33k5\/wp-json\/wp\/v2\/posts\/17841\/revisions"}],"wp:featuredmedia":[{"embeddable":true,"href":"https:\/\/aleeknews.com\/4l33k5\/wp-json\/wp\/v2\/media\/17842"}],"wp:attachment":[{"href":"https:\/\/aleeknews.com\/4l33k5\/wp-json\/wp\/v2\/media?parent=17841"}],"wp:term":[{"taxonomy":"category","embeddable":true,"href":"https:\/\/aleeknews.com\/4l33k5\/wp-json\/wp\/v2\/categories?post=17841"},{"taxonomy":"post_tag","embeddable":true,"href":"https:\/\/aleeknews.com\/4l33k5\/wp-json\/wp\/v2\/tags?post=17841"}],"curies":[{"name":"wp","href":"https:\/\/api.w.org\/{rel}","templated":true}]}}