{"id":17831,"date":"2026-01-02T03:43:11","date_gmt":"2026-01-02T02:43:11","guid":{"rendered":"https:\/\/aleeknews.com\/4l33k5\/2026\/01\/02\/al-menos-siete-muertos-durante-protestas-en-iran-por-crisis-economica\/"},"modified":"2026-01-02T03:43:11","modified_gmt":"2026-01-02T02:43:11","slug":"al-menos-siete-muertos-durante-protestas-en-iran-por-crisis-economica","status":"publish","type":"post","link":"https:\/\/aleeknews.com\/4l33k5\/2026\/01\/02\/al-menos-siete-muertos-durante-protestas-en-iran-por-crisis-economica\/","title":{"rendered":"Al menos siete muertos durante protestas en Ir\u00e1n por crisis econ\u00f3mica"},"content":{"rendered":"<div>\n<p><b>Dub\u00e1i, Emiratos \u00c1rabes Unidos-<\/b> Las crecientes manifestaciones provocadas por la debilitada econom\u00eda iran\u00ed se extendieron el jueves a las provincias rurales de la Rep\u00fablica Isl\u00e1mica, con al menos siete muertos en las primeras v\u00edctimas mortales registradas entre las fuerzas de seguridad y los manifestantes, seg\u00fan las autoridades.<\/p>\n<p>Las muertes pueden marcar el inicio de una respuesta m\u00e1s dura por parte de la teocracia iran\u00ed a las manifestaciones, que han disminuido en la capital, Teher\u00e1n, pero se han extendido a otros lugares. Las v\u00edctimas mortales, dos el mi\u00e9rcoles y cinco el jueves, se produjeron en cuatro ciudades, en las que vive principalmente la etnia lur de Ir\u00e1n.<\/p>\n<p>Las protestas se han convertido en las mayores de Ir\u00e1n desde 2022, cuando la muerte de Mahsa Amini, de 22 a\u00f1os, bajo custodia policial desencaden\u00f3 manifestaciones en todo el pa\u00eds. Sin embargo, las manifestaciones a\u00fan no se han extendido por todo el pa\u00eds y no han sido tan intensas como las que rodearon la muerte de Amini, que fue detenida por no llevar su hiyab, o pa\u00f1uelo, a gusto de las autoridades.<\/p>\n<p>La violencia m\u00e1s intensa pareci\u00f3 afectar a Azna, ciudad de la provincia iran\u00ed de Lorest\u00e1n, a unos 300 kil\u00f3metros al suroeste de Teher\u00e1n. All\u00ed, los v\u00eddeos difundidos en Internet mostraban objetos en llamas en la calle y el eco de los disparos mientras la gente gritaba: \u201c\u00a1Sinverg\u00fcenza! Desvergonzados!\u201d<\/p>\n<p>La agencia de noticias semioficial Fars inform\u00f3 de la muerte de tres personas. Otros medios de comunicaci\u00f3n, incluidos los partidarios de la reforma, citaron a Fars para el informe, mientras que los medios estatales no reconocieron plenamente la violencia en ese lugar ni en otros. No estaba claro por qu\u00e9 no se informaba m\u00e1s sobre los disturbios, pero en 2022 hubo periodistas que fueron detenidos por sus reportajes.<\/p>\n<div>\n<figure><picture><source media=\"(max-width: 375px)\" ><source media=\"(max-width: 767px)\" ><source media=\"(max-width: 1023px)\" ><source ><img src=\"https:\/\/www.elnuevodia.com\/resizer\/v2\/JBWC5XZVLVESNL54DSVHNXSO34.jpg?auth=cb14edacefd3c3068708eb55cc54d6c711cec09f18ca1ad0a82bed9bfded88af&#038;quality=75&#038;width=829&#038;smart=true\" alt=\"Una mujer corea consignas mientras sostiene un cartel del difunto comandante de la Fuerza Quds de la Guardia Revolucionaria de Ir\u00e1n, el general Qassem Soleimani, quien muri\u00f3 en un ataque con drones estadounidenses en 2020 en Irak, durante una ceremonia en conmemoraci\u00f3n del aniversario de su muerte en la gran mezquita Im\u00e1n Jomeini en Teher\u00e1n, Ir\u00e1n, el jueves 1 de enero de 2026. (Foto AP\/Vahid Salemi)\" loading=\"lazy\" fetchpriority=\"low\" decoding=\"async\"><\/picture><figcaption>Una mujer corea consignas mientras sostiene un cartel del difunto comandante de la Fuerza Quds de la Guardia Revolucionaria de Ir\u00e1n, el general Qassem Soleimani, quien muri\u00f3 en un ataque con drones estadounidenses en 2020 en Irak, durante una ceremonia en conmemoraci\u00f3n del aniversario de su muerte en la gran mezquita Im\u00e1n Jomeini en Teher\u00e1n, Ir\u00e1n, el jueves 1 de enero de 2026. (Foto AP\/Vahid Salemi) (Vahid Salemi)<\/figcaption><\/figure>\n<\/div>\n<p>En Lordegan, ciudad de la provincia iran\u00ed de Chaharmahal y Bakhtiari, v\u00eddeos en Internet mostraban a manifestantes reunidos en una calle, con el sonido de disparos de fondo. Las im\u00e1genes coincid\u00edan con las caracter\u00edsticas conocidas de Lordegan, a unos 470 kil\u00f3metros al sur de Teher\u00e1n.<\/p>\n<p>Fars, citando a un funcionario an\u00f3nimo, dijo que dos personas hab\u00edan muerto durante las protestas del jueves.<\/p>\n<p>El Centro Abdorrahman Boroumand para los Derechos Humanos en Ir\u00e1n, con sede en Washington, dijo que dos personas hab\u00edan muerto all\u00ed, identificando a los fallecidos como manifestantes. Tambi\u00e9n comparti\u00f3 una imagen fija de lo que parec\u00eda ser un agente de polic\u00eda iran\u00ed, con chaleco antibalas y escopeta.<\/p>\n<p>En 2019, la zona en torno a Lordegan fue escenario de protestas generalizadas y, al parecer, los manifestantes da\u00f1aron edificios gubernamentales despu\u00e9s de que un informe afirmara que personas de la zona se hab\u00edan infectado de VIH por agujas contaminadas utilizadas en una cl\u00ednica de atenci\u00f3n sanitaria local.<\/p>\n<p>En Fuladshahr, en la provincia iran\u00ed de Isfahan, los medios de comunicaci\u00f3n estatales informaron de la muerte de un hombre el jueves, que grupos activistas atribuyeron a que la polic\u00eda abri\u00f3 fuego contra los manifestantes.<\/p>\n<p><h4><b>\u201cProtestas por presiones econ\u00f3micas\u201d<\/b><\/h4>\n<\/p>\n<p>Al parecer, en otra manifestaci\u00f3n celebrada el mi\u00e9rcoles por la noche, el joven de 21 a\u00f1os se hizo voluntario de la fuerza paramilitar Basij de la Guardia Revolucionaria.<\/p>\n<div>\n<figure><picture><source media=\"(max-width: 375px)\" ><source media=\"(max-width: 767px)\" ><source media=\"(max-width: 1023px)\" ><source ><img src=\"https:\/\/www.elnuevodia.com\/resizer\/v2\/HG5EH5A3BRDCNBTQWXGVPKNLNQ.jpg?auth=7f819f0033304557fd8a00335ebae478793e288058c936e16760a3e399c48505&#038;quality=75&#038;width=829&#038;smart=true\" alt=\"Mujeres ondean banderas nacionales mientras sostienen carteles del difunto comandante de la Fuerza Quds de la Guardia Revolucionaria de Ir\u00e1n, el general Qassem Soleimani, quien muri\u00f3 en un ataque con drones estadounidenses en 2020 en Irak, durante una ceremonia en conmemoraci\u00f3n del aniversario de su muerte en la gran mezquita Im\u00e1n Jomeini en Teher\u00e1n, Ir\u00e1n, el jueves 1 de enero de 2026. (Foto AP\/Vahid Salemi)\" loading=\"lazy\" fetchpriority=\"low\" decoding=\"async\"><\/picture><figcaption>Mujeres ondean banderas nacionales mientras sostienen carteles del difunto comandante de la Fuerza Quds de la Guardia Revolucionaria de Ir\u00e1n, el general Qassem Soleimani, quien muri\u00f3 en un ataque con drones estadounidenses en 2020 en Irak, durante una ceremonia en conmemoraci\u00f3n del aniversario de su muerte en la gran mezquita Im\u00e1n Jomeini en Teher\u00e1n, Ir\u00e1n, el jueves 1 de enero de 2026. (Foto AP\/Vahid Salemi) (Vahid Salemi)<\/figcaption><\/figure>\n<\/div>\n<p>La agencia de noticias estatal IRNA inform\u00f3 de la muerte del miembro de la Guardia, pero no dio m\u00e1s detalles. Una agencia de noticias iran\u00ed llamada Student News Network, que se cree que es cercana al Basij, culp\u00f3 directamente a los manifestantes de la muerte del miembro de la Guardia, citando comentarios de Saeed Pourali, vicegobernador de la provincia de Lorestan.<\/p>\n<p>El miembro de la Guardia \u201cfue martirizado [&#8230;] a manos de los alborotadores durante las protestas en esta ciudad en defensa del orden p\u00fablico\u201d, seg\u00fan los informes. Otros 13 miembros de la Basij y agentes de polic\u00eda resultaron heridos, a\u00f1adi\u00f3.<\/p>\n<p>\u201cLas protestas que se han producido se deben a las presiones econ\u00f3micas, la inflaci\u00f3n y las fluctuaciones monetarias, y son una expresi\u00f3n de la preocupaci\u00f3n por la subsistencia\u201d, declar\u00f3 Pourali. \u201cLas voces de los ciudadanos deben escucharse con cuidado y tacto, pero la gente no debe permitir que sus demandas se vean forzadas por individuos con \u00e1nimo de lucro\u201d.<\/p>\n<p>Las protestas tuvieron lugar en la ciudad de Kouhdasht, a m\u00e1s de 400 kil\u00f3metros al suroeste de Teher\u00e1n. El fiscal local Kazem Nazari declar\u00f3 que 20 personas hab\u00edan sido detenidas tras las protestas y que la calma hab\u00eda vuelto a la ciudad, inform\u00f3 la agencia de noticias Mizan, dependiente del poder judicial.<\/p>\n<p><h4><b>Ca\u00edda de la moneda desata las protestas<\/b><\/h4>\n<\/p>\n<p>El gobierno civil iran\u00ed, presidido por el reformista Masoud Pezeshkian, ha intentado dar a entender que quiere negociar con los manifestantes. Sin embargo, Pezeshkian ha reconocido que no puede hacer mucho, ya que el rial iran\u00ed se ha depreciado r\u00e1pidamente, y un d\u00f3lar cuesta ahora 1,.4 millones de riales.<\/p>\n<p>Mientras tanto, la televisi\u00f3n estatal inform\u00f3 por separado de la detenci\u00f3n de siete personas, entre ellas cinco que describi\u00f3 como mon\u00e1rquicos y otras dos que, seg\u00fan dijo, estaban vinculadas a grupos con base en Europa. La televisi\u00f3n estatal tambi\u00e9n dijo que en otra operaci\u00f3n las fuerzas de seguridad confiscaron 100 pistolas de contrabando, sin dar m\u00e1s detalles.<\/p>\n<div>\n<figure><picture><source media=\"(max-width: 375px)\" ><source media=\"(max-width: 767px)\" ><source media=\"(max-width: 1023px)\" ><source ><img src=\"https:\/\/www.elnuevodia.com\/resizer\/v2\/UKRLYVLRIJGBPEDHA6FRBVG46E.jpg?auth=27beef3cad54f351a5d524d8e6a5cc9da291cba3e6ba8a2096b93924f7768b28&#038;quality=75&#038;width=829&#038;smart=true\" alt=\"Una mujer muestra en su tel\u00e9fono inteligente un retrato del difunto comandante de la Fuerza Quds de la Guardia Revolucionaria iran\u00ed, el general Qassem Soleimani, quien muri\u00f3 en un ataque con drones estadounidenses en Irak en 2020, durante una ceremonia en conmemoraci\u00f3n del aniversario de su muerte en la Gran Mezquita del Im\u00e1n Jomeini en Teher\u00e1n, Ir\u00e1n, el jueves 1 de enero de 2026. (Foto AP\/Vahid Salemi)\" loading=\"lazy\" fetchpriority=\"low\" decoding=\"async\"><\/picture><figcaption>Una mujer muestra en su tel\u00e9fono inteligente un retrato del difunto comandante de la Fuerza Quds de la Guardia Revolucionaria iran\u00ed, el general Qassem Soleimani, quien muri\u00f3 en un ataque con drones estadounidenses en Irak en 2020, durante una ceremonia en conmemoraci\u00f3n del aniversario de su muerte en la Gran Mezquita del Im\u00e1n Jomeini en Teher\u00e1n, Ir\u00e1n, el jueves 1 de enero de 2026. (Foto AP\/Vahid Salemi) (Vahid Salemi)<\/figcaption><\/figure>\n<\/div>\n<p>La teocracia iran\u00ed hab\u00eda declarado festivo el mi\u00e9rcoles en gran parte del pa\u00eds, alegando el fr\u00edo, probablemente para que la gente saliera de la capital durante el fin de semana largo. El fin de semana iran\u00ed es el jueves y el viernes, mientras que el s\u00e1bado se celebra el cumplea\u00f1os del im\u00e1n Al\u00ed, otro d\u00eda festivo para muchos.<\/p>\n<p>Las protestas, arraigadas en cuestiones econ\u00f3micas, han o\u00eddo a los manifestantes corear tambi\u00e9n contra la teocracia iran\u00ed. Los dirigentes del pa\u00eds siguen conmocionados despu\u00e9s de que Israel lanzara una guerra de 12 d\u00edas contra el pa\u00eds en junio. Estados Unidos tambi\u00e9n bombarde\u00f3 instalaciones nucleares iran\u00edes durante la guerra.<\/p>\n<\/div>\n\n    <div class=\"xs_social_share_widget xs_share_url after_content \t\tmain_content  wslu-style-1 wslu-share-box-shaped wslu-fill-colored wslu-none wslu-share-horizontal wslu-theme-font-no wslu-main_content\">\n\n\t\t\n        <ul>\n\t\t\t        <\/ul>\n    <\/div> \n","protected":false},"excerpt":{"rendered":"<p>Dub\u00e1i, Emiratos \u00c1rabes Unidos- Las crecientes manifestaciones provocadas por la debilitada econom\u00eda iran\u00ed se extendieron el jueves a las provincias rurales de la Rep\u00fablica Isl\u00e1mica, con al menos siete muertos en las primeras v\u00edctimas mortales registradas entre las fuerzas de seguridad y los manifestantes, seg\u00fan las autoridades. Las muertes pueden marcar el inicio de una<\/p>\n","protected":false},"author":2,"featured_media":17832,"comment_status":"open","ping_status":"open","sticky":false,"template":"","format":"standard","meta":{"om_disable_all_campaigns":false,"_monsterinsights_skip_tracking":false,"_monsterinsights_sitenote_active":false,"_monsterinsights_sitenote_note":"","_monsterinsights_sitenote_category":0,"footnotes":""},"categories":[10],"tags":[],"class_list":["post-17831","post","type-post","status-publish","format-standard","has-post-thumbnail","hentry","category-mundo"],"aioseo_notices":[],"_links":{"self":[{"href":"https:\/\/aleeknews.com\/4l33k5\/wp-json\/wp\/v2\/posts\/17831","targetHints":{"allow":["GET"]}}],"collection":[{"href":"https:\/\/aleeknews.com\/4l33k5\/wp-json\/wp\/v2\/posts"}],"about":[{"href":"https:\/\/aleeknews.com\/4l33k5\/wp-json\/wp\/v2\/types\/post"}],"author":[{"embeddable":true,"href":"https:\/\/aleeknews.com\/4l33k5\/wp-json\/wp\/v2\/users\/2"}],"replies":[{"embeddable":true,"href":"https:\/\/aleeknews.com\/4l33k5\/wp-json\/wp\/v2\/comments?post=17831"}],"version-history":[{"count":0,"href":"https:\/\/aleeknews.com\/4l33k5\/wp-json\/wp\/v2\/posts\/17831\/revisions"}],"wp:featuredmedia":[{"embeddable":true,"href":"https:\/\/aleeknews.com\/4l33k5\/wp-json\/wp\/v2\/media\/17832"}],"wp:attachment":[{"href":"https:\/\/aleeknews.com\/4l33k5\/wp-json\/wp\/v2\/media?parent=17831"}],"wp:term":[{"taxonomy":"category","embeddable":true,"href":"https:\/\/aleeknews.com\/4l33k5\/wp-json\/wp\/v2\/categories?post=17831"},{"taxonomy":"post_tag","embeddable":true,"href":"https:\/\/aleeknews.com\/4l33k5\/wp-json\/wp\/v2\/tags?post=17831"}],"curies":[{"name":"wp","href":"https:\/\/api.w.org\/{rel}","templated":true}]}}