{"id":17808,"date":"2026-01-01T04:42:41","date_gmt":"2026-01-01T03:42:41","guid":{"rendered":"https:\/\/aleeknews.com\/4l33k5\/2026\/01\/01\/repletos-los-hoteles-durante-el-fin-de-ano-2\/"},"modified":"2026-01-01T04:42:41","modified_gmt":"2026-01-01T03:42:41","slug":"repletos-los-hoteles-durante-el-fin-de-ano-2","status":"publish","type":"post","link":"https:\/\/aleeknews.com\/4l33k5\/2026\/01\/01\/repletos-los-hoteles-durante-el-fin-de-ano-2\/","title":{"rendered":"Repletos los hoteles durante el fin de a\u00f1o"},"content":{"rendered":"<div>\n<p>Las hospeder\u00edas de la isla est\u00e1n repletas durante las celebraciones de fin de a\u00f1o, inform\u00f3 este mi\u00e9rcoles la directora ejecutiva de la <a href=\"https:\/\/www.elnuevodia.com\/topicos\/compania-de-turismo-de-puerto-rico\/\" target=\"_blank\" rel=\"noreferrer\" title=\"https:\/\/www.elnuevodia.com\/topicos\/compania-de-turismo-de-puerto-rico\/\">Compa\u00f1\u00eda de Turismo de Puerto Rico <\/a>(CTPR), Willianette Robles.<\/p>\n<p>En concreto, hasta el lunes pasado, el promedio de ocupaci\u00f3n entre el 30 de diciembre y el 1 de enero superaba el 90%.<\/p>\n<p>Seg\u00fan los datos recopilados por la CTPR, <b>el 31 de diciembre es el d\u00eda de mayor ocupaci\u00f3n, con el 95.4% de las habitaciones disponibles reservadas.<\/b><\/p>\n<p>\u201cEstos n\u00fameros preliminares nos llenan de satisfacci\u00f3n ya que son un claro indicador del \u00e9xito de nuestros esfuerzos para posicionar a Puerto Rico como un destino de primer nivel y de las estrategias implementadas para fomentar el turismo interno durante todo el a\u00f1o\u201d, dijo Robles en un comunicado de prensa.<\/p>\n<p><b>\u201cSin lugar a duda, estas altas tasas de ocupaci\u00f3n, el marcado aumento de actividad tur\u00edstica entre residentes de la isla y el aumento en inter\u00e9s por viajar a Puerto Rico de parte de viajeros en los Estado Unidos continentales y destinos internacionales, apuntan a que el pr\u00f3ximo a\u00f1o ser\u00e1 uno de m\u00e1s \u00e9xitos para nuestra industria\u201d<\/b>, agreg\u00f3.<\/p>\n<p>La funcionaria precis\u00f3 que la regi\u00f3n de Porta Atl\u00e1ntico lidera este mi\u00e9rcoles las reservas en las seis regiones de turismo, con un 97.8% de ocupaci\u00f3n, seguida de Porta Cordillera (97.3%); Porta del Mar (97.2%); Porta Capital (96.5%); los sectores sur y norte de Porta del Sol, con 92.1% y 91.9%, respectivamente, y Porta Caribe, con 89.4%.<\/p>\n<p>Para esta misma fecha, los Paradores de Puerto Rico reportan un 92.5% de ocupaci\u00f3n, mientras que las islas municipio de Vieques y Culebra reportan una ocupaci\u00f3n combinada de 91.7%, seg\u00fan la CTPR.<\/p>\n<p><b>\u201cEn la Compa\u00f1\u00eda de Turismo continuamos comprometidos con la visi\u00f3n y estrategias lideradas por la gobernadora Jenniffer Gonz\u00e1lez Col\u00f3n para, en colaboraci\u00f3n con otras entidades del sector p\u00fablico y socios de la industria, maximizar el potencial del turismo, apoyar a nuestros empresarios locales, generar nuevos empleos, y estimular el desarrollo econ\u00f3mico en todos los municipios de la isla\u201d<\/b>, acot\u00f3 Robles.<\/p>\n<\/div>\n\n    <div class=\"xs_social_share_widget xs_share_url after_content \t\tmain_content  wslu-style-1 wslu-share-box-shaped wslu-fill-colored wslu-none wslu-share-horizontal wslu-theme-font-no wslu-main_content\">\n\n\t\t\n        <ul>\n\t\t\t        <\/ul>\n    <\/div> \n","protected":false},"excerpt":{"rendered":"<p>Las hospeder\u00edas de la isla est\u00e1n repletas durante las celebraciones de fin de a\u00f1o, inform\u00f3 este mi\u00e9rcoles la directora ejecutiva de la Compa\u00f1\u00eda de Turismo de Puerto Rico (CTPR), Willianette Robles. En concreto, hasta el lunes pasado, el promedio de ocupaci\u00f3n entre el 30 de diciembre y el 1 de enero superaba el 90%. Seg\u00fan<\/p>\n","protected":false},"author":2,"featured_media":17805,"comment_status":"open","ping_status":"open","sticky":false,"template":"","format":"standard","meta":{"om_disable_all_campaigns":false,"_monsterinsights_skip_tracking":false,"_monsterinsights_sitenote_active":false,"_monsterinsights_sitenote_note":"","_monsterinsights_sitenote_category":0,"footnotes":""},"categories":[5],"tags":[],"class_list":["post-17808","post","type-post","status-publish","format-standard","has-post-thumbnail","hentry","category-negocios"],"aioseo_notices":[],"_links":{"self":[{"href":"https:\/\/aleeknews.com\/4l33k5\/wp-json\/wp\/v2\/posts\/17808","targetHints":{"allow":["GET"]}}],"collection":[{"href":"https:\/\/aleeknews.com\/4l33k5\/wp-json\/wp\/v2\/posts"}],"about":[{"href":"https:\/\/aleeknews.com\/4l33k5\/wp-json\/wp\/v2\/types\/post"}],"author":[{"embeddable":true,"href":"https:\/\/aleeknews.com\/4l33k5\/wp-json\/wp\/v2\/users\/2"}],"replies":[{"embeddable":true,"href":"https:\/\/aleeknews.com\/4l33k5\/wp-json\/wp\/v2\/comments?post=17808"}],"version-history":[{"count":0,"href":"https:\/\/aleeknews.com\/4l33k5\/wp-json\/wp\/v2\/posts\/17808\/revisions"}],"wp:featuredmedia":[{"embeddable":true,"href":"https:\/\/aleeknews.com\/4l33k5\/wp-json\/wp\/v2\/media\/17805"}],"wp:attachment":[{"href":"https:\/\/aleeknews.com\/4l33k5\/wp-json\/wp\/v2\/media?parent=17808"}],"wp:term":[{"taxonomy":"category","embeddable":true,"href":"https:\/\/aleeknews.com\/4l33k5\/wp-json\/wp\/v2\/categories?post=17808"},{"taxonomy":"post_tag","embeddable":true,"href":"https:\/\/aleeknews.com\/4l33k5\/wp-json\/wp\/v2\/tags?post=17808"}],"curies":[{"name":"wp","href":"https:\/\/api.w.org\/{rel}","templated":true}]}}