{"id":17760,"date":"2025-12-31T04:42:19","date_gmt":"2025-12-31T03:42:19","guid":{"rendered":"https:\/\/aleeknews.com\/4l33k5\/2025\/12\/31\/otro-ano-a-la-baja-en-el-mercado-de-vivienda-boricua\/"},"modified":"2025-12-31T04:42:19","modified_gmt":"2025-12-31T03:42:19","slug":"otro-ano-a-la-baja-en-el-mercado-de-vivienda-boricua","status":"publish","type":"post","link":"https:\/\/aleeknews.com\/4l33k5\/2025\/12\/31\/otro-ano-a-la-baja-en-el-mercado-de-vivienda-boricua\/","title":{"rendered":"Otro a\u00f1o a la baja en el mercado de vivienda boricua"},"content":{"rendered":"<div>\n<div data-testid=\"global-header-test\" data-fusion-lazy-id=\"f0f5G41E11Y61Ck\">\n<hr>\n<p><span>Bolsa de valores <b>03:40 AM<\/b><\/span><\/p>\n<\/div>\n<div>\n<div data-fusion-lazy-id=\"f0f9tfiOw0362nv\">\n<div class>\n<p><a href=\"https:\/\/thetrustproject.org\/\"><img decoding=\"async\" src=\"https:\/\/www.elnuevodia.com\/pf\/resources\/v2\/icons\/trust-icon.svg?d=219\"><\/a><\/p>\n<div>\n<p>Noticia<\/p>\n<div>\n<p>Basado en hechos que el periodista haya observado y verificado de primera mano, o en informaci\u00f3n verificada que proviene de fuentes bien informadas.<\/p>\n<\/div>\n<\/div>\n<\/div>\n<div>\n<h2>A pesar de que el 2025 comenz\u00f3 con buen ritmo, la falta de inventario y precios m\u00e1s altos amenazan con repetir la contracci\u00f3n de a\u00f1os anteriores<\/h2>\n<div>\n<p>18 de noviembre de 2025 &#8211; 11:10 PM<\/p>\n<\/div>\n<div>\n<p><b>Archivo<\/b><\/p>\n<p>Esta historia fue publicada hace m\u00e1s de 1 mes.<\/p>\n<\/div>\n<\/div>\n<\/div>\n<div data-fusion-lazy-id=\"f0f8wxHIPTYNet\">\n<div><picture><source media=\"(max-width: 375px)\" ><source media=\"(max-width: 767px)\" ><source media=\"(max-width: 1023px)\" ><source ><\/picture><figcaption>Los costos de las propiedades aumentaron en aproximadamente 24.4% en los \u00faltimos cinco a\u00f1os, seg\u00fan las estad\u00edsticas de la OCIF. <span>(Shutterstock)<\/span><\/figcaption><\/div>\n<div>\n<p><img decoding=\"async\" alt=\"Efra\u00edn Montalb\u00e1n R\u00edos\" src=\"https:\/\/www.elnuevodia.com\/resizer\/v2\/https%3A%2F%2Fauthor-service-images-prod-us-east-1.publishing.aws.arc.pub%2Fgfrmedia%2Fb846106f-313f-4fa3-8690-8169fec53277.png?auth=b672eb01840f63d170a79ae205ccc29a2f694f1bb849b72693c84ad2cc16b7a1&#038;quality=75&#038;smart=true&#038;width=170&#038;height=147\"><\/p>\n<\/div>\n<div>\n<p>La cantidad de transacciones de compraventa de propiedades en Puerto Rico pudiera continuar su tendencia decreciente, como resultado de la falta de inventario, seg\u00fan Ricardo Negr\u00f3n, director ejecutivo de la Asociaci\u00f3n de Banqueros Hipotecarios (MBA, en ingl\u00e9s), Cap\u00edtulo de Puerto Rico.<\/p>\n<\/div>\n<\/div>\n<section>\n<header><span>Popular en la Comunidad<\/span><\/header>\n<\/section>\n<\/div>\n<\/div>\n\n    <div class=\"xs_social_share_widget xs_share_url after_content \t\tmain_content  wslu-style-1 wslu-share-box-shaped wslu-fill-colored wslu-none wslu-share-horizontal wslu-theme-font-no wslu-main_content\">\n\n\t\t\n        <ul>\n\t\t\t        <\/ul>\n    <\/div> \n","protected":false},"excerpt":{"rendered":"<p>Bolsa de valores 03:40 AM Noticia Basado en hechos que el periodista haya observado y verificado de primera mano, o en informaci\u00f3n verificada que proviene de fuentes bien informadas. A pesar de que el 2025 comenz\u00f3 con buen ritmo, la falta de inventario y precios m\u00e1s altos amenazan con repetir la contracci\u00f3n de a\u00f1os anteriores<\/p>\n","protected":false},"author":2,"featured_media":17761,"comment_status":"open","ping_status":"open","sticky":false,"template":"","format":"standard","meta":{"om_disable_all_campaigns":false,"_monsterinsights_skip_tracking":false,"footnotes":""},"categories":[5],"tags":[],"class_list":["post-17760","post","type-post","status-publish","format-standard","has-post-thumbnail","hentry","category-negocios"],"aioseo_notices":[],"_links":{"self":[{"href":"https:\/\/aleeknews.com\/4l33k5\/wp-json\/wp\/v2\/posts\/17760","targetHints":{"allow":["GET"]}}],"collection":[{"href":"https:\/\/aleeknews.com\/4l33k5\/wp-json\/wp\/v2\/posts"}],"about":[{"href":"https:\/\/aleeknews.com\/4l33k5\/wp-json\/wp\/v2\/types\/post"}],"author":[{"embeddable":true,"href":"https:\/\/aleeknews.com\/4l33k5\/wp-json\/wp\/v2\/users\/2"}],"replies":[{"embeddable":true,"href":"https:\/\/aleeknews.com\/4l33k5\/wp-json\/wp\/v2\/comments?post=17760"}],"version-history":[{"count":0,"href":"https:\/\/aleeknews.com\/4l33k5\/wp-json\/wp\/v2\/posts\/17760\/revisions"}],"wp:featuredmedia":[{"embeddable":true,"href":"https:\/\/aleeknews.com\/4l33k5\/wp-json\/wp\/v2\/media\/17761"}],"wp:attachment":[{"href":"https:\/\/aleeknews.com\/4l33k5\/wp-json\/wp\/v2\/media?parent=17760"}],"wp:term":[{"taxonomy":"category","embeddable":true,"href":"https:\/\/aleeknews.com\/4l33k5\/wp-json\/wp\/v2\/categories?post=17760"},{"taxonomy":"post_tag","embeddable":true,"href":"https:\/\/aleeknews.com\/4l33k5\/wp-json\/wp\/v2\/tags?post=17760"}],"curies":[{"name":"wp","href":"https:\/\/api.w.org\/{rel}","templated":true}]}}