{"id":17705,"date":"2025-12-30T04:42:31","date_gmt":"2025-12-30T03:42:31","guid":{"rendered":"https:\/\/aleeknews.com\/4l33k5\/2025\/12\/30\/la-llamada-telefonica-que-conecto-a-34-hoteles-con-la-residencia-de-bad-bunny\/"},"modified":"2025-12-30T04:42:31","modified_gmt":"2025-12-30T03:42:31","slug":"la-llamada-telefonica-que-conecto-a-34-hoteles-con-la-residencia-de-bad-bunny","status":"publish","type":"post","link":"https:\/\/aleeknews.com\/4l33k5\/2025\/12\/30\/la-llamada-telefonica-que-conecto-a-34-hoteles-con-la-residencia-de-bad-bunny\/","title":{"rendered":"La llamada telef\u00f3nica que conect\u00f3 a 34 hoteles con la residencia de Bad Bunny"},"content":{"rendered":"<div>\n<div data-testid=\"global-header-test\" data-fusion-lazy-id=\"f0f5G41E11Y61Ck\">\n<hr>\n<p><span>Bolsa de valores <b>03:41 AM<\/b><\/span><\/p>\n<\/div>\n<div>\n<div data-fusion-lazy-id=\"f0f9tfiOw0362nv\">\n<div class>\n<p><a href=\"https:\/\/thetrustproject.org\/\"><img decoding=\"async\" src=\"https:\/\/www.elnuevodia.com\/pf\/resources\/v2\/icons\/trust-icon.svg?d=219\"><\/a><\/p>\n<div>\n<p>Noticia<\/p>\n<div>\n<p>Basado en hechos que el periodista haya observado y verificado de primera mano, o en informaci\u00f3n verificada que proviene de fuentes bien informadas.<\/p>\n<\/div>\n<\/div>\n<\/div>\n<div>\n<h2>Los hoteleros no ten\u00edan idea de qui\u00e9n era el artista que consumar\u00eda la hist\u00f3rica venta de paquetes tur\u00edsticos y que dej\u00f3 millones de d\u00f3lares a la econom\u00eda local<\/h2>\n<div>\n<p>30 de diciembre de 2025 &#8211; 11:10 PM<\/p>\n<\/div>\n<\/div>\n<\/div>\n<div data-fusion-lazy-id=\"f0f8wxHIPTYNet\">\n<div><picture><source media=\"(max-width: 375px)\" ><source media=\"(max-width: 767px)\" ><source media=\"(max-width: 1023px)\" ><source ><\/picture><figcaption>La serie de conciertos de Bad Bunny ayud\u00f3 al sector hotelero a registrar una temporada baja activa, seg\u00fan Peter Hopgood, presidente de International Hospitality Development (IHD). <span>(Ramon &#8220;Tonito&#8221; Zayas)<\/span><\/figcaption><\/div>\n<div>\n<p><img decoding=\"async\" alt=\"Jos\u00e9 Orlando Delgado Rivera\" src=\"https:\/\/www.elnuevodia.com\/resizer\/v2\/https%3A%2F%2Fauthor-service-images-prod-us-east-1.publishing.aws.arc.pub%2Fgfrmedia%2F2b8b5e66-e7c1-4688-835e-191edae0ddfc.png?auth=5b4a7e8f482dddd87f58128de8eceac558550d1b57d5661fab3e195e38c75053&#038;quality=75&#038;smart=true&#038;width=170&#038;height=147\"><\/p>\n<\/div>\n<div>\n<p><b>Nota del editor<\/b><\/p>\n<p>Esta historia forma parte de la serie especial &#8220;Historias y protagonistas del 2025&#8221;. El Nuevo D\u00eda rese\u00f1a los sucesos que marcaron el 2025, y los protagonistas que los hicieron realidad. <\/p>\n<\/div>\n<div>\n<p>En una movida hist\u00f3rica para el turismo en Puerto Rico, el artista urbano <a href=\"https:\/\/www.elnuevodia.com\/topicos\/bad-bunny\/\" target=\"_blank\" rel=\"noreferrer\" title=\"https:\/\/www.elnuevodia.com\/topicos\/bad-bunny\/\">Bad Bunny<\/a> se asoci\u00f3 con 34 hoteles para la venta de paquetes tur\u00edsticos dirigidos a los asistentes de la serie de conciertos \u201cNo me requiero ir de aqu\u00ed\u201d, que se celebr\u00f3 entre julio y septiembre pasados en el <a href=\"https:\/\/www.elnuevodia.com\/topicos\/coliseo-puerto-rico\/\" target=\"_blank\" rel=\"noreferrer\" title=\"https:\/\/www.elnuevodia.com\/topicos\/coliseo-puerto-rico\/\">Coliseo Jos\u00e9 Miguel Agrelot<\/a>.<\/p>\n<\/div>\n<\/div>\n<section>\n<header><span>Popular en la Comunidad<\/span><\/header>\n<\/section>\n<\/div>\n<\/div>\n\n    <div class=\"xs_social_share_widget xs_share_url after_content \t\tmain_content  wslu-style-1 wslu-share-box-shaped wslu-fill-colored wslu-none wslu-share-horizontal wslu-theme-font-no wslu-main_content\">\n\n\t\t\n        <ul>\n\t\t\t        <\/ul>\n    <\/div> \n","protected":false},"excerpt":{"rendered":"<p>Bolsa de valores 03:41 AM Noticia Basado en hechos que el periodista haya observado y verificado de primera mano, o en informaci\u00f3n verificada que proviene de fuentes bien informadas. Los hoteleros no ten\u00edan idea de qui\u00e9n era el artista que consumar\u00eda la hist\u00f3rica venta de paquetes tur\u00edsticos y que dej\u00f3 millones de d\u00f3lares a la<\/p>\n","protected":false},"author":2,"featured_media":17706,"comment_status":"open","ping_status":"open","sticky":false,"template":"","format":"standard","meta":{"om_disable_all_campaigns":false,"_monsterinsights_skip_tracking":false,"_monsterinsights_sitenote_active":false,"_monsterinsights_sitenote_note":"","_monsterinsights_sitenote_category":0,"footnotes":""},"categories":[5],"tags":[],"class_list":["post-17705","post","type-post","status-publish","format-standard","has-post-thumbnail","hentry","category-negocios"],"aioseo_notices":[],"_links":{"self":[{"href":"https:\/\/aleeknews.com\/4l33k5\/wp-json\/wp\/v2\/posts\/17705","targetHints":{"allow":["GET"]}}],"collection":[{"href":"https:\/\/aleeknews.com\/4l33k5\/wp-json\/wp\/v2\/posts"}],"about":[{"href":"https:\/\/aleeknews.com\/4l33k5\/wp-json\/wp\/v2\/types\/post"}],"author":[{"embeddable":true,"href":"https:\/\/aleeknews.com\/4l33k5\/wp-json\/wp\/v2\/users\/2"}],"replies":[{"embeddable":true,"href":"https:\/\/aleeknews.com\/4l33k5\/wp-json\/wp\/v2\/comments?post=17705"}],"version-history":[{"count":0,"href":"https:\/\/aleeknews.com\/4l33k5\/wp-json\/wp\/v2\/posts\/17705\/revisions"}],"wp:featuredmedia":[{"embeddable":true,"href":"https:\/\/aleeknews.com\/4l33k5\/wp-json\/wp\/v2\/media\/17706"}],"wp:attachment":[{"href":"https:\/\/aleeknews.com\/4l33k5\/wp-json\/wp\/v2\/media?parent=17705"}],"wp:term":[{"taxonomy":"category","embeddable":true,"href":"https:\/\/aleeknews.com\/4l33k5\/wp-json\/wp\/v2\/categories?post=17705"},{"taxonomy":"post_tag","embeddable":true,"href":"https:\/\/aleeknews.com\/4l33k5\/wp-json\/wp\/v2\/tags?post=17705"}],"curies":[{"name":"wp","href":"https:\/\/api.w.org\/{rel}","templated":true}]}}