{"id":17624,"date":"2025-12-28T02:47:27","date_gmt":"2025-12-28T01:47:27","guid":{"rendered":"https:\/\/aleeknews.com\/4l33k5\/2025\/12\/28\/alexandra-fuentes-celebra-los-15-anos-de-su-hija-miranda\/"},"modified":"2025-12-28T02:47:27","modified_gmt":"2025-12-28T01:47:27","slug":"alexandra-fuentes-celebra-los-15-anos-de-su-hija-miranda","status":"publish","type":"post","link":"https:\/\/aleeknews.com\/4l33k5\/2025\/12\/28\/alexandra-fuentes-celebra-los-15-anos-de-su-hija-miranda\/","title":{"rendered":"Alexandra Fuentes celebra los 15 a\u00f1os de su hija Miranda"},"content":{"rendered":"<div>\n<p><b>Miranda Bernier Fuentes<\/b>, hija menor de la presentadora y productora <a href=\"https:\/\/www.elnuevodia.com\/topicos\/alexandra-fuentes\/\" target=\"_blank\" rel=\"noreferrer\" title=\"https:\/\/www.elnuevodia.com\/topicos\/alexandra-fuentes\/\"><b>Alexandra Fuentes<\/b><\/a> y el exsecretario de Estado <b>David Bernier<\/b>, est\u00e1 de fiesta. La joven, que se dio a conocer en las distintas plataformas de sus padres con sus graciosas ocurrencias junto a su hermano Adri\u00e1n, cumple este s\u00e1bado 15 a\u00f1os de edad.<\/p>\n<p>Ante la ocasi\u00f3n, su madre public\u00f3 un emotivo mensaje en sus redes sociales, acompa\u00f1ado de un corto video con im\u00e1genes de la ahora adolescente cuando era solo una ni\u00f1a.<\/p>\n<p>\u201c<b>\u00a1Ya son 15 a\u00f1os! No puedo explicar este amor tan grande y profundo que siento por ti\u201d<\/b>, lee el mensaje de la animadora.<\/p>\n<p>Nacida en el a\u00f1o 2010, Miranda muy r\u00e1pidamente captur\u00f3 los corazones de incontables puertorrique\u00f1os que la han visto crecer a lo largo de una d\u00e9cada y media a trav\u00e9s de las redes sociales de sus padres, programas televisivos de su madre y hasta obras de teatro. La joven ahora se destaca como jugadora de voleibol.<\/p>\n<p>\u201c\u00a1Gracias Dios por la hija que me has permitido criar, educar con amor y ver crecer junto a mi esposo y a Adri\u00e1n! Te amamos Miranda\u201d, contin\u00faa el mensaje de Fuentes a su hija.<\/p>\n<p>Su padre, por su parte, tambi\u00e9n public\u00f3 un corto mensaje para su hija acompa\u00f1ado de una foto de ambos. <\/p>\n<p>\u201cLa reina de mi vida cumple 15. \u00a1Felicidades, Miranda!\u201d, escribi\u00f3 Bernier.<\/p>\n<p>Distintas figuras del mundo del entretenimiento han compartido tambi\u00e9n sus felicitaciones a la quincea\u00f1era en los comentarios de las publicaciones, dese\u00e1ndole muchas bendiciones.<\/p>\n<\/div>\n\n    <div class=\"xs_social_share_widget xs_share_url after_content \t\tmain_content  wslu-style-1 wslu-share-box-shaped wslu-fill-colored wslu-none wslu-share-horizontal wslu-theme-font-no wslu-main_content\">\n\n\t\t\n        <ul>\n\t\t\t        <\/ul>\n    <\/div> \n","protected":false},"excerpt":{"rendered":"<p>Miranda Bernier Fuentes, hija menor de la presentadora y productora Alexandra Fuentes y el exsecretario de Estado David Bernier, est\u00e1 de fiesta. La joven, que se dio a conocer en las distintas plataformas de sus padres con sus graciosas ocurrencias junto a su hermano Adri\u00e1n, cumple este s\u00e1bado 15 a\u00f1os de edad. Ante la ocasi\u00f3n<\/p>\n","protected":false},"author":2,"featured_media":0,"comment_status":"open","ping_status":"open","sticky":false,"template":"","format":"standard","meta":{"om_disable_all_campaigns":false,"_monsterinsights_skip_tracking":false,"footnotes":""},"categories":[47],"tags":[],"class_list":["post-17624","post","type-post","status-publish","format-standard","hentry","category-farandula"],"aioseo_notices":[],"_links":{"self":[{"href":"https:\/\/aleeknews.com\/4l33k5\/wp-json\/wp\/v2\/posts\/17624","targetHints":{"allow":["GET"]}}],"collection":[{"href":"https:\/\/aleeknews.com\/4l33k5\/wp-json\/wp\/v2\/posts"}],"about":[{"href":"https:\/\/aleeknews.com\/4l33k5\/wp-json\/wp\/v2\/types\/post"}],"author":[{"embeddable":true,"href":"https:\/\/aleeknews.com\/4l33k5\/wp-json\/wp\/v2\/users\/2"}],"replies":[{"embeddable":true,"href":"https:\/\/aleeknews.com\/4l33k5\/wp-json\/wp\/v2\/comments?post=17624"}],"version-history":[{"count":0,"href":"https:\/\/aleeknews.com\/4l33k5\/wp-json\/wp\/v2\/posts\/17624\/revisions"}],"wp:attachment":[{"href":"https:\/\/aleeknews.com\/4l33k5\/wp-json\/wp\/v2\/media?parent=17624"}],"wp:term":[{"taxonomy":"category","embeddable":true,"href":"https:\/\/aleeknews.com\/4l33k5\/wp-json\/wp\/v2\/categories?post=17624"},{"taxonomy":"post_tag","embeddable":true,"href":"https:\/\/aleeknews.com\/4l33k5\/wp-json\/wp\/v2\/tags?post=17624"}],"curies":[{"name":"wp","href":"https:\/\/api.w.org\/{rel}","templated":true}]}}