{"id":17574,"date":"2025-12-27T02:45:34","date_gmt":"2025-12-27T01:45:34","guid":{"rendered":"https:\/\/aleeknews.com\/4l33k5\/2025\/12\/27\/gregorio-pernia-comparte-el-primer-dia-en-familia-de-su-hijo-recien-nacido\/"},"modified":"2025-12-27T02:45:34","modified_gmt":"2025-12-27T01:45:34","slug":"gregorio-pernia-comparte-el-primer-dia-en-familia-de-su-hijo-recien-nacido","status":"publish","type":"post","link":"https:\/\/aleeknews.com\/4l33k5\/2025\/12\/27\/gregorio-pernia-comparte-el-primer-dia-en-familia-de-su-hijo-recien-nacido\/","title":{"rendered":"Gregorio Pern\u00eda comparte el \u201cprimer d\u00eda en familia\u201d de su hijo reci\u00e9n nacido"},"content":{"rendered":"<div>\n<p>El nacimiento del nuevo integrante de la familia, el pasado 18 de noviembre, ha sido motivo de celebraci\u00f3n tanto para el actor colombiano <a href=\"https:\/\/www.elnuevodia.com\/topicos\/gregorio-pernia\/\" target=\"_self\" rel title=\"https:\/\/www.elnuevodia.com\/topicos\/gregorio-pernia\/\"><b>Gregorio Pern\u00eda<\/b><\/a> como para su esposa, <a href=\"https:\/\/www.instagram.com\/erikarfarfan\/\" target=\"_self\" rel title=\"https:\/\/www.instagram.com\/erikarfarfan\/\"><b>Erika Farf\u00e1n<\/b><\/a>. <b>La pareja, que ya tiene otros dos hijos juntos, ha compartido con sus seguidores diversas im\u00e1genes y momentos desde la llegada del beb\u00e9.<\/b><\/p>\n<p>El primer encuentro y el d\u00eda en que la madre y el ni\u00f1o recibieron el alta m\u00e9dica, son dos acontecimientos de los que la audiencia pudo ser testigo.<b> Hoy, viernes, los orgullosos padres hicieron lo propio con el primer paseo del peque\u00f1o.<\/b><\/p>\n<p>\u201cSu primer paseo en familia\u201d, escribi\u00f3 Pern\u00eda junto a un \u00e1lbum de fotos. <\/p>\n<p>Recientemente, tambi\u00e9n mediante sus redes sociales, el int\u00e9rprete de \u201cEl Titi\u201d, public\u00f3 una imagen en la que aparece sentado en un sill\u00f3n mientras sosten\u00eda suavemente a su hijo, quien dorm\u00eda tranquilamente en sus brazos mientras. La instant\u00e1nea estuvo acompa\u00f1ada de una reflexi\u00f3n personal sobre la paternidad y la etapa de la vida en la que se encuentra.<\/p>\n<p>El actor, de 55 a\u00f1os, quiso dejar constancia de sus sentimientos en este momento especial. \u201c<b>Hay momentos, cosas, situaciones que Dios pone en nuestra vida. Hoy un hijo a mis 55 a\u00f1os\u2026 al verlo, lo \u00fanico que siento es felicidad en el alma\u201d, escribi\u00f3<\/b>.<\/p>\n<\/div>\n\n    <div class=\"xs_social_share_widget xs_share_url after_content \t\tmain_content  wslu-style-1 wslu-share-box-shaped wslu-fill-colored wslu-none wslu-share-horizontal wslu-theme-font-no wslu-main_content\">\n\n\t\t\n        <ul>\n\t\t\t        <\/ul>\n    <\/div> \n","protected":false},"excerpt":{"rendered":"<p>El nacimiento del nuevo integrante de la familia, el pasado 18 de noviembre, ha sido motivo de celebraci\u00f3n tanto para el actor colombiano Gregorio Pern\u00eda como para su esposa, Erika Farf\u00e1n . La pareja, que ya tiene otros dos hijos juntos, ha compartido con sus seguidores diversas im\u00e1genes y momentos desde la llegada del beb\u00e9.<\/p>\n","protected":false},"author":2,"featured_media":17575,"comment_status":"open","ping_status":"open","sticky":false,"template":"","format":"standard","meta":{"om_disable_all_campaigns":false,"_monsterinsights_skip_tracking":false,"_monsterinsights_sitenote_active":false,"_monsterinsights_sitenote_note":"","_monsterinsights_sitenote_category":0,"footnotes":""},"categories":[47],"tags":[],"class_list":["post-17574","post","type-post","status-publish","format-standard","has-post-thumbnail","hentry","category-farandula"],"aioseo_notices":[],"_links":{"self":[{"href":"https:\/\/aleeknews.com\/4l33k5\/wp-json\/wp\/v2\/posts\/17574","targetHints":{"allow":["GET"]}}],"collection":[{"href":"https:\/\/aleeknews.com\/4l33k5\/wp-json\/wp\/v2\/posts"}],"about":[{"href":"https:\/\/aleeknews.com\/4l33k5\/wp-json\/wp\/v2\/types\/post"}],"author":[{"embeddable":true,"href":"https:\/\/aleeknews.com\/4l33k5\/wp-json\/wp\/v2\/users\/2"}],"replies":[{"embeddable":true,"href":"https:\/\/aleeknews.com\/4l33k5\/wp-json\/wp\/v2\/comments?post=17574"}],"version-history":[{"count":0,"href":"https:\/\/aleeknews.com\/4l33k5\/wp-json\/wp\/v2\/posts\/17574\/revisions"}],"wp:featuredmedia":[{"embeddable":true,"href":"https:\/\/aleeknews.com\/4l33k5\/wp-json\/wp\/v2\/media\/17575"}],"wp:attachment":[{"href":"https:\/\/aleeknews.com\/4l33k5\/wp-json\/wp\/v2\/media?parent=17574"}],"wp:term":[{"taxonomy":"category","embeddable":true,"href":"https:\/\/aleeknews.com\/4l33k5\/wp-json\/wp\/v2\/categories?post=17574"},{"taxonomy":"post_tag","embeddable":true,"href":"https:\/\/aleeknews.com\/4l33k5\/wp-json\/wp\/v2\/tags?post=17574"}],"curies":[{"name":"wp","href":"https:\/\/api.w.org\/{rel}","templated":true}]}}