{"id":17507,"date":"2025-12-26T02:42:30","date_gmt":"2025-12-26T01:42:30","guid":{"rendered":"https:\/\/aleeknews.com\/4l33k5\/2025\/12\/26\/iberia-cancela-vuelos-comerciales-a-venezuela-por-situacion-en-ese-pais\/"},"modified":"2025-12-26T02:42:30","modified_gmt":"2025-12-26T01:42:30","slug":"iberia-cancela-vuelos-comerciales-a-venezuela-por-situacion-en-ese-pais","status":"publish","type":"post","link":"https:\/\/aleeknews.com\/4l33k5\/2025\/12\/26\/iberia-cancela-vuelos-comerciales-a-venezuela-por-situacion-en-ese-pais\/","title":{"rendered":"Iberia cancela vuelos comerciales a Venezuela por situaci\u00f3n en ese pa\u00eds"},"content":{"rendered":"<div>\n<div data-testid=\"global-header-test\" data-fusion-lazy-id=\"f0f5G41E11Y61Ck\">\n<hr>\n<p><span>Bolsa de valores <b>01:42 AM<\/b><\/span><\/p>\n<\/div>\n<div>\n<div data-fusion-lazy-id=\"f0f9tfiOw0362nv\">\n<div class>\n<p><a href=\"https:\/\/thetrustproject.org\/\"><img decoding=\"async\" src=\"https:\/\/www.elnuevodia.com\/pf\/resources\/v2\/icons\/trust-icon.svg?d=219\"><\/a><\/p>\n<div>\n<p>Servicio de noticias<\/p>\n<div>\n<p>Producido externamente por una organizaci\u00f3n que confiamos cumple con las normas period\u00edsticas.<\/p>\n<\/div>\n<\/div>\n<\/div>\n<div>\n<h2>La decisi\u00f3n de la aerol\u00ednea espa\u00f1ola se produce despu\u00e9s del aviso que emiti\u00f3 la FAA instando a los vuelos comerciales a ejercer \u201cextremada precauci\u00f3n\u201d al sobrevolar Venezuela<\/h2>\n<div>\n<p>22 de noviembre de 2025 &#8211; 4:10 PM<\/p>\n<\/div>\n<div>\n<p><b>Archivo<\/b><\/p>\n<p>Esta historia fue publicada hace m\u00e1s de 1 mes.<\/p>\n<\/div>\n<\/div>\n<\/div>\n<div data-fusion-lazy-id=\"f0f8wxHIPTYNet\">\n<div><picture><source media=\"(max-width: 375px)\" ><source media=\"(max-width: 767px)\" ><source media=\"(max-width: 1023px)\" ><source ><\/picture><figcaption>La aerol\u00ednea espa\u00f1ola adopt\u00f3 esta decisi\u00f3n en consonancia con lo que est\u00e1n haciendo otras aerol\u00edneas, que tambi\u00e9n est\u00e1n cancelando sus vuelos a Venezuela por la situaci\u00f3n en el pa\u00eds <\/figcaption><\/div>\n<div>\n<p><span>Por <b><\/b><b>Agencia EFE<\/b><\/span><\/p>\n<p><span>Agencia de Noticias<\/span><\/p>\n<\/div>\n<div>\n<p><b>Madrid\u2014<\/b> La aerol\u00ednea espa\u00f1ola <a href=\"https:\/\/www.elnuevodia.com\/negocios\/turismo\/notas\/iberia-tendra-dos-vuelos-diarios-entre-san-juan-y-madrid\/\" target=\"_blank\" rel=\"noreferrer\" title=\"https:\/\/www.elnuevodia.com\/negocios\/turismo\/notas\/iberia-tendra-dos-vuelos-diarios-entre-san-juan-y-madrid\/\"><b>Iberia<\/b><\/a> cancel\u00f3 este s\u00e1bado sus vuelos comerciales a <a href=\"https:\/\/www.elnuevodia.com\/topicos\/venezuela\/\" target=\"_blank\" rel=\"noreferrer\" title=\"https:\/\/www.elnuevodia.com\/topicos\/venezuela\/\"><b>Venezuela<\/b><\/a> \u2014 el primero de ellos estaba previsto para el pr\u00f3ximo lunes \u2014 e ir\u00e1 evaluando la situaci\u00f3n en ese pa\u00eds para decidir cu\u00e1ndo retoma sus operaciones. <\/p>\n<\/div>\n<\/div>\n<section>\n<header><span>Popular en la Comunidad<\/span><\/header>\n<\/section>\n<\/div>\n<\/div>\n\n    <div class=\"xs_social_share_widget xs_share_url after_content \t\tmain_content  wslu-style-1 wslu-share-box-shaped wslu-fill-colored wslu-none wslu-share-horizontal wslu-theme-font-no wslu-main_content\">\n\n\t\t\n        <ul>\n\t\t\t        <\/ul>\n    <\/div> \n","protected":false},"excerpt":{"rendered":"<p>Bolsa de valores 01:42 AM Servicio de noticias Producido externamente por una organizaci\u00f3n que confiamos cumple con las normas period\u00edsticas. La decisi\u00f3n de la aerol\u00ednea espa\u00f1ola se produce despu\u00e9s del aviso que emiti\u00f3 la FAA instando a los vuelos comerciales a ejercer \u201cextremada precauci\u00f3n\u201d al sobrevolar Venezuela 22 de noviembre de 2025 &#8211; 4:10 PM<\/p>\n","protected":false},"author":2,"featured_media":17508,"comment_status":"open","ping_status":"open","sticky":false,"template":"","format":"standard","meta":{"om_disable_all_campaigns":false,"_monsterinsights_skip_tracking":false,"_monsterinsights_sitenote_active":false,"_monsterinsights_sitenote_note":"","_monsterinsights_sitenote_category":0,"footnotes":""},"categories":[5],"tags":[],"class_list":["post-17507","post","type-post","status-publish","format-standard","has-post-thumbnail","hentry","category-negocios"],"aioseo_notices":[],"_links":{"self":[{"href":"https:\/\/aleeknews.com\/4l33k5\/wp-json\/wp\/v2\/posts\/17507","targetHints":{"allow":["GET"]}}],"collection":[{"href":"https:\/\/aleeknews.com\/4l33k5\/wp-json\/wp\/v2\/posts"}],"about":[{"href":"https:\/\/aleeknews.com\/4l33k5\/wp-json\/wp\/v2\/types\/post"}],"author":[{"embeddable":true,"href":"https:\/\/aleeknews.com\/4l33k5\/wp-json\/wp\/v2\/users\/2"}],"replies":[{"embeddable":true,"href":"https:\/\/aleeknews.com\/4l33k5\/wp-json\/wp\/v2\/comments?post=17507"}],"version-history":[{"count":0,"href":"https:\/\/aleeknews.com\/4l33k5\/wp-json\/wp\/v2\/posts\/17507\/revisions"}],"wp:featuredmedia":[{"embeddable":true,"href":"https:\/\/aleeknews.com\/4l33k5\/wp-json\/wp\/v2\/media\/17508"}],"wp:attachment":[{"href":"https:\/\/aleeknews.com\/4l33k5\/wp-json\/wp\/v2\/media?parent=17507"}],"wp:term":[{"taxonomy":"category","embeddable":true,"href":"https:\/\/aleeknews.com\/4l33k5\/wp-json\/wp\/v2\/categories?post=17507"},{"taxonomy":"post_tag","embeddable":true,"href":"https:\/\/aleeknews.com\/4l33k5\/wp-json\/wp\/v2\/tags?post=17507"}],"curies":[{"name":"wp","href":"https:\/\/api.w.org\/{rel}","templated":true}]}}