{"id":17491,"date":"2025-12-26T01:44:39","date_gmt":"2025-12-26T00:44:39","guid":{"rendered":"https:\/\/aleeknews.com\/4l33k5\/2025\/12\/26\/el-papa-leon-xiv-pide-paz-para-israel-y-palestina-en-su-primer-mensaje-de-navidad\/"},"modified":"2025-12-26T01:44:39","modified_gmt":"2025-12-26T00:44:39","slug":"el-papa-leon-xiv-pide-paz-para-israel-y-palestina-en-su-primer-mensaje-de-navidad","status":"publish","type":"post","link":"https:\/\/aleeknews.com\/4l33k5\/2025\/12\/26\/el-papa-leon-xiv-pide-paz-para-israel-y-palestina-en-su-primer-mensaje-de-navidad\/","title":{"rendered":"El papa Le\u00f3n XIV pide paz para Israel y Palestina en su primer mensaje de Navidad"},"content":{"rendered":"<div>\n<p><b>Ciudad del Vaticano<\/b> &#8211; El <a href=\"https:\/\/www.elnuevodia.com\/topicos\/papa-leon-xiv\/\" target=\"_self\" rel title=\"https:\/\/www.elnuevodia.com\/topicos\/papa-leon-xiv\/\"><b>papa Le\u00f3n XIV<\/b><\/a> pidi\u00f3 este jueves \u201cjusticia, paz y estabilidad para el L\u00edbano, Palestina, Israel y Siria\u201d, y que se encuentre \u201cel valor para dialogar de manera sincera, directa y respetuosa\u201d para acabar con la guerra en Ucrania, en su primer <a href=\"https:\/\/www.elnuevodia.com\/topicos\/navidad\/\" target=\"_self\" rel title=\"https:\/\/www.elnuevodia.com\/topicos\/navidad\/\"><b>mensaje de Navidad<\/b><\/a> antes de la bendici\u00f3n \u2018Urbi et Orbi\u2019.<\/p>\n<p>Asomado al balc\u00f3n de la fachada de la bas\u00edlica de San Pedro, donde el pasado 8 de mayo se present\u00f3 como el nuevo pont\u00edfice, Robert Prevost afirm\u00f3 que \u201ccada uno de nosotros puede y debe hacer lo que le corresponde para rechazar el odio, la violencia y la confrontaci\u00f3n, y practicar el di\u00e1logo, la paz y la reconciliaci\u00f3n\u201d.<\/p>\n<p>Y en su mensaje de su primera Navidad como papa, ante miles de personas que acudieron a la plaza de San Pedro a pesar de la lluvia, el pont\u00edfice de origen estadounidense y peruano quiso mandar un saludo especial \u201ca todos los cristianos que viven en Medio Oriente\u201d, recordando su reciente viaje a L\u00edbano.<\/p>\n<p><b>\u201cHe escuchado sus temores y conozco bien su sentimiento de impotencia ante las din\u00e1micas de poder que los superan\u201d, agreg\u00f3 y entonces pidi\u00f3 a Dios \u201cjusticia, paz y estabilidad para el L\u00edbano, Palestina, Israel y Siria\u201d.<\/b><\/p>\n<p>E inst\u00f3 a rezar \u201cde manera especial por el atribulado pueblo ucraniano, para que cese el estruendo de las armas y las partes implicadas, con el apoyo de la comunidad internacional, encuentren el valor para dialogar de manera sincera, directa y respetuosa\u201d.<\/p>\n<p>Encomend\u00f3 \u201cal Pr\u00edncipe de la Paz todo el continente europeo\u201d, pidiendo \u201cque siga inspirando un esp\u00edritu comunitario y colaborativo, fiel a sus ra\u00edces cristianas y a su historia, solidario y acogedor con los que est\u00e1n pasando necesidad\u201d.<\/p>\n<p><h4><b>Paz tambi\u00e9n para las guerras olvidadas<\/b><\/h4>\n<\/p>\n<p>El papa implor\u00f3 \u201cpaz y consuelo para las v\u00edctimas de todas las guerras que se libran en el mundo, especialmente aquellas olvidadas; y para quienes sufren a causa de la injusticia, la inestabilidad pol\u00edtica, la persecuci\u00f3n religiosa y el terrorismo\u201d, y cit\u00f3 a Sud\u00e1n, Sud\u00e1n del Sur, Mal\u00ed, Burkina Faso y la Rep\u00fablica Democr\u00e1tica del Congo.<\/p>\n<p>Tambi\u00e9n pidi\u00f3 que cese en Hait\u00ed \u201ctoda forma de violencia y pueda avanzar por el camino de la paz y la reconciliaci\u00f3n\u201d:<\/p>\n<p>Y que el ni\u00f1o Jes\u00fas \u201cinspire a quienes tienen responsabilidades pol\u00edticas en Am\u00e9rica Latina para que, al enfrentar los numerosos desaf\u00edos, se le d\u00e9 espacio al di\u00e1logo por el bien com\u00fan y no a las exclusiones ideol\u00f3gicas y partidistas\u201d.<\/p>\n<p>En sus peticiones tambi\u00e9n estuvo la situaci\u00f3n en Birmania y que se restablezca la antigua amistad entre Tailandia y Camboya, as\u00ed como las \u201crecientes y devastadoras cat\u00e1strofes naturales\u201d en el sur de Asia y de Ocean\u00eda.<\/p>\n<p>Seg\u00fan el papa, Jes\u00fas &#8221; asume sobre s\u00ed nuestra fragilidad, se identifica con cada uno de nosotros: con quienes ya no tienen nada y lo han perdido todo, como los habitantes de Gaza&#8221; o \u201ccon quienes padecen hambre y pobreza, como el pueblo yemen\u00ed\u201d.<\/p>\n<p>Record\u00f3 a \u201cquienes huyen de su tierra en busca de un futuro en otra parte, como los numerosos refugiados y migrantes que cruzan el Mediterr\u00e1neo o recorren el continente americano; con quienes han perdido el trabajo y con quienes lo buscan\u201d.<\/p>\n<p>Y a \u201ctantos j\u00f3venes que tienen dificultades para encontrar empleo; con quienes son explotados, como los innumerables trabajadores mal pagados; con quienes est\u00e1n en prisi\u00f3n y a menudo viven en condiciones inhumanas\u201d.<\/p>\n<p>Concluy\u00f3 asegurando que \u201cel Nacimiento del Se\u00f1or es el Nacimiento de la paz\u201d y deseando a todos \u201cde coraz\u00f3n una Navidad serena\u201d.<\/p>\n<p><h4><b>Una poes\u00eda de un escritor israel\u00ed<\/b><\/h4>\n<\/p>\n<p>El papa incluy\u00f3 en su mensaje una poes\u00eda del poeta israel\u00ed Yehuda Amichai titulada \u201cPaz Silvestre\u201d en la que describe la paz \u201cno la de un alto al fuego ni la de la visi\u00f3n del lobo junto al cordero, sino la del coraz\u00f3n cuando se acaba la agitaci\u00f3n y hablamos de un gran cansancio\u201d.<\/p>\n<p><b>\u201cQue sea como flores silvestres, de repente, por necesidad del campo: una paz silvestre\u201d, cit\u00f3.<\/b><\/p>\n<\/div>\n\n    <div class=\"xs_social_share_widget xs_share_url after_content \t\tmain_content  wslu-style-1 wslu-share-box-shaped wslu-fill-colored wslu-none wslu-share-horizontal wslu-theme-font-no wslu-main_content\">\n\n\t\t\n        <ul>\n\t\t\t        <\/ul>\n    <\/div> \n","protected":false},"excerpt":{"rendered":"<p>Ciudad del Vaticano &#8211; El papa Le\u00f3n XIV pidi\u00f3 este jueves \u201cjusticia, paz y estabilidad para el L\u00edbano, Palestina, Israel y Siria\u201d, y que se encuentre \u201cel valor para dialogar de manera sincera, directa y respetuosa\u201d para acabar con la guerra en Ucrania, en su primer mensaje de Navidad antes de la bendici\u00f3n \u2018Urbi et<\/p>\n","protected":false},"author":2,"featured_media":17492,"comment_status":"open","ping_status":"open","sticky":false,"template":"","format":"standard","meta":{"om_disable_all_campaigns":false,"_monsterinsights_skip_tracking":false,"_monsterinsights_sitenote_active":false,"_monsterinsights_sitenote_note":"","_monsterinsights_sitenote_category":0,"footnotes":""},"categories":[10],"tags":[],"class_list":["post-17491","post","type-post","status-publish","format-standard","has-post-thumbnail","hentry","category-mundo"],"aioseo_notices":[],"_links":{"self":[{"href":"https:\/\/aleeknews.com\/4l33k5\/wp-json\/wp\/v2\/posts\/17491","targetHints":{"allow":["GET"]}}],"collection":[{"href":"https:\/\/aleeknews.com\/4l33k5\/wp-json\/wp\/v2\/posts"}],"about":[{"href":"https:\/\/aleeknews.com\/4l33k5\/wp-json\/wp\/v2\/types\/post"}],"author":[{"embeddable":true,"href":"https:\/\/aleeknews.com\/4l33k5\/wp-json\/wp\/v2\/users\/2"}],"replies":[{"embeddable":true,"href":"https:\/\/aleeknews.com\/4l33k5\/wp-json\/wp\/v2\/comments?post=17491"}],"version-history":[{"count":0,"href":"https:\/\/aleeknews.com\/4l33k5\/wp-json\/wp\/v2\/posts\/17491\/revisions"}],"wp:featuredmedia":[{"embeddable":true,"href":"https:\/\/aleeknews.com\/4l33k5\/wp-json\/wp\/v2\/media\/17492"}],"wp:attachment":[{"href":"https:\/\/aleeknews.com\/4l33k5\/wp-json\/wp\/v2\/media?parent=17491"}],"wp:term":[{"taxonomy":"category","embeddable":true,"href":"https:\/\/aleeknews.com\/4l33k5\/wp-json\/wp\/v2\/categories?post=17491"},{"taxonomy":"post_tag","embeddable":true,"href":"https:\/\/aleeknews.com\/4l33k5\/wp-json\/wp\/v2\/tags?post=17491"}],"curies":[{"name":"wp","href":"https:\/\/api.w.org\/{rel}","templated":true}]}}