{"id":17485,"date":"2025-12-26T01:44:43","date_gmt":"2025-12-26T00:44:43","guid":{"rendered":"https:\/\/aleeknews.com\/4l33k5\/2025\/12\/26\/operan-a-bebe-en-el-vientre-de-su-madre-por-tumor-en-el-pulmon\/"},"modified":"2025-12-26T01:44:43","modified_gmt":"2025-12-26T00:44:43","slug":"operan-a-bebe-en-el-vientre-de-su-madre-por-tumor-en-el-pulmon","status":"publish","type":"post","link":"https:\/\/aleeknews.com\/4l33k5\/2025\/12\/26\/operan-a-bebe-en-el-vientre-de-su-madre-por-tumor-en-el-pulmon\/","title":{"rendered":"Operan a beb\u00e9 en el vientre de su madre por tumor en el pulm\u00f3n"},"content":{"rendered":"<div>\n<p><b>Lima<\/b> &#8211; Un<b> <\/b><a href=\"https:\/\/www.elnuevodia.com\/topicos\/bebes\/\" target=\"_self\" rel title=\"https:\/\/www.elnuevodia.com\/topicos\/bebes\/\"><b>beb\u00e9 de 26 semanas de gestaci\u00f3n<\/b><\/a><b> <\/b>fue operado, a\u00fan estando en el vientre materno, de un tumor en el pulm\u00f3n izquierdo, que amenazaba sus posibilidades de nacer con vida, y sigue su evoluci\u00f3n con normalidad antes de venir al mundo, seg\u00fan inform\u00f3 este jueves el <a href=\"https:\/\/www.elnuevodia.com\/topicos\/peru\/\" target=\"_self\" rel title=\"https:\/\/www.elnuevodia.com\/topicos\/peru\/\"><b>ministerio de Salud de Per\u00fa<\/b><\/a>.<\/p>\n<p>La cirug\u00eda de alta complejidad se realiz\u00f3 con un equipo m\u00e9dico del Hospital Nacional Dos de Mayo, ubicado en el centro de Lima, que se consolid\u00f3 como el \u00fanico hospital p\u00fablico del pa\u00eds con un equipo m\u00e9dico de cirug\u00eda fetal capacitado para realizar intervenciones de este tipo.<\/p>\n<p>\u201cEste caso se trata de una gestante de 26 semanas cuyo feto presentaba un tumor de gran tama\u00f1o en el pulm\u00f3n izquierdo, asociado a hidrops fetal (acumulaci\u00f3n anormal de l\u00edquido)\u201d, declar\u00f3 el jefe de la Unidad de Cirug\u00eda Fetal, Rub\u00e9n Huaraz.<\/p>\n<p>El especialista agreg\u00f3 que tambi\u00e9n ten\u00eda hidrot\u00f3rax (acumulaci\u00f3n de l\u00edquido), lo que provoc\u00f3 el desplazamiento del mediastino hacia la derecha y la compresi\u00f3n de los pulmones, impidiendo su desarrollo normal.<\/p>\n<p><b>\u201cDe no haberse intervenido oportunamente, el desenlace hubiera sido la muerte fetal intrauterina\u201d, se\u00f1al\u00f3 Huaraz.<\/b><\/p>\n<p><b>El caso fue diagnosticado durante la ecograf\u00eda morfol\u00f3gico realizada a la gestante Valerie Ochoa Vargas, de 22 a\u00f1os, que se atiende en el hospital Dos de Mayo.<\/b><\/p>\n<p>Para la cirug\u00eda se aplic\u00f3 anestesia al feto mediante una aguja de 22 gauge en el muslo, con el fin de evitar dolor durante el procedimiento.<\/p>\n<p>Despu\u00e9s se ingres\u00f3 a trav\u00e9s del abdomen de la gestante con una aguja-tr\u00f3car de 18 gauge hasta llegar al \u00fatero y, finalmente, al t\u00f3rax del feto, donde se localizaba el tumor, explic\u00f3 el ministerio en una nota de prensa.<\/p>\n<p>\u201cIngresamos por el t\u00f3rax del feto hasta llegar al tumor pulmonar identificando el vaso nutricio que alimenta a este tumor y con una sonda muy delgada realizamos la ablaci\u00f3n l\u00e1ser\u201d, detall\u00f3 Huaraz.<\/p>\n<p>La operaci\u00f3n se realiz\u00f3 sin complicaciones y tanto la madre, como el beb\u00e9, evolucionan favorablemente, subray\u00f3 el ministerio peruano.<\/p>\n<p>La madre Valerie Ochoa declar\u00f3 que estaba \u201casustada y preocupada con el diagn\u00f3stico de mi beb\u00e9\u201d.<\/p>\n<p>Sin embargo, indic\u00f3 que los m\u00e9dicos le brindaron una alternativa que permit\u00eda salvar la vida de su hijo.<\/p>\n<p>\u201cGracias a Dios y a los m\u00e9dicos, todo fue un \u00e9xito. Es un gran regalo de Navidad. Espero pronto tenerlo en mis brazos\u201d, dijo la paciente que sigue adelante con su embarazo al agradecer al equipo m\u00e9dico y al hospital.<\/p>\n<p><b>Tras la cirug\u00eda, el tumor qued\u00f3 reducido a una tercera parte de su tama\u00f1o original, el hidrops desapareci\u00f3 y los pulmones del feto recuperaron su desarrollo normal.<\/b><\/p>\n<\/div>\n\n    <div class=\"xs_social_share_widget xs_share_url after_content \t\tmain_content  wslu-style-1 wslu-share-box-shaped wslu-fill-colored wslu-none wslu-share-horizontal wslu-theme-font-no wslu-main_content\">\n\n\t\t\n        <ul>\n\t\t\t        <\/ul>\n    <\/div> \n","protected":false},"excerpt":{"rendered":"<p>Lima &#8211; Un beb\u00e9 de 26 semanas de gestaci\u00f3n fue operado, a\u00fan estando en el vientre materno, de un tumor en el pulm\u00f3n izquierdo, que amenazaba sus posibilidades de nacer con vida, y sigue su evoluci\u00f3n con normalidad antes de venir al mundo, seg\u00fan inform\u00f3 este jueves el ministerio de Salud de Per\u00fa . La<\/p>\n","protected":false},"author":2,"featured_media":17486,"comment_status":"open","ping_status":"open","sticky":false,"template":"","format":"standard","meta":{"om_disable_all_campaigns":false,"_monsterinsights_skip_tracking":false,"_monsterinsights_sitenote_active":false,"_monsterinsights_sitenote_note":"","_monsterinsights_sitenote_category":0,"footnotes":""},"categories":[10],"tags":[],"class_list":["post-17485","post","type-post","status-publish","format-standard","has-post-thumbnail","hentry","category-mundo"],"aioseo_notices":[],"_links":{"self":[{"href":"https:\/\/aleeknews.com\/4l33k5\/wp-json\/wp\/v2\/posts\/17485","targetHints":{"allow":["GET"]}}],"collection":[{"href":"https:\/\/aleeknews.com\/4l33k5\/wp-json\/wp\/v2\/posts"}],"about":[{"href":"https:\/\/aleeknews.com\/4l33k5\/wp-json\/wp\/v2\/types\/post"}],"author":[{"embeddable":true,"href":"https:\/\/aleeknews.com\/4l33k5\/wp-json\/wp\/v2\/users\/2"}],"replies":[{"embeddable":true,"href":"https:\/\/aleeknews.com\/4l33k5\/wp-json\/wp\/v2\/comments?post=17485"}],"version-history":[{"count":0,"href":"https:\/\/aleeknews.com\/4l33k5\/wp-json\/wp\/v2\/posts\/17485\/revisions"}],"wp:featuredmedia":[{"embeddable":true,"href":"https:\/\/aleeknews.com\/4l33k5\/wp-json\/wp\/v2\/media\/17486"}],"wp:attachment":[{"href":"https:\/\/aleeknews.com\/4l33k5\/wp-json\/wp\/v2\/media?parent=17485"}],"wp:term":[{"taxonomy":"category","embeddable":true,"href":"https:\/\/aleeknews.com\/4l33k5\/wp-json\/wp\/v2\/categories?post=17485"},{"taxonomy":"post_tag","embeddable":true,"href":"https:\/\/aleeknews.com\/4l33k5\/wp-json\/wp\/v2\/tags?post=17485"}],"curies":[{"name":"wp","href":"https:\/\/api.w.org\/{rel}","templated":true}]}}