{"id":17473,"date":"2025-12-25T02:43:56","date_gmt":"2025-12-25T01:43:56","guid":{"rendered":"https:\/\/aleeknews.com\/4l33k5\/2025\/12\/25\/reina-la-creatividad-en-las-postales-navidenas-de-la-clase-artistica-boricua\/"},"modified":"2025-12-25T02:43:56","modified_gmt":"2025-12-25T01:43:56","slug":"reina-la-creatividad-en-las-postales-navidenas-de-la-clase-artistica-boricua","status":"publish","type":"post","link":"https:\/\/aleeknews.com\/4l33k5\/2025\/12\/25\/reina-la-creatividad-en-las-postales-navidenas-de-la-clase-artistica-boricua\/","title":{"rendered":"Reina la creatividad en las postales navide\u00f1as de la clase art\u00edstica boricua"},"content":{"rendered":"<div>\n<p>En Puerto Rico, la <a href=\"https:\/\/www.elnuevodia.com\/topicos\/navidad\/\" target=\"_self\" rel title=\"https:\/\/www.elnuevodia.com\/topicos\/navidad\/\"><b>Navidad<\/b><\/a> no es solo una temporada; es el escenario donde la identidad nacional alcanza su m\u00e1xima expresi\u00f3n. Desde los acordes del <a href=\"https:\/\/www.elnuevodia.com\/topicos\/cuatro-puertorriqueno\/\" target=\"_self\" rel title=\"https:\/\/www.elnuevodia.com\/topicos\/cuatro-puertorriqueno\/\"><b>cuatro<\/b><\/a> hasta la vibrante pl\u00e1stica de los carteles de <a href=\"https:\/\/www.elnuevodia.com\/topicos\/tres-reyes-magos\/\" target=\"_self\" rel title=\"https:\/\/www.elnuevodia.com\/topicos\/tres-reyes-magos\/\"><b>Reyes<\/b><\/a>, <b>la clase art\u00edstica boricua se convierte en el pulm\u00f3n de una festividad que se niega a morir.<\/b><\/p>\n<p>En esta \u00e9poca festiva, al igual que siempre, muchas de las figuras de la <a href=\"https:\/\/www.elnuevodia.com\/entretenimiento\/\" target=\"_self\" rel title=\"https:\/\/www.elnuevodia.com\/entretenimiento\/\"><b>industria del espect\u00e1culo nacional <\/b><\/a>-de alguna forma u otra-<b> <\/b>contribuyeron a transformar la nostalgia en un manifiesto de resistencia y alegr\u00eda.<\/p>\n<p>Hoy, durante la celebraci\u00f3n de <a href=\"https:\/\/www.elnuevodia.com\/topicos\/navidad\/\" target=\"_self\" rel title=\"https:\/\/www.elnuevodia.com\/topicos\/navidad\/\"><b>Nochebuena<\/b><\/a>, presentadores de <a href=\"https:\/\/www.elnuevodia.com\/topicos\/radio\/\" target=\"_self\" rel title=\"https:\/\/www.elnuevodia.com\/topicos\/radio\/\"><b>radio<\/b><\/a> y <a href=\"https:\/\/www.elnuevodia.com\/entretenimiento\/television\/\" target=\"_self\" rel title=\"https:\/\/www.elnuevodia.com\/entretenimiento\/television\/\"><b>televisi\u00f3n<\/b><\/a>, cantantes y actores acudieron a sus <a href=\"https:\/\/www.elnuevodia.com\/topicos\/redes-sociales\/\" target=\"_self\" rel title=\"https:\/\/www.elnuevodia.com\/topicos\/redes-sociales\/\"><b>redes sociales<\/b><\/a> con postales llenas de creatividad. Tambi\u00e9n incluyeron poderosos mensajes de amor y paz. <\/p>\n<p><b>A continuaci\u00f3n, algunas felicitaciones de famosos del patio:<\/b><\/p>\n<p>\u201cEn la casa de Santa no solo horneamos galletas. Horneamos recuerdos, le\u00edmos historias y nos fuimos de paseo en trineo, como cuando todo era m\u00e1s simple. La magia sigue ah\u00ed, solo hay que vivirla juntos. La Navidad tiene eso\u2026 te abraza con recuerdos, te saca sonrisas y te recuerda que el mejor plan, siempre es estar en familia&#8221;, expres\u00f3 la presentadora <a href=\"https:\/\/www.elnuevodia.com\/topicos\/gil-lopez\/\" target=\"_self\" rel title=\"https:\/\/www.elnuevodia.com\/topicos\/gil-lopez\/\"><b>Gil Marie L\u00f3pez<\/b><\/a> junto al resto de su familia.<\/p>\n<p>\u201cNochebuena. Deseo que lo pasen muy bonito\u201d, fueron los deseos de la presentadora <a href=\"https:\/\/www.elnuevodia.com\/topicos\/ivonne-orsini\/\" target=\"_self\" rel title=\"https:\/\/www.elnuevodia.com\/topicos\/ivonne-orsini\/\"><b>Ivonne Orsini<\/b><\/a>.<\/p>\n<p>La periodista<a href=\"https:\/\/www.elnuevodia.com\/autor\/luz-nereida-velez\/\" target=\"_self\" rel title=\"https:\/\/www.elnuevodia.com\/autor\/luz-nereida-velez\/\"><b> Luz Nereida V\u00e9lez<\/b><\/a>, asimismo, expres\u00f3: \u201cQue el amor, la fe y la esperanza inunde sus corazones en esta Nochebuena y Navidad\u2026 Felicidades&#8221;.<\/p>\n<p><a href=\"https:\/\/www.instagram.com\/cristiandiana_25\/\" target=\"_self\" rel title=\"https:\/\/www.instagram.com\/cristiandiana_25\/\"><b>Cristian Diana<\/b><\/a>, quien obtuvo el segundo lugar en <a href=\"https:\/\/www.elnuevodia.com\/entretenimiento\/musica\/notas\/objetivo-fama-7-tuvo-un-final-perfecto-en-el-coca-cola-music-hall\/\" target=\"_self\" rel title=\"https:\/\/www.elnuevodia.com\/entretenimiento\/musica\/notas\/objetivo-fama-7-tuvo-un-final-perfecto-en-el-coca-cola-music-hall\/\"><b>\u201cObjetivo Fama 7\u2033<\/b><\/a>, tambi\u00e9n tuvo palabras para sus seguidores. \u201cEsta Navidad quiero desearles amor que abrace, paz que calme y sue\u00f1os que sigan creciendo. Gracias por estar, por apoyar y por formar parte de mi camino. Que estas fiestas est\u00e9n llenas de luz, fe y momentos reales. Feliz Navidad. Oh, s\u00ed\u201d, exterioriz\u00f3.\t<\/p>\n<p>Sin duda, una de las postales que m\u00e1s suspiros arranc\u00f3 fue la del comediante <a href=\"https:\/\/www.elnuevodia.com\/topicos\/danilo-beauchamp\/\" target=\"_self\" rel title=\"https:\/\/www.elnuevodia.com\/topicos\/danilo-beauchamp\/\"><b>Danilo Beauchamp<\/b><\/a>. El protagonista fue su hijo de un a\u00f1o Danilo Antonio.<\/p>\n<p>La merenguera<a href=\"https:\/\/www.elnuevodia.com\/topicos\/olga-tanon\/\" target=\"_self\" rel title=\"https:\/\/www.elnuevodia.com\/topicos\/olga-tanon\/\"> <b>Olga Ta\u00f1\u00f3n<\/b><\/a>, de igual manera, conmovi\u00f3 con su escrito. \u201cDios nos bendiga ahora y siempre. Feliz Navidad para todos. Que la pasen hermoso. A los que pasan por alg\u00fan momento de dolor, que Dios todopoderoso les brinde la fortaleza y el consuelo para poder sobrellevar este momento\u201d, public\u00f3.<\/p>\n<div>\n<p>Miss Universe Puerto Rico 2011, <a href=\"https:\/\/www.instagram.com\/vivianaortizpr\/\" target=\"_self\" rel title=\"https:\/\/www.instagram.com\/vivianaortizpr\/\"><b>Viviana Ortiz Pastrana<\/b><\/a> pos\u00f3 orgullosa junto a sus hijos, fruto de su matrimonio con el exjugador de la<a href=\"https:\/\/www.elnuevodia.com\/topicos\/nba\/\" target=\"_self\" rel title=\"https:\/\/www.elnuevodia.com\/topicos\/nba\/\"><b> NBA<\/b><\/a>, <a href=\"https:\/\/www.elnuevodia.com\/topicos\/jose-juan-barea\/\" target=\"_self\" rel title=\"https:\/\/www.elnuevodia.com\/topicos\/jose-juan-barea\/\"><b>Jos\u00e9 Juan Barea<\/b><\/a>. <\/p>\n<\/div>\n<p><a href=\"https:\/\/www.elnuevodia.com\/topicos\/wisin\/\" target=\"_self\" rel title=\"https:\/\/www.elnuevodia.com\/topicos\/wisin\/\"><b>Wisin<\/b><\/a> y su familia tambi\u00e9n dijeron presente. Feliz Navidad \ud83c\udf84\u201c\u2018Pues yo s\u00e9 los planes que tengo para ustedes \u2014dice el Se\u00f1or\u2014. Son planes para lo bueno y no para lo malo, para darles un futuro y una esperanza\u2019\u201d, fueron sus anhelos.<\/p>\n<\/div>\n\n    <div class=\"xs_social_share_widget xs_share_url after_content \t\tmain_content  wslu-style-1 wslu-share-box-shaped wslu-fill-colored wslu-none wslu-share-horizontal wslu-theme-font-no wslu-main_content\">\n\n\t\t\n        <ul>\n\t\t\t        <\/ul>\n    <\/div> \n","protected":false},"excerpt":{"rendered":"<p>En Puerto Rico, la Navidad no es solo una temporada; es el escenario donde la identidad nacional alcanza su m\u00e1xima expresi\u00f3n. Desde los acordes del cuatro hasta la vibrante pl\u00e1stica de los carteles de Reyes , la clase art\u00edstica boricua se convierte en el pulm\u00f3n de una festividad que se niega a morir. En esta<\/p>\n","protected":false},"author":2,"featured_media":17474,"comment_status":"open","ping_status":"open","sticky":false,"template":"","format":"standard","meta":{"om_disable_all_campaigns":false,"_monsterinsights_skip_tracking":false,"_monsterinsights_sitenote_active":false,"_monsterinsights_sitenote_note":"","_monsterinsights_sitenote_category":0,"footnotes":""},"categories":[47],"tags":[],"class_list":["post-17473","post","type-post","status-publish","format-standard","has-post-thumbnail","hentry","category-farandula"],"aioseo_notices":[],"_links":{"self":[{"href":"https:\/\/aleeknews.com\/4l33k5\/wp-json\/wp\/v2\/posts\/17473","targetHints":{"allow":["GET"]}}],"collection":[{"href":"https:\/\/aleeknews.com\/4l33k5\/wp-json\/wp\/v2\/posts"}],"about":[{"href":"https:\/\/aleeknews.com\/4l33k5\/wp-json\/wp\/v2\/types\/post"}],"author":[{"embeddable":true,"href":"https:\/\/aleeknews.com\/4l33k5\/wp-json\/wp\/v2\/users\/2"}],"replies":[{"embeddable":true,"href":"https:\/\/aleeknews.com\/4l33k5\/wp-json\/wp\/v2\/comments?post=17473"}],"version-history":[{"count":0,"href":"https:\/\/aleeknews.com\/4l33k5\/wp-json\/wp\/v2\/posts\/17473\/revisions"}],"wp:featuredmedia":[{"embeddable":true,"href":"https:\/\/aleeknews.com\/4l33k5\/wp-json\/wp\/v2\/media\/17474"}],"wp:attachment":[{"href":"https:\/\/aleeknews.com\/4l33k5\/wp-json\/wp\/v2\/media?parent=17473"}],"wp:term":[{"taxonomy":"category","embeddable":true,"href":"https:\/\/aleeknews.com\/4l33k5\/wp-json\/wp\/v2\/categories?post=17473"},{"taxonomy":"post_tag","embeddable":true,"href":"https:\/\/aleeknews.com\/4l33k5\/wp-json\/wp\/v2\/tags?post=17473"}],"curies":[{"name":"wp","href":"https:\/\/api.w.org\/{rel}","templated":true}]}}