{"id":17459,"date":"2025-12-25T02:43:23","date_gmt":"2025-12-25T01:43:23","guid":{"rendered":"https:\/\/aleeknews.com\/4l33k5\/2025\/12\/25\/pausan-subvencion-federal-para-construir-estaciones-de-carga-para-carros-electricos\/"},"modified":"2025-12-25T02:43:23","modified_gmt":"2025-12-25T01:43:23","slug":"pausan-subvencion-federal-para-construir-estaciones-de-carga-para-carros-electricos","status":"publish","type":"post","link":"https:\/\/aleeknews.com\/4l33k5\/2025\/12\/25\/pausan-subvencion-federal-para-construir-estaciones-de-carga-para-carros-electricos\/","title":{"rendered":"Pausan subvenci\u00f3n federal para construir estaciones de carga para carros el\u00e9ctricos"},"content":{"rendered":"<div>\n<div data-testid=\"global-header-test\" data-fusion-lazy-id=\"f0f5G41E11Y61Ck\">\n<hr>\n<p><span>Bolsa de valores <b>01:43 AM<\/b><\/span><\/p>\n<\/div>\n<div>\n<div data-fusion-lazy-id=\"f0f9tfiOw0362nv\">\n<div class>\n<p><a href=\"https:\/\/thetrustproject.org\/\"><img decoding=\"async\" src=\"https:\/\/www.elnuevodia.com\/pf\/resources\/v2\/icons\/trust-icon.svg?d=219\"><\/a><\/p>\n<div>\n<p>Noticia<\/p>\n<div>\n<p>Basado en hechos que el periodista haya observado y verificado de primera mano, o en informaci\u00f3n verificada que proviene de fuentes bien informadas.<\/p>\n<\/div>\n<\/div>\n<\/div>\n<div>\n<h2>Los $51 millones fueron asignados a la Autoridad de Carreteras y Transportaci\u00f3n de Puerto Rico bajo la administraci\u00f3n del expresidente Joe Biden<\/h2>\n<div>\n<p>5 de marzo de 2025 &#8211; 11:10 AM<\/p>\n<\/div>\n<div>\n<p><b>Archivo<\/b><\/p>\n<p>Esta historia fue publicada hace m\u00e1s de 9 meses.<\/p>\n<\/div>\n<\/div>\n<\/div>\n<div data-fusion-lazy-id=\"f0f8wxHIPTYNet\">\n<div><picture><source media=\"(max-width: 375px)\" ><source media=\"(max-width: 767px)\" ><source media=\"(max-width: 1023px)\" ><source ><\/picture><figcaption>En 2024, se vendieron 1,356 EVs, un 36.5% menos que el a\u00f1o previo. <span>(Shutterstock)<\/span><\/figcaption><\/div>\n<div>\n<p><img decoding=\"async\" alt=\"Jos\u00e9 Orlando Delgado Rivera\" src=\"https:\/\/www.elnuevodia.com\/resizer\/v2\/https%3A%2F%2Fauthor-service-images-prod-us-east-1.publishing.aws.arc.pub%2Fgfrmedia%2F2b8b5e66-e7c1-4688-835e-191edae0ddfc.png?auth=5b4a7e8f482dddd87f58128de8eceac558550d1b57d5661fab3e195e38c75053&#038;quality=75&#038;smart=true&#038;width=170&#038;height=147\"><\/p>\n<\/div>\n<div>\n<p>El secretario del <b>Departamento de Transportaci\u00f3n y Obras P\u00fablicas<\/b> (DTOP),<a href=\"https:\/\/www.elnuevodia.com\/noticias\/gobierno\/notas\/secretario-del-dtop-asegura-tener-encaminados-40-proyectos-asociados-a-derrumbes\/\" target=\"_blank\" rel=\"noreferrer\" title=\"https:\/\/www.elnuevodia.com\/noticias\/gobierno\/notas\/secretario-del-dtop-asegura-tener-encaminados-40-proyectos-asociados-a-derrumbes\/\"> Edwin Gonz\u00e1lez Montalvo<\/a>, confirm\u00f3 este mi\u00e9rcoles que el gobierno federal paus\u00f3 la subvenci\u00f3n de $51 millones para el desarrollo de estaciones de carga para carros el\u00e9ctricos (EV, por sus siglas en ingl\u00e9s) en Puerto Rico. <\/p>\n<\/div>\n<\/div>\n<section>\n<header><span>Popular en la Comunidad<\/span><\/header>\n<\/section>\n<\/div>\n<\/div>\n\n    <div class=\"xs_social_share_widget xs_share_url after_content \t\tmain_content  wslu-style-1 wslu-share-box-shaped wslu-fill-colored wslu-none wslu-share-horizontal wslu-theme-font-no wslu-main_content\">\n\n\t\t\n        <ul>\n\t\t\t        <\/ul>\n    <\/div> \n","protected":false},"excerpt":{"rendered":"<p>Bolsa de valores 01:43 AM Noticia Basado en hechos que el periodista haya observado y verificado de primera mano, o en informaci\u00f3n verificada que proviene de fuentes bien informadas. Los $51 millones fueron asignados a la Autoridad de Carreteras y Transportaci\u00f3n de Puerto Rico bajo la administraci\u00f3n del expresidente Joe Biden 5 de marzo de<\/p>\n","protected":false},"author":2,"featured_media":17460,"comment_status":"open","ping_status":"open","sticky":false,"template":"","format":"standard","meta":{"om_disable_all_campaigns":false,"_monsterinsights_skip_tracking":false,"_monsterinsights_sitenote_active":false,"_monsterinsights_sitenote_note":"","_monsterinsights_sitenote_category":0,"footnotes":""},"categories":[5],"tags":[],"class_list":["post-17459","post","type-post","status-publish","format-standard","has-post-thumbnail","hentry","category-negocios"],"aioseo_notices":[],"_links":{"self":[{"href":"https:\/\/aleeknews.com\/4l33k5\/wp-json\/wp\/v2\/posts\/17459","targetHints":{"allow":["GET"]}}],"collection":[{"href":"https:\/\/aleeknews.com\/4l33k5\/wp-json\/wp\/v2\/posts"}],"about":[{"href":"https:\/\/aleeknews.com\/4l33k5\/wp-json\/wp\/v2\/types\/post"}],"author":[{"embeddable":true,"href":"https:\/\/aleeknews.com\/4l33k5\/wp-json\/wp\/v2\/users\/2"}],"replies":[{"embeddable":true,"href":"https:\/\/aleeknews.com\/4l33k5\/wp-json\/wp\/v2\/comments?post=17459"}],"version-history":[{"count":0,"href":"https:\/\/aleeknews.com\/4l33k5\/wp-json\/wp\/v2\/posts\/17459\/revisions"}],"wp:featuredmedia":[{"embeddable":true,"href":"https:\/\/aleeknews.com\/4l33k5\/wp-json\/wp\/v2\/media\/17460"}],"wp:attachment":[{"href":"https:\/\/aleeknews.com\/4l33k5\/wp-json\/wp\/v2\/media?parent=17459"}],"wp:term":[{"taxonomy":"category","embeddable":true,"href":"https:\/\/aleeknews.com\/4l33k5\/wp-json\/wp\/v2\/categories?post=17459"},{"taxonomy":"post_tag","embeddable":true,"href":"https:\/\/aleeknews.com\/4l33k5\/wp-json\/wp\/v2\/tags?post=17459"}],"curies":[{"name":"wp","href":"https:\/\/api.w.org\/{rel}","templated":true}]}}