{"id":17451,"date":"2025-12-25T01:43:23","date_gmt":"2025-12-25T00:43:23","guid":{"rendered":"https:\/\/aleeknews.com\/4l33k5\/2025\/12\/25\/nayib-bukele-responde-a-hillary-clinton-sobre-acusaciones-de-brutalidad-en-megacarcel\/"},"modified":"2025-12-25T01:43:23","modified_gmt":"2025-12-25T00:43:23","slug":"nayib-bukele-responde-a-hillary-clinton-sobre-acusaciones-de-brutalidad-en-megacarcel","status":"publish","type":"post","link":"https:\/\/aleeknews.com\/4l33k5\/2025\/12\/25\/nayib-bukele-responde-a-hillary-clinton-sobre-acusaciones-de-brutalidad-en-megacarcel\/","title":{"rendered":"Nayib Bukele responde a Hillary Clinton sobre acusaciones de brutalidad en megac\u00e1rcel"},"content":{"rendered":"<div>\n<p><b>San Salvador- <\/b>El <a href=\"https:\/\/www.elnuevodia.com\/topicos\/nayib-bukele\/\" target=\"_blank\" rel=\"noreferrer\" title=\"https:\/\/www.elnuevodia.com\/topicos\/nayib-bukele\/\"><b>presidente de El Salvador, Nayib Bukele<\/b><\/a>, le respondi\u00f3 el martes en X a la exsecretaria de Estado de Estados Unidos, <a href=\"https:\/\/www.elnuevodia.com\/topicos\/hillary-clinton\/\" target=\"_blank\" rel=\"noreferrer\" title=\"https:\/\/www.elnuevodia.com\/topicos\/hillary-clinton\/\"><b>Hillary Clinton<\/b><\/a>, sobre las acusaciones de que en la megac\u00e1rcel salvadore\u00f1a del Centro de Confinamiento del Terrorismo (Cecot) se trata con brutalidad a los prisioneros. <\/p>\n<p><b>\u201cSi est\u00e1 convencida de que en el Cecot se est\u00e1n produciendo torturas, El Salvador est\u00e1 dispuesto a cooperar plenamente\u201d, public\u00f3 Bukele en X en un extenso mensaje en ingl\u00e9s. <\/b><\/p>\n<p>Esto fue en respuesta a una publicaci\u00f3n de Clinton en la que comparti\u00f3 un reportaje en video llamado \u201cSurviving Cecot\u201d, producido por el medio estadounidense ProPublica para Frontline, en conjunto con Alianza Rebelde Investiga, Cazadores de Fake News y The Texas Tribune. <\/p>\n<div data-oembed-type=\"twitter\">\n<blockquote>\n<div lang=\"en\" dir=\"ltr\">\n<p>Madam Secretary Hillary Clinton,<\/p>\n<p>If you are convinced that torture is taking place at CECOT, El Salvador is ready to cooperate fully.<\/p>\n<p>We are willing to release our entire prison population (including all gang leaders and all those described as \u201cpolitical prisoners\u201d) to any\u2026 <a href=\"https:\/\/t.co\/GKHMUgeZeO\">https:\/\/t.co\/GKHMUgeZeO<\/a><\/p>\n<\/div>\n<p>\u2014 Nayib Bukele (@nayibbukele) <a href=\"https:\/\/twitter.com\/nayibbukele\/status\/2003586690288660789?ref_src=twsrc%5Etfw\">December 23, 2025<\/a><\/p><\/blockquote>\n<\/div>\n<p><b>\u201c\u00bfTienes curiosidad por saber m\u00e1s sobre Cecot? Escucha a Juan, Andry y Wilmer contar de primera mano c\u00f3mo la administraci\u00f3n Trump los tild\u00f3 de pandilleros sin pruebas y los deport\u00f3 a la brutal prisi\u00f3n salvadore\u00f1a\u201d, public\u00f3 la excandidata presidencial dem\u00f3crata.<\/b> <\/p>\n<p>Bukele escribi\u00f3 que \u201cestamos dispuestos a liberar a toda nuestra poblaci\u00f3n carcelaria (incluidos todos los l\u00edderes de pandillas y todos aquellos descritos como \u201cpresos pol\u00edticos\u201d) a cualquier pa\u00eds dispuesto a recibirlos\u201d. <\/p>\n<p>\u201cLa \u00fanica condici\u00f3n es clara: deben ser todos\u201d, asegur\u00f3 el mandatario centroamericano. <\/p>\n<p>\u201cEsto tambi\u00e9n ser\u00eda de gran ayuda para los periodistas y sus ONG favoritas, que entonces tendr\u00edan miles de exreclusos disponibles para entrevistas, lo que har\u00eda mucho m\u00e1s f\u00e1cil encontrar voces adicionales cr\u00edticas del gobierno salvadore\u00f1o (o dispuestas a confirmar las conclusiones que ya se esperan)\u201d, apunt\u00f3 Bukele. <\/p>\n<p>Agreg\u00f3 que \u201csin duda, si estos testimonios reflejan una realidad sist\u00e9mica, un conjunto mucho mayor de fuentes no har\u00eda m\u00e1s que reforzar la afirmaci\u00f3n, y muchos gobiernos deber\u00edan estar deseosos de ofrecer protecci\u00f3n\u201d. <\/p>\n<p>\u201cHasta entonces, seguiremos dando prioridad a los derechos humanos de los millones de salvadore\u00f1os que hoy viven libres del dominio de las pandillas\u201d, concluy\u00f3 el presidente salvadore\u00f1o. <\/p>\n<div>\n<p><b>1 \/ 17 | <\/b><span> En las entra\u00f1as de la megac\u00e1rcel de Bukele: 17 fotos que muestran c\u00f3mo es la vida dentro de la prisi\u00f3n en El Salvador. El ministro de Paz y Justicia de Costa Rica visit\u00f3 El Salvador para un encuentro con su par en el que repasaron la pol\u00edtica de mano dura aplicada por el gobierno de Nayib Bukele en los \u00faltimos tres a\u00f1os, con miras a replicar parte de esa estrategia. <\/span><i> &#8211; Salvador Melendez<\/i><\/p>\n<\/div>\n<p>Estos mensajes surgen en medio de una pol\u00e9mica despu\u00e9s de que el programa estadounidense \u201c60 Minutes\u201d aplaz\u00f3 este domingo por sorpresa una emisi\u00f3n centrada en el Cecot. <\/p>\n<p>El pasado marzo, el Ejecutivo de <a href=\"https:\/\/www.elnuevodia.com\/topicos\/donald-trump\/\" target=\"_blank\" rel=\"noreferrer\" title=\"https:\/\/www.elnuevodia.com\/topicos\/donald-trump\/\"><b>Donald Trump<\/b><\/a> deport\u00f3 a m\u00e1s de 200 venezolanos a <a href=\"https:\/\/www.elnuevodia.com\/topicos\/el-salvador\/\" target=\"_blank\" rel=\"noreferrer\" title=\"https:\/\/www.elnuevodia.com\/topicos\/el-salvador\/\"><b>El Salvador<\/b><\/a> bajo la Ley de Enemigos Extranjeros de 1798, a pesar de una orden judicial que se lo prohib\u00eda, y los traslad\u00f3 a la megac\u00e1rcel de m\u00e1xima seguridad del Cecot acusados de pertenecer a la banda criminal Tren de Aragua. <\/p>\n<p>Seg\u00fan se supo despu\u00e9s, el Gobierno estadounidense acord\u00f3 pagar $4.76 millones a El Salvador a cambio de recibir a esas personas. <\/p>\n<\/div>\n\n    <div class=\"xs_social_share_widget xs_share_url after_content \t\tmain_content  wslu-style-1 wslu-share-box-shaped wslu-fill-colored wslu-none wslu-share-horizontal wslu-theme-font-no wslu-main_content\">\n\n\t\t\n        <ul>\n\t\t\t        <\/ul>\n    <\/div> \n","protected":false},"excerpt":{"rendered":"<p>San Salvador- El presidente de El Salvador, Nayib Bukele , le respondi\u00f3 el martes en X a la exsecretaria de Estado de Estados Unidos, Hillary Clinton , sobre las acusaciones de que en la megac\u00e1rcel salvadore\u00f1a del Centro de Confinamiento del Terrorismo (Cecot) se trata con brutalidad a los prisioneros. \u201cSi est\u00e1 convencida de que<\/p>\n","protected":false},"author":2,"featured_media":17452,"comment_status":"open","ping_status":"open","sticky":false,"template":"","format":"standard","meta":{"om_disable_all_campaigns":false,"_monsterinsights_skip_tracking":false,"_monsterinsights_sitenote_active":false,"_monsterinsights_sitenote_note":"","_monsterinsights_sitenote_category":0,"footnotes":""},"categories":[10],"tags":[],"class_list":["post-17451","post","type-post","status-publish","format-standard","has-post-thumbnail","hentry","category-mundo"],"aioseo_notices":[],"_links":{"self":[{"href":"https:\/\/aleeknews.com\/4l33k5\/wp-json\/wp\/v2\/posts\/17451","targetHints":{"allow":["GET"]}}],"collection":[{"href":"https:\/\/aleeknews.com\/4l33k5\/wp-json\/wp\/v2\/posts"}],"about":[{"href":"https:\/\/aleeknews.com\/4l33k5\/wp-json\/wp\/v2\/types\/post"}],"author":[{"embeddable":true,"href":"https:\/\/aleeknews.com\/4l33k5\/wp-json\/wp\/v2\/users\/2"}],"replies":[{"embeddable":true,"href":"https:\/\/aleeknews.com\/4l33k5\/wp-json\/wp\/v2\/comments?post=17451"}],"version-history":[{"count":0,"href":"https:\/\/aleeknews.com\/4l33k5\/wp-json\/wp\/v2\/posts\/17451\/revisions"}],"wp:featuredmedia":[{"embeddable":true,"href":"https:\/\/aleeknews.com\/4l33k5\/wp-json\/wp\/v2\/media\/17452"}],"wp:attachment":[{"href":"https:\/\/aleeknews.com\/4l33k5\/wp-json\/wp\/v2\/media?parent=17451"}],"wp:term":[{"taxonomy":"category","embeddable":true,"href":"https:\/\/aleeknews.com\/4l33k5\/wp-json\/wp\/v2\/categories?post=17451"},{"taxonomy":"post_tag","embeddable":true,"href":"https:\/\/aleeknews.com\/4l33k5\/wp-json\/wp\/v2\/tags?post=17451"}],"curies":[{"name":"wp","href":"https:\/\/api.w.org\/{rel}","templated":true}]}}