{"id":17316,"date":"2025-12-22T01:43:29","date_gmt":"2025-12-22T00:43:29","guid":{"rendered":"https:\/\/aleeknews.com\/4l33k5\/2025\/12\/22\/escasez-de-empleados-afecta-a-la-industria-de-restaurantes\/"},"modified":"2025-12-22T01:43:29","modified_gmt":"2025-12-22T00:43:29","slug":"escasez-de-empleados-afecta-a-la-industria-de-restaurantes","status":"publish","type":"post","link":"https:\/\/aleeknews.com\/4l33k5\/2025\/12\/22\/escasez-de-empleados-afecta-a-la-industria-de-restaurantes\/","title":{"rendered":"Escasez de empleados afecta a la industria de restaurantes"},"content":{"rendered":"<div>\n<div data-testid=\"global-header-test\" data-fusion-lazy-id=\"f0f5G41E11Y61Ck\">\n<hr>\n<p><span>Bolsa de valores <b>12:43 AM<\/b><\/span><\/p>\n<\/div>\n<div>\n<div data-fusion-lazy-id=\"f0f9tfiOw0362nv\">\n<div class>\n<p><a href=\"https:\/\/thetrustproject.org\/\"><img decoding=\"async\" src=\"https:\/\/www.elnuevodia.com\/pf\/resources\/v2\/icons\/trust-icon.svg?d=218\"><\/a><\/p>\n<div>\n<p>Se adhiere a los criterios de The Trust Project<\/p>\n<\/div>\n<\/div>\n<div>\n<h2>Ejecutivos de franquicias de restaurantes hablan sobre la crisis laboral que amenaza la operaci\u00f3n de sus negocios, mientras buscan ajustarse a la nueva realidad del mercado de empleo  <\/h2>\n<div>\n<p>16 de mayo de 2021 &#8211; 11:40 PM<\/p>\n<\/div>\n<div>\n<p><b>Archivo<\/b><\/p>\n<p>Esta historia fue publicada hace m\u00e1s de 4 a\u00f1os.<\/p>\n<\/div>\n<\/div>\n<\/div>\n<div data-fusion-lazy-id=\"f0f8wxHIPTYNet\">\n<div><picture><source media=\"(max-width: 375px)\" ><source media=\"(max-width: 767px)\" ><source media=\"(max-width: 1023px)\" ><source ><\/picture><figcaption>En la medida en que los patronos no ajusten sus ofertas salariales y beneficios a las necesidades y espectativas de la nueva generaci\u00f3n de empleados, se har\u00e1 m\u00e1s cuesta arriba conseguir mano de obra diestra que trabaje en cualquier sector de la econom\u00eda local. <span>(8th.creator \/ Shutterstock.com)<\/span><\/figcaption><\/div>\n<div>\n<p><img decoding=\"async\" alt=\"Marian D\u00edaz\" src=\"https:\/\/www.elnuevodia.com\/resizer\/v2\/https%3A%2F%2Fs3.amazonaws.com%2Farc-authors%2Fgfrmedia%2F14e09c78-76d5-47d9-b618-5a2cb8be0d96.png?auth=a5fd05e26d54c23523ae1b9d6ad49f1f9eab86e6cf3871570e6f0e82aec6fae9&#038;quality=75&#038;smart=true&#038;width=170&#038;height=147\"><\/p>\n<\/div>\n<div>\n<p><b>Puerto Rico no solo enfrenta la pandemia y la quiebra fiscal, sino tambi\u00e9n vive una crisis laboral, en la que la mano de obra escasea en m\u00faltiples industrias<\/b>. Esta falta de personal no es exclusiva de la isla, pero aqu\u00ed se siente m\u00e1s debido al estancamiento de la econom\u00eda.<\/p>\n<\/div>\n<\/div>\n<section>\n<header><span>Popular en la Comunidad<\/span><\/header>\n<\/section>\n<\/div>\n<\/div>\n\n    <div class=\"xs_social_share_widget xs_share_url after_content \t\tmain_content  wslu-style-1 wslu-share-box-shaped wslu-fill-colored wslu-none wslu-share-horizontal wslu-theme-font-no wslu-main_content\">\n\n\t\t\n        <ul>\n\t\t\t        <\/ul>\n    <\/div> \n","protected":false},"excerpt":{"rendered":"<p>Bolsa de valores 12:43 AM Se adhiere a los criterios de The Trust Project Ejecutivos de franquicias de restaurantes hablan sobre la crisis laboral que amenaza la operaci\u00f3n de sus negocios, mientras buscan ajustarse a la nueva realidad del mercado de empleo 16 de mayo de 2021 &#8211; 11:40 PM Archivo Esta historia fue publicada<\/p>\n","protected":false},"author":2,"featured_media":17317,"comment_status":"open","ping_status":"open","sticky":false,"template":"","format":"standard","meta":{"om_disable_all_campaigns":false,"_monsterinsights_skip_tracking":false,"_monsterinsights_sitenote_active":false,"_monsterinsights_sitenote_note":"","_monsterinsights_sitenote_category":0,"footnotes":""},"categories":[5],"tags":[],"class_list":["post-17316","post","type-post","status-publish","format-standard","has-post-thumbnail","hentry","category-negocios"],"aioseo_notices":[],"_links":{"self":[{"href":"https:\/\/aleeknews.com\/4l33k5\/wp-json\/wp\/v2\/posts\/17316","targetHints":{"allow":["GET"]}}],"collection":[{"href":"https:\/\/aleeknews.com\/4l33k5\/wp-json\/wp\/v2\/posts"}],"about":[{"href":"https:\/\/aleeknews.com\/4l33k5\/wp-json\/wp\/v2\/types\/post"}],"author":[{"embeddable":true,"href":"https:\/\/aleeknews.com\/4l33k5\/wp-json\/wp\/v2\/users\/2"}],"replies":[{"embeddable":true,"href":"https:\/\/aleeknews.com\/4l33k5\/wp-json\/wp\/v2\/comments?post=17316"}],"version-history":[{"count":0,"href":"https:\/\/aleeknews.com\/4l33k5\/wp-json\/wp\/v2\/posts\/17316\/revisions"}],"wp:featuredmedia":[{"embeddable":true,"href":"https:\/\/aleeknews.com\/4l33k5\/wp-json\/wp\/v2\/media\/17317"}],"wp:attachment":[{"href":"https:\/\/aleeknews.com\/4l33k5\/wp-json\/wp\/v2\/media?parent=17316"}],"wp:term":[{"taxonomy":"category","embeddable":true,"href":"https:\/\/aleeknews.com\/4l33k5\/wp-json\/wp\/v2\/categories?post=17316"},{"taxonomy":"post_tag","embeddable":true,"href":"https:\/\/aleeknews.com\/4l33k5\/wp-json\/wp\/v2\/tags?post=17316"}],"curies":[{"name":"wp","href":"https:\/\/api.w.org\/{rel}","templated":true}]}}