{"id":17313,"date":"2025-12-22T01:43:31","date_gmt":"2025-12-22T00:43:31","guid":{"rendered":"https:\/\/aleeknews.com\/4l33k5\/2025\/12\/22\/resumen-2025-aumentos-en-el-seguro-social-y-la-apertura-de-ross-entre-las-mas-leidas-del-sector-economico-2\/"},"modified":"2025-12-22T01:43:31","modified_gmt":"2025-12-22T00:43:31","slug":"resumen-2025-aumentos-en-el-seguro-social-y-la-apertura-de-ross-entre-las-mas-leidas-del-sector-economico-2","status":"publish","type":"post","link":"https:\/\/aleeknews.com\/4l33k5\/2025\/12\/22\/resumen-2025-aumentos-en-el-seguro-social-y-la-apertura-de-ross-entre-las-mas-leidas-del-sector-economico-2\/","title":{"rendered":"Resumen 2025: aumentos en el Seguro Social y la apertura de Ross entre las m\u00e1s le\u00eddas del sector econ\u00f3mico"},"content":{"rendered":"<div>\n<p>A trav\u00e9s de 2025, el <a href=\"https:\/\/www.elnuevodia.com\/negocios\/economia\/\" target=\"_self\" rel title=\"https:\/\/www.elnuevodia.com\/negocios\/economia\/\"><b>sector econ\u00f3mico<\/b><\/a> de <a href=\"https:\/\/www.elnuevodia.com\/topicos\/puerto-rico\/\" target=\"_self\" rel title=\"https:\/\/www.elnuevodia.com\/topicos\/puerto-rico\/\"><b>Puerto Rico<\/b><\/a> estuvo marcado por movimientos que impactaron directamente a consumidores, trabajadores y empresas. <\/p>\n<p>Cierres inesperados de comercios, reestructuraciones corporativas, ventas millonarias, nuevos programas de apoyo financiero y la llegada de cadenas internacionales reflejaron un a\u00f1o de ajustes y oportunidades en un mercado en constante transformaci\u00f3n. <\/p>\n<p>Estas 12 historias, las m\u00e1s le\u00eddas en la secci\u00f3n de Negocios de <b>El Nuevo D\u00eda<\/b>, capturan los momentos clave que definieron la conversaci\u00f3n econ\u00f3mica del pa\u00eds: <\/p>\n<p><h4><b>1. <\/b><a href=\"https:\/\/www.elnuevodia.com\/negocios\/empresas-comercios\/notas\/ninguno-de-los-churchs-chicken-abrira-el-miercoles\/\" target=\"_self\" rel title=\"https:\/\/www.elnuevodia.com\/negocios\/empresas-comercios\/notas\/ninguno-de-los-churchs-chicken-abrira-el-miercoles\/\"><b>Ning\u00fan Church\u2019s Chicken abrir\u00e1 el mi\u00e9rcoles en Puerto Rico: conoce la raz\u00f3n<\/b><\/a><b> <\/b><\/h4>\n<\/p>\n<p>El 28 de mayo de 2025, los consumidores se encontraron con las 111 localidades de Church\u2019s Chicken cerradas en toda la isla. Tampoco operaron Pollo Tropical, Krispy Kreme, Papa Johns ni Baskin Robbins.<b> En total, 192 establecimientos del Grupo Larrea suspendieron operaciones durante ese d\u00eda.<\/b><\/p>\n<p>El cierre no respondi\u00f3 a una emergencia, sino a un evento corporativo planificado con m\u00e1s de un a\u00f1o de anticipaci\u00f3n. <b>M\u00e1s de 4,600 empleados fueron convocados al Centro de Convenciones de Miramar para participar en una jornada de confraternizaci\u00f3n bajo el lema \u201cCelebrando la alegr\u00eda de servir\u201d.<\/b><\/p>\n<div>\n<p><b>1 \/ 16 | <\/b><span> Grupo Larrea: el nombre detr\u00e1s de Church&#8217;s, Baskin Robbins y otras franquicias de comida r\u00e1pida en Puerto Rico. Grupo Larrea, que opera cinco franquicias de comida r\u00e1pida en Puerto Rico, cesar\u00e1 operaciones por un d\u00eda para celebrar y honrar a su fuerza trabajadora. Island Creamery Inc., tenedora exclusiva de la franquicia Baskin-Robbins en Puerto Rico, luego de la adquisici\u00f3n por parte del Grupo en 2016. <\/span><i> &#8211; Suministrada<\/i><\/p>\n<\/div>\n<p><h4><b>2. <\/b><a href=\"https:\/\/www.elnuevodia.com\/negocios\/economia\/notas\/aumentara-el-seguro-social-en-el-2026-conoce-cuanto-recibiras-de-mas-en-el-cheque\/\" target=\"_self\" rel title=\"https:\/\/www.elnuevodia.com\/negocios\/economia\/notas\/aumentara-el-seguro-social-en-el-2026-conoce-cuanto-recibiras-de-mas-en-el-cheque\/\"><b>Aumentar\u00e1 el Seguro Social en el 2026: conoce cu\u00e1nto recibir\u00e1s de m\u00e1s en el cheque<\/b><\/a><\/h4>\n<\/p>\n<p>El gobierno federal anunci\u00f3 que el ajuste por costo de vida del Seguro Social ser\u00eda de 2.8% para 2026. <b>Este aumento represent\u00f3 un incremento promedio de m\u00e1s de $56 mensuales para los jubilados.<\/b><\/p>\n<p>La medida impact\u00f3 a casi 71 millones de beneficiarios del Seguro Social a partir de enero, mientras que cerca de 7.5 millones de personas que reciben Ingreso Suplementario de Seguridad comenzaron a ver el aumento desde finales de diciembre de 2025.<\/p>\n<div>\n<figure><picture><source media=\"(max-width: 375px)\" ><source media=\"(max-width: 767px)\" ><source media=\"(max-width: 1023px)\" ><source ><img src=\"https:\/\/www.elnuevodia.com\/resizer\/v2\/DMZ5NK73P5DM3CNGQ7VCB5OB7Q.jpg?auth=de5f717ab60d207cf87d59cd9eae21566fad78c70420e352f3697b0e8dbac26c&#038;quality=75&#038;width=829&#038;smart=true\" alt=\"Un ejemplo de una tarjeta de Seguro Social. \" loading=\"lazy\" fetchpriority=\"low\" decoding=\"async\"><\/picture><figcaption>Un ejemplo de una tarjeta de Seguro Social.  (Jenny Kane)<\/figcaption><\/figure>\n<\/div>\n<p><h4><b>3. <\/b><a href=\"https:\/\/www.elnuevodia.com\/negocios\/empresas-comercios\/notas\/que-pasara-con-la-cadena-walgreens\/\" target=\"_self\" rel title=\"https:\/\/www.elnuevodia.com\/negocios\/empresas-comercios\/notas\/que-pasara-con-la-cadena-walgreens\/\"><b>Qu\u00e9 pasar\u00e1 con la cadena Walgreens<\/b><\/a><\/h4>\n<\/p>\n<p>Durante 2025, Walgreens protagoniz\u00f3 importantes movimientos corporativos. <b>Su empresa matriz, Walgreens Boots Alliance, fue vendida a la firma de capital privado Sycamore Partners por m\u00e1s de $22,000 millones.<\/b><\/p>\n<p>Adem\u00e1s, Walgreens of Puerto Rico Inc. vendi\u00f3 m\u00e1s de una decena de propiedades en la isla. El nuevo propietario anunci\u00f3 planes para dividir la empresa en cinco unidades de negocio independientes, en medio de una estrategia que incluy\u00f3 el cierre de miles de farmacias a nivel global.<\/p>\n<div>\n<figure><picture><source media=\"(max-width: 375px)\" ><source media=\"(max-width: 767px)\" ><source media=\"(max-width: 1023px)\" ><source ><img src=\"https:\/\/www.elnuevodia.com\/resizer\/v2\/PZDSQSVNXFAATEOYYACDX7NXIY.jpg?auth=0442c220a9801282f36d0d94087c64d31955d748a4b63e24f23b8f5ba439cdb7&#038;quality=75&#038;width=829&#038;smart=true\" alt=\"La cadena, que lleg\u00f3 a tener m\u00e1s de 100 tiendas en Puerto Rico, cerr\u00f3 a finales de 2024 la farmacia del Santa Rosa Mall en Bayam\u00f3n. \" loading=\"lazy\" fetchpriority=\"low\" decoding=\"async\"><\/picture><figcaption>La cadena, que lleg\u00f3 a tener m\u00e1s de 100 tiendas en Puerto Rico, cerr\u00f3 a finales de 2024 la farmacia del Santa Rosa Mall en Bayam\u00f3n.  (GJP)<\/figcaption><\/figure>\n<\/div>\n<p><h4><b>4. <\/b><a href=\"https:\/\/www.elnuevodia.com\/negocios\/empresas-comercios\/notas\/sears-no-es-la-unica-empresa-en-aprietos-otras-incluso-se-van-de-puerto-rico\/\" target=\"_self\" rel title=\"https:\/\/www.elnuevodia.com\/negocios\/empresas-comercios\/notas\/sears-no-es-la-unica-empresa-en-aprietos-otras-incluso-se-van-de-puerto-rico\/\"><b>Sears no es la \u00fanica empresa en aprietos; otras incluso se van de Puerto Rico<\/b><\/a><\/h4>\n<\/p>\n<p>El cierre de Sears en Plaza Las Am\u00e9ricas, la \u00faltima tienda de esta cadena que quedaba en la isla, fue solo uno de varios casos que reflejaron las dificultades de distintas empresas en Puerto Rico. Durante el a\u00f1o, franquicias de comida, cadenas extranjeras, comercios tecnol\u00f3gicos, escuelas privadas y manufactureras enfrentaron serios retos financieros y operacionales.<\/p>\n<p>Algunas compa\u00f1\u00edas optaron por reenfocar sus planes de crecimiento, mientras otras cerraron definitivamente. Entre ellas figur\u00f3 Mac Center, especializada en productos Apple, que cerr\u00f3 su tienda en The Mall of San Juan tras apenas un a\u00f1o de operaciones en la isla.<\/p>\n<div>\n<p><b>1 \/ 12 | <\/b><span> \u00a1Adi\u00f3s a Sears!: la \u00faltima tienda en Puerto Rico cierra sus puertas. Sears fue una de las anclas de Plaza Las Am\u00e9ricas desde 1979.<\/span><i> &#8211; Xavier Ara\u00fajo<\/i><\/p>\n<\/div>\n<p><h4><b>5. <\/b><a href=\"https:\/\/www.elnuevodia.com\/negocios\/banca-finanzas\/notas\/nueva-oportunidad-de-financiamiento-de-vivienda-para-jovenes\/\" target=\"_self\" rel title=\"https:\/\/www.elnuevodia.com\/negocios\/banca-finanzas\/notas\/nueva-oportunidad-de-financiamiento-de-vivienda-para-jovenes\/\"><b>Nueva oportunidad de financiamiento de vivienda para j\u00f3venes<\/b><\/a><\/h4>\n<\/p>\n<p>El gobierno anunci\u00f3 el programa \u201cVivienda Joven\u201d, dirigido a profesionales de entre 21 y 35 a\u00f1os graduados en los pasados cinco a\u00f1os. <\/p>\n<p>La iniciativa busc\u00f3 facilitar la compra de la primera residencia en Puerto Rico. Administrado por la Autoridad para el Financiamiento de la Vivienda (AFV), el programa se integr\u00f3 al Seguro Hipotecario de la AFV y estuvo disponible desde junio, con el objetivo de atender una de las principales barreras para la poblaci\u00f3n joven.<\/p>\n<div>\n<figure><picture><source media=\"(max-width: 375px)\" ><source media=\"(max-width: 767px)\" ><source media=\"(max-width: 1023px)\" ><source ><img src=\"https:\/\/www.elnuevodia.com\/resizer\/v2\/367W3NFXDREMTJKBNTYKSLSXNU.jpg?auth=59464c2e82771fbb0b45ce63eecf7fd81f9b3b35e308f5789944b926672eeed4&#038;quality=75&#038;width=829&#038;smart=true\" alt=\"El programa fue uno de varios de los que anunci\u00f3 el gobierno para ayudar a la ciudadan\u00ed. \" loading=\"lazy\" fetchpriority=\"low\" decoding=\"async\"><\/picture><figcaption>El programa fue uno de varios de los que anunci\u00f3 el gobierno para ayudar a la ciudadan\u00ed.  (Shutterstock)<\/figcaption><\/figure>\n<\/div>\n<p><h4><b>6. <\/b><a href=\"https:\/\/www.elnuevodia.com\/negocios\/empresas-comercios\/notas\/mas-de-una-decena-de-tiendas-abriran-en-puerto-rico-en-los-proximos-meses\/\" target=\"_self\" rel title=\"https:\/\/www.elnuevodia.com\/negocios\/empresas-comercios\/notas\/mas-de-una-decena-de-tiendas-abriran-en-puerto-rico-en-los-proximos-meses\/\"><b>M\u00e1s de una decena de tiendas abrir\u00e1n en Puerto Rico en los pr\u00f3ximos meses<\/b><\/a><\/h4>\n<\/p>\n<p>Durante 2025, los centros comerciales de Puerto Rico recibieron nuevos inquilinos y se prepararon para una expansi\u00f3n a\u00fan mayor en los siguientes meses. M\u00e1s de una decena de tiendas anunciaron aperturas en distintos puntos del pa\u00eds.<\/p>\n<p><b>Entre las marcas figuraron empresas que llegaron por primera vez a la isla y otras que ampliaron su presencia, incluyendo Ross, Sephora, Tag Heuer y Little Switzerland, dinamizando el empleo y el consumo.<\/b><\/p>\n<div>\n<p><b>1 \/ 16 | <\/b><span> Furor por la apertura de Ross en Puerto Rico. Una f\u00e9mina posa junto a las bolsas de compra, tras salir de la tienda Ross de C\u00e9ntrico en Guayama.<\/span><i> &#8211; Suministrada<\/i><\/p>\n<\/div>\n<p><h4><b>7. <\/b><a href=\"https:\/\/www.elnuevodia.com\/negocios\/empresas-comercios\/notas\/cierran-todos-los-restaurantes-corporativos-de-arbys-en-puerto-rico\/\" target=\"_self\" rel title=\"https:\/\/www.elnuevodia.com\/negocios\/empresas-comercios\/notas\/cierran-todos-los-restaurantes-corporativos-de-arbys-en-puerto-rico\/\"><b>Cierran todos los restaurantes corporativos de Arby\u2019s en Puerto Rico<\/b><\/a><\/h4>\n<\/p>\n<p>Aunque uno de sus restaurantes reabri\u00f3 tras un cierre temporal, Arby\u2019s ces\u00f3 operaciones en sus locales corporativos restantes en la isla durante 2025. La cadena hab\u00eda regresado a Puerto Rico en 2021 con planes ambiciosos de expansi\u00f3n.<\/p>\n<p>La salida marc\u00f3 otro ejemplo de los retos que enfrentan las franquicias de comida r\u00e1pida en un mercado altamente competitivo y con costos operacionales elevados.<\/p>\n<div>\n<figure><picture><source media=\"(max-width: 375px)\" ><source media=\"(max-width: 767px)\" ><source media=\"(max-width: 1023px)\" ><source ><img src=\"https:\/\/www.elnuevodia.com\/resizer\/v2\/MG7CDS7RFZEVJGGF6AHIG4I4GQ.jpg?auth=1abaa405f928c097178f28eae7d34c7d0ba464dd573c8703d779e2321456e54a&#038;quality=75&#038;width=829&#038;smart=true\" alt=\"El restaurante Arby's en Plaza Escorial. \" loading=\"lazy\" fetchpriority=\"low\" decoding=\"async\"><\/picture><figcaption>El restaurante Arby&#8217;s en Plaza Escorial.  (Suministrada)<\/figcaption><\/figure>\n<\/div>\n<p><h4><b>8. <\/b><a href=\"https:\/\/www.elnuevodia.com\/negocios\/empresas-comercios\/notas\/se-consuma-la-venta-de-suiza-dairy\/\" target=\"_self\" rel title=\"https:\/\/www.elnuevodia.com\/negocios\/empresas-comercios\/notas\/se-consuma-la-venta-de-suiza-dairy\/\"><b>Se consuma la venta de Suiza Dairy<\/b><\/a><\/h4>\n<\/p>\n<p>Tras meses de incertidumbre, el conglomerado peruano Grupo Gloria concret\u00f3 la venta de la planta de Suiza Dairy en Aguadilla y su portafolio de productos.<\/p>\n<p><b>La empresa local Suiza Caribe, afiliada de CC1 Companies, adquiri\u00f3 la operaci\u00f3n.<\/b> La transacci\u00f3n garantiz\u00f3 la continuidad de la ic\u00f3nica marca fundada en 1942 y represent\u00f3 un alivio para el sector ganadero. <\/p>\n<div>\n<p><b>1 \/ 16 | <\/b><span> Suiza Dairy: de la cima a la inc\u00f3gnita. Establecida en 1942, Suiza Dairy fue una de las elaboradoras de leche fresca m\u00e1s importantes de Puerto Rico. Para la d\u00e9cada de 1990 se convirti\u00f3 en l\u00edder del mercado, a medida que otras procesadoras cerraron sus puertas.<\/span><i> &#8211; Jorge A Ramirez Portela<\/i><\/p>\n<\/div>\n<p><h4><b>9. <\/b><a href=\"https:\/\/www.elnuevodia.com\/negocios\/consumo\/notas\/hay-dos-nuevos-millonarios-estos-fueron-los-lugares-donde-se-vendieron-los-boletos-ganadores-del-powerball\/\" target=\"_self\" rel title=\"https:\/\/www.elnuevodia.com\/negocios\/consumo\/notas\/hay-dos-nuevos-millonarios-estos-fueron-los-lugares-donde-se-vendieron-los-boletos-ganadores-del-powerball\/\"><b>Hay dos nuevos millonarios: estos fueron los lugares donde se vendieron los boletos ganadores del Powerball<\/b><\/a><\/h4>\n<\/p>\n<p>Dos boletos vendidos en Missouri y Texas ganaron el premio mayor de $1,787 millones en el sorteo de Powerball de septiembre.<\/p>\n<p><b>En Puerto Rico, varios jugadores tambi\u00e9n resultaron ganadores, incluyendo cinco premios de $100,000 y uno de $50,000, lo que convirti\u00f3 el sorteo en uno de los m\u00e1s comentados del a\u00f1o.<\/b><\/p>\n<div>\n<p><b>1 \/ 6 | <\/b><span> \u00bfQu\u00e9 otros premios puedo ganar en Powerball adem\u00e1s del &#8220;jackpot&#8221;?. Aunque todos anhelan el premio mayor, los que juegan el Powerball tienen la posibilidad de ganar premios secundarios, como ocurri\u00f3 el pasado mi\u00e9rcoles, 2 de noviembre, cuando al menos tres premios secundarios cayeron en jugadas de Puerto Rico; uno de $100,000 y dos de $50,000.<\/span><i> &#8211; Archivo<\/i><\/p>\n<\/div>\n<p><h4><b>10. <\/b><a href=\"https:\/\/www.elnuevodia.com\/negocios\/empresas-comercios\/notas\/la-cadena-ross-recluta-empleados-para-sus-primeras-tiendas-en-puerto-rico\/\" target=\"_self\" rel title=\"https:\/\/www.elnuevodia.com\/negocios\/empresas-comercios\/notas\/la-cadena-ross-recluta-empleados-para-sus-primeras-tiendas-en-puerto-rico\/\"><b>La cadena Ross recluta empleados para sus primeras tiendas en Puerto Rico<\/b><\/a><\/h4>\n<\/p>\n<p>La cadena Ross inici\u00f3 el proceso de contrataci\u00f3n de personal gerencial para sus primeras tiendas en la isla. <\/p>\n<p><b>Las ubicaciones incluyeron centros comerciales en Guayama, Caguas y Carolina. <\/b><\/p>\n<p>La empresa busc\u00f3 llenar puestos clave como supervisores, subgerentes y especialistas en protecci\u00f3n, marcando el inicio formal de su operaci\u00f3n. <\/p>\n<div>\n<figure><picture><source media=\"(max-width: 375px)\" ><source media=\"(max-width: 767px)\" ><source media=\"(max-width: 1023px)\" ><source ><img src=\"https:\/\/www.elnuevodia.com\/resizer\/v2\/Z6JOCQBLQBBSBITYP5DZQG5J64.JPG?auth=4f0581d340928a423d07f9304a158df391df9603abdac14094bc20e47f158147&#038;quality=75&#038;width=829&#038;smart=true\" alt=\"La tienda Ross en Los Colobos. \" loading=\"lazy\" fetchpriority=\"low\" decoding=\"async\"><\/picture><figcaption>La tienda Ross en Los Colobos.  (Pablo Mart\u00ednez Rodr\u00edguez)<\/figcaption><\/figure>\n<\/div>\n<p><h4><b>11. <\/b><a href=\"https:\/\/www.elnuevodia.com\/negocios\/empresas-comercios\/notas\/lista-la-cadena-ross-para-abrir-en-puerto-rico\/\" target=\"_self\" rel title=\"https:\/\/www.elnuevodia.com\/negocios\/empresas-comercios\/notas\/lista-la-cadena-ross-para-abrir-en-puerto-rico\/\"><b>Lista la cadena Ross para abrir en Puerto Rico<\/b><\/a><\/h4>\n<\/p>\n<p>Luego de dos a\u00f1os de preparaci\u00f3n, Ross Dress for Less anunci\u00f3 que estaba lista para abrir sus primeras tiendas en Puerto Rico. <\/p>\n<p>Ejecutivos de la cadena confirmaron que la expansi\u00f3n forma parte de un plan estrat\u00e9gico a largo plazo, con miras a continuar abriendo establecimientos en los a\u00f1os siguientes.<\/p>\n<p><h4><b>12. <\/b><a href=\"https:\/\/www.elnuevodia.com\/negocios\/empresas-comercios\/notas\/hacia-tiempo-yo-tenia-un-sueno-de-cerrar-los-restaurantes-y-poder-celebrar-con-todos-ustedes-grupo-larrea-se-compromete-a-crear-oportunidades-para-su-recurso-humano\/\" target=\"_self\" rel title=\"https:\/\/www.elnuevodia.com\/negocios\/empresas-comercios\/notas\/hacia-tiempo-yo-tenia-un-sueno-de-cerrar-los-restaurantes-y-poder-celebrar-con-todos-ustedes-grupo-larrea-se-compromete-a-crear-oportunidades-para-su-recurso-humano\/\"><b>Grupo Larrea se compromete a crear oportunidades para su recurso humano<\/b><\/a><\/h4>\n<\/p>\n<p>M\u00e1s de 4,200 empleados del Grupo Larrea participaron por primera vez en un evento masivo de confraternizaci\u00f3n en el Centro de Convenciones.<\/p>\n<p>El presidente del grupo destac\u00f3 la importancia del recurso humano y reafirm\u00f3 su compromiso de crear oportunidades laborales, en una jornada que cerr\u00f3 simb\u00f3licamente uno de los momentos m\u00e1s comentados del a\u00f1o empresarial.<\/p>\n<div>\n<p><b>1 \/ 18 | <\/b><span> As\u00ed gozaron los empleados del Grupo Larrea tras cierre de restaurantes por un d\u00eda. El evento, denominado &#8220;Alegr\u00eda de servir&#8221; cont\u00f3 con la participaci\u00f3n de una batucada, entre otras atracciones.  <\/span><i> &#8211; SUMINISTRADAS<\/i><\/p>\n<\/div>\n<\/div>\n\n    <div class=\"xs_social_share_widget xs_share_url after_content \t\tmain_content  wslu-style-1 wslu-share-box-shaped wslu-fill-colored wslu-none wslu-share-horizontal wslu-theme-font-no wslu-main_content\">\n\n\t\t\n        <ul>\n\t\t\t        <\/ul>\n    <\/div> \n","protected":false},"excerpt":{"rendered":"<p>A trav\u00e9s de 2025, el sector econ\u00f3mico de Puerto Rico estuvo marcado por movimientos que impactaron directamente a consumidores, trabajadores y empresas. Cierres inesperados de comercios, reestructuraciones corporativas, ventas millonarias, nuevos programas de apoyo financiero y la llegada de cadenas internacionales reflejaron un a\u00f1o de ajustes y oportunidades en un mercado en constante transformaci\u00f3n. Estas<\/p>\n","protected":false},"author":2,"featured_media":0,"comment_status":"open","ping_status":"open","sticky":false,"template":"","format":"standard","meta":{"om_disable_all_campaigns":false,"_monsterinsights_skip_tracking":false,"_monsterinsights_sitenote_active":false,"_monsterinsights_sitenote_note":"","_monsterinsights_sitenote_category":0,"footnotes":""},"categories":[5],"tags":[],"class_list":["post-17313","post","type-post","status-publish","format-standard","hentry","category-negocios"],"aioseo_notices":[],"_links":{"self":[{"href":"https:\/\/aleeknews.com\/4l33k5\/wp-json\/wp\/v2\/posts\/17313","targetHints":{"allow":["GET"]}}],"collection":[{"href":"https:\/\/aleeknews.com\/4l33k5\/wp-json\/wp\/v2\/posts"}],"about":[{"href":"https:\/\/aleeknews.com\/4l33k5\/wp-json\/wp\/v2\/types\/post"}],"author":[{"embeddable":true,"href":"https:\/\/aleeknews.com\/4l33k5\/wp-json\/wp\/v2\/users\/2"}],"replies":[{"embeddable":true,"href":"https:\/\/aleeknews.com\/4l33k5\/wp-json\/wp\/v2\/comments?post=17313"}],"version-history":[{"count":0,"href":"https:\/\/aleeknews.com\/4l33k5\/wp-json\/wp\/v2\/posts\/17313\/revisions"}],"wp:attachment":[{"href":"https:\/\/aleeknews.com\/4l33k5\/wp-json\/wp\/v2\/media?parent=17313"}],"wp:term":[{"taxonomy":"category","embeddable":true,"href":"https:\/\/aleeknews.com\/4l33k5\/wp-json\/wp\/v2\/categories?post=17313"},{"taxonomy":"post_tag","embeddable":true,"href":"https:\/\/aleeknews.com\/4l33k5\/wp-json\/wp\/v2\/tags?post=17313"}],"curies":[{"name":"wp","href":"https:\/\/api.w.org\/{rel}","templated":true}]}}